{"id":7779,"date":"2020-11-26T23:16:57","date_gmt":"2020-11-27T03:16:57","guid":{"rendered":"https:\/\/ciudadliberal.cl\/?p=7779"},"modified":"2020-11-26T23:16:59","modified_gmt":"2020-11-27T03:16:59","slug":"trump-dice-que-dejara-el-cargo-si-se-confirma-la-victoria-de-biden","status":"publish","type":"post","link":"https:\/\/ciudadliberal.cl\/?p=7779","title":{"rendered":"Trump dice que dejar\u00e1 el cargo si se confirma la victoria de Biden"},"content":{"rendered":"\n<p>El presidente Donald Trump dijo el jueves (26.11.2020) que dejar\u00e1 la Casa Blanca si Joe Biden es confirmado oficialmente ganador de las de las elecciones estadounidenses, pero reiter\u00f3 que podr\u00eda no admitir la derrota.<\/p>\n\n\n\n<p>Trump emprendi\u00f3 un esfuerzo pol\u00edtico y judicial sin precedentes para cuestionar los resultados de las elecciones y despleg\u00f3 varias acciones legales carentes de sustento que fueron derribadas por tribunales de todo el pa\u00eds.<\/p>\n\n\n\n<p>En un encuentro con periodistas, el primero desde las elecciones en el que respondi\u00f3 preguntas, el presidente estuvo cerca de admitir que solo cumplir\u00eda su primer mandato hasta que lo reemplace Biden el 20 de enero.<\/p>\n\n\n\n<p>Preguntado sobre si dejar\u00eda la Casa Blanca en caso de que el Colegio Electoral confirme la victoria de Biden, respondi\u00f3: \u00abCiertamente lo har\u00e9. Y t\u00fa lo sabes\u00bb.<\/p>\n\n\n\n<p>Sin embargo, \u00absi lo hacen, cometer\u00edan un error\u00bb, dijo Trump y agreg\u00f3: \u00abVa a ser muy dif\u00edcil conceder\u00bb la victoria de Biden.<\/p>\n\n\n\n<p>\u00abFue un fraude masivo\u00bb, insisti\u00f3 el presidente sobre las elecciones del 3 de noviembre pero, nuevamente, sin aportar pruebas.<\/p>\n\n\n\n<p>Trump describi\u00f3 la infraestructura electoral de Estados \u00abcomo la de un pa\u00eds del tercer mundo\u00bb.<\/p>\n\n\n\n<p>Biden dijo el mi\u00e9rcoles que los estadounidenses \u00abno respaldar\u00e1n\u00bb ning\u00fan intento por desconocer el veredicto de las urnas.<\/p>\n\n\n\n<p><\/p>\n\n\n\n<p>V\u00eda: <a href=\"https:\/\/www.dw.com\/es\/trump-dice-que-dejar%C3%A1-el-cargo-si-se-confirma-la-victoria-de-biden\/a-55743275\">DW<\/a><\/p>\n","protected":false},"excerpt":{"rendered":"<p>El presidente Donald Trump dijo el jueves (26.11.2020) que dejar\u00e1 la Casa Blanca si Joe Biden es confirmado oficialmente ganador de las de las elecciones estadounidenses, pero reiter\u00f3 que podr\u00eda no admitir la derrota. Trump emprendi\u00f3 un esfuerzo pol\u00edtico y judicial sin precedentes para cuestionar los resultados de las elecciones y despleg\u00f3 varias acciones legales [&hellip;]<\/p>\n","protected":false},"author":1,"featured_media":7780,"comment_status":"closed","ping_status":"closed","sticky":false,"template":"","format":"standard","meta":{"footnotes":""},"categories":[14,2],"tags":[],"class_list":["post-7779","post","type-post","status-publish","format-standard","has-post-thumbnail","hentry","category-entertainment","category-portada"],"_links":{"self":[{"href":"https:\/\/ciudadliberal.cl\/index.php?rest_route=\/wp\/v2\/posts\/7779","targetHints":{"allow":["GET"]}}],"collection":[{"href":"https:\/\/ciudadliberal.cl\/index.php?rest_route=\/wp\/v2\/posts"}],"about":[{"href":"https:\/\/ciudadliberal.cl\/index.php?rest_route=\/wp\/v2\/types\/post"}],"author":[{"embeddable":true,"href":"https:\/\/ciudadliberal.cl\/index.php?rest_route=\/wp\/v2\/users\/1"}],"replies":[{"embeddable":true,"href":"https:\/\/ciudadliberal.cl\/index.php?rest_route=%2Fwp%2Fv2%2Fcomments&post=7779"}],"version-history":[{"count":1,"href":"https:\/\/ciudadliberal.cl\/index.php?rest_route=\/wp\/v2\/posts\/7779\/revisions"}],"predecessor-version":[{"id":7781,"href":"https:\/\/ciudadliberal.cl\/index.php?rest_route=\/wp\/v2\/posts\/7779\/revisions\/7781"}],"wp:featuredmedia":[{"embeddable":true,"href":"https:\/\/ciudadliberal.cl\/index.php?rest_route=\/wp\/v2\/media\/7780"}],"wp:attachment":[{"href":"https:\/\/ciudadliberal.cl\/index.php?rest_route=%2Fwp%2Fv2%2Fmedia&parent=7779"}],"wp:term":[{"taxonomy":"category","embeddable":true,"href":"https:\/\/ciudadliberal.cl\/index.php?rest_route=%2Fwp%2Fv2%2Fcategories&post=7779"},{"taxonomy":"post_tag","embeddable":true,"href":"https:\/\/ciudadliberal.cl\/index.php?rest_route=%2Fwp%2Fv2%2Ftags&post=7779"}],"curies":[{"name":"wp","href":"https:\/\/api.w.org\/{rel}","templated":true}]}}