{"id":7773,"date":"2020-11-24T22:55:28","date_gmt":"2020-11-25T02:55:28","guid":{"rendered":"https:\/\/ciudadliberal.cl\/?p=7773"},"modified":"2020-11-24T22:55:31","modified_gmt":"2020-11-25T02:55:31","slug":"biden-estados-unidos-esta-de-vuelta","status":"publish","type":"post","link":"https:\/\/ciudadliberal.cl\/?p=7773","title":{"rendered":"Biden: \u00abEstados Unidos est\u00e1 de vuelta\u00bb"},"content":{"rendered":"\n<p>El presidente electo de EE.UU., Joe Biden, present\u00f3 en Wilmington, Delaware, a su equipo de seguridad nacional y de exteriores, y asegur\u00f3 estar \u00ablisto para liderar el mundo\u00bb. La transici\u00f3n est\u00e1 en marcha.<\/p>\n\n\n\n<p>El presidente electo de EE.UU., Joe Biden, asegur\u00f3 este martes (24.11.2020) que \u00abEstados Unidos est\u00e1 de vuelta\u00bb, al confirmar la nominaci\u00f3n de figuras claves de su equipo de trabajo que, asegur\u00f3, est\u00e1 \u00ablisto para liderar el mundo\u00bb. Biden, inst\u00f3&nbsp;a comenzar a trabajar para sanar las heridas de la polarizaci\u00f3n en su pa\u00eds y en el resto del mundo.<\/p>\n\n\n\n<p>\u00abComencemos este trabajo para sanar y unir a Estados Unidos, as\u00ed como al mundo\u00bb, dijo Biden durante la presentaci\u00f3n del equipo de seguridad nacional y de exteriores de su futuro gabinete.<\/p>\n\n\n\n<p>Al respecto, el futuro jefe de la diplomacia de Estados Unidos, Antony Blinken, prometi\u00f3 este martes que cuando asuma su cargo va a buscar la cooperaci\u00f3n internacional, ya que su pa\u00eds no puede resolver por si mismo los problemas globales.<\/p>\n\n\n\n<p>\u00abComo dijo el presidente electo, no podemos resolver los problemas del mundo solos. Necesitamos trabajar con otros pa\u00edses, necesitamos su cooperaci\u00f3n. Necesitamos asociaciones\u00bb, afirm\u00f3 Blinken.<\/p>\n\n\n\n<p>De igual forma, Biden se mostr\u00f3 este martes \u00aborgulloso\u00bb de su elecci\u00f3n del cubano-estadounidense Alejandro Mayorkas como secretario de Seguridad Nacional (DHS, por sus siglas en ingl\u00e9s) de su futuro Gobierno.<\/p>\n\n\n\n<p>\u00abMientras que el DHS afecta a todo el mundo, dado su papel crucial en asuntos de inmigraci\u00f3n, estoy orgulloso de que por primera vez el Departamento recaiga en un inmigrante, un latino, que sabe que somos una naci\u00f3n de leyes y valores\u00bb, dijo Biden.<\/p>\n\n\n\n<p>Por su parte, Alejandro Mayorkas, record\u00f3 su pasado de inmigraci\u00f3n y la huida con su familia del \u00abcomunismo\u00bb en Cuba, durante el acto de presentaci\u00f3n del equipo de seguridad nacional y de exteriores del dem\u00f3crata.<\/p>\n\n\n\n<p>\u00abLas palabras &#8216;en nombre de los Estados Unidos de Am\u00e9rica&#8217; significan todo para m\u00ed y para mis padres (&#8230;) Mi padre y mi madre me trajeron a este pa\u00eds escapando del comunismo. Valoran nuestra democracia, y estamos intensamente orgullosos de convertirnos ciudadanos de EE.UU.\u00bb, dijo Mayorkas, el primer latino que estar\u00e1 al frente del DHS, encargado de las pol\u00edticas migratorias.<\/p>\n\n\n\n<p>El presidente electo de Estados Unidos&nbsp;dijo tambi\u00e9n&nbsp;que su decisi\u00f3n de nombrar a John Kerry como delegado especial para el cambio clim\u00e1tico es una muestra su determinaci\u00f3n a la hora de luchar contra el calentamiento global.<\/p>\n\n\n\n<p>\u00abNo subestimo ni por un minuto las dificultades a la hora de cumplir con mis audaces compromisos en la lucha contra el cambio clim\u00e1tico. Pero al mismo tiempo, nadie deber\u00eda subestimar, ni por un minuto, mi determinaci\u00f3n\u00bb, afirm\u00f3 Biden en un acto para presentar a los miembros de su gabinete que componen la c\u00fapula de la diplomacia y la seguridad nacional.<\/p>\n\n\n\n<p>Durante su alocuci\u00f3n, John Kerry pidi\u00f3 ser m\u00e1s ambiciosos sobre el clima y afirma que el acuerdo de Par\u00eds \u00abno es suficiente\u00bb.<\/p>\n\n\n\n<p>Por su parte, la elegida por Biden para ser la pr\u00f3xima embajadora frente a la ONU, Linda Thomas-Greenfiled,&nbsp;dijo que su pa\u00eds regresar\u00e1 a un multilateralismo tradicional, revirtiendo la postura de \u00abEstados Unidos primero\u00bb de la administraci\u00f3n de Donald Trump.<\/p>\n\n\n\n<p>\u00abQuiero decirles: Estados Unidos est\u00e1 de vuelta. El multilateralismo est\u00e1 de vuelta. La democracia est\u00e1 de vuelta\u00bb, dijo Greenfield, una veterana de la diplom\u00e1tica estadounidense.<\/p>\n\n\n\n<p>Finalmente, la vicepresidenta\u00a0electa\u00a0Kamala Harris a\u00f1adi\u00f3, \u00abNecesitamos reagrupar y renovar las alianzas de Estados Unidos, reconstruir y fortalecer las instituciones de seguridad nacional y de pol\u00edtica exterior que mantienen, protegen, y promueven los intereses de nuestra naci\u00f3n, y confrontan y combaten la amenaza del cambio clim\u00e1tico que nos pone en peligro a todos\u00bb, concluy\u00f3 Harris.<\/p>\n\n\n\n<p><\/p>\n\n\n\n<p>V\u00eda: <a href=\"https:\/\/www.dw.com\/es\/biden-estados-unidos-est%C3%A1-de-vuelta\/a-55715836\">DW<\/a><\/p>\n","protected":false},"excerpt":{"rendered":"<p>El presidente electo de EE.UU., Joe Biden, present\u00f3 en Wilmington, Delaware, a su equipo de seguridad nacional y de exteriores, y asegur\u00f3 estar \u00ablisto para liderar el mundo\u00bb. La transici\u00f3n est\u00e1 en marcha. El presidente electo de EE.UU., Joe Biden, asegur\u00f3 este martes (24.11.2020) que \u00abEstados Unidos est\u00e1 de vuelta\u00bb, al confirmar la nominaci\u00f3n de [&hellip;]<\/p>\n","protected":false},"author":1,"featured_media":7774,"comment_status":"closed","ping_status":"closed","sticky":false,"template":"","format":"standard","meta":{"footnotes":""},"categories":[14,2],"tags":[],"class_list":["post-7773","post","type-post","status-publish","format-standard","has-post-thumbnail","hentry","category-entertainment","category-portada"],"_links":{"self":[{"href":"https:\/\/ciudadliberal.cl\/index.php?rest_route=\/wp\/v2\/posts\/7773","targetHints":{"allow":["GET"]}}],"collection":[{"href":"https:\/\/ciudadliberal.cl\/index.php?rest_route=\/wp\/v2\/posts"}],"about":[{"href":"https:\/\/ciudadliberal.cl\/index.php?rest_route=\/wp\/v2\/types\/post"}],"author":[{"embeddable":true,"href":"https:\/\/ciudadliberal.cl\/index.php?rest_route=\/wp\/v2\/users\/1"}],"replies":[{"embeddable":true,"href":"https:\/\/ciudadliberal.cl\/index.php?rest_route=%2Fwp%2Fv2%2Fcomments&post=7773"}],"version-history":[{"count":1,"href":"https:\/\/ciudadliberal.cl\/index.php?rest_route=\/wp\/v2\/posts\/7773\/revisions"}],"predecessor-version":[{"id":7775,"href":"https:\/\/ciudadliberal.cl\/index.php?rest_route=\/wp\/v2\/posts\/7773\/revisions\/7775"}],"wp:featuredmedia":[{"embeddable":true,"href":"https:\/\/ciudadliberal.cl\/index.php?rest_route=\/wp\/v2\/media\/7774"}],"wp:attachment":[{"href":"https:\/\/ciudadliberal.cl\/index.php?rest_route=%2Fwp%2Fv2%2Fmedia&parent=7773"}],"wp:term":[{"taxonomy":"category","embeddable":true,"href":"https:\/\/ciudadliberal.cl\/index.php?rest_route=%2Fwp%2Fv2%2Fcategories&post=7773"},{"taxonomy":"post_tag","embeddable":true,"href":"https:\/\/ciudadliberal.cl\/index.php?rest_route=%2Fwp%2Fv2%2Ftags&post=7773"}],"curies":[{"name":"wp","href":"https:\/\/api.w.org\/{rel}","templated":true}]}}