{"id":7769,"date":"2020-11-23T19:50:06","date_gmt":"2020-11-23T23:50:06","guid":{"rendered":"https:\/\/ciudadliberal.cl\/?p=7769"},"modified":"2020-11-23T19:50:08","modified_gmt":"2020-11-23T23:50:08","slug":"gran-bretana-y-canada-cierran-un-acuerdo-comercial-posbrexit","status":"publish","type":"post","link":"https:\/\/ciudadliberal.cl\/?p=7769","title":{"rendered":"Gran Breta\u00f1a y Canad\u00e1 cierran un acuerdo comercial posBrexit"},"content":{"rendered":"\n<p>El Reino Unido y Canad\u00e1 cerraron el s\u00e1bado (21.11.2020) un acuerdo comercial posBrexit provisional que mantendr\u00e1, a partir del 1 de enero de 2021, la misma relaci\u00f3n bilateral que ten\u00edan mientras Londres se beneficiaba de ser miembro de la UE, indic\u00f3 el ministerio de Comercio internacional brit\u00e1nico.<\/p>\n\n\n\n<p>\u00abDurante una videollamada hoy (s\u00e1bado), el primer ministro Boris Johnson y el primer ministro canadiense Justin Trudeau, junto a la ministra de Comercio internacional Liz Truss y su hom\u00f3logo canadiense Mary Ng, pactaron un &#8216;acuerdo de principio&#8217; que prolonga el acuerdo comercial actual entre la UE y Canad\u00e1\u00bb, indic\u00f3 el ministerio brit\u00e1nico.<\/p>\n\n\n\n<p>\u00abEl acuerdo reafirma el intercambio comercial de un valor de 20.000 millones de libras (26.000 millones de d\u00f3lares) y garantiza la seguridad de miles de empleos\u00bb, asegur\u00f3 la ministra Liz Truss, que record\u00f3 los lazos hist\u00f3ricos y culturales entre el Reino Unido y sus \u00abamigos y aliados de Canad\u00e1\u00bb.<\/p>\n\n\n\n<p>\u00abEs un acuerdo fant\u00e1stico para el Reino Unido, que garantiza el comercio transatl\u00e1ntico con uno de nuestros aliados m\u00e1s cercanos\u00bb, dijo por su parte Boris Johnson, quien dijo esperar que ello \u00abrefuerce\u00bb las exportaciones brit\u00e1nicas hacia Canad\u00e1.<\/p>\n\n\n\n<p>Del lado canadiense, el gobierno se congratul\u00f3 por el mantenimiento de \u00abun acceso preferencial al mercado brit\u00e1nico\u00bb, que es el m\u00e1s importante para ese pa\u00eds en Europa.<\/p>\n\n\n\n<h2 class=\"wp-block-heading\">Futuras negociaciones<\/h2>\n\n\n\n<p>El texto, no firmado a\u00fan oficialmente, ser\u00e1 sin embargo provisional, ya que ambas partes prev\u00e9n negociaciones el a\u00f1o que viene para \u00abconcluir un nuevo acuerdo m\u00e1s ambicioso\u00bb, indic\u00f3 la ministra brit\u00e1nica.<\/p>\n\n\n\n<p>Por lo pronto, las empresas brit\u00e1nicas escapan con este acuerdo provisional a unos aranceles de entrada en el mercado canadiense que hubieran significado 42 millones de libras (55 millones de d\u00f3lares), seg\u00fan el ministerio de Comercio Internacional.<\/p>\n\n\n\n<p>El Reino Unido y la Uni\u00f3n Europea siguen atascados en su negociaci\u00f3n posbrexit. Un acuerdo entre ambas partes debe ser sellado y ratificado antes del 31 de diciembre.<\/p>\n\n\n\n<p><\/p>\n\n\n\n<p>V\u00eda: <a href=\"https:\/\/www.dw.com\/es\/gran-breta%C3%B1a-y-canad%C3%A1-cierran-un-acuerdo-comercial-posbrexit\/a-55689248\">DW<\/a><\/p>\n","protected":false},"excerpt":{"rendered":"<p>El Reino Unido y Canad\u00e1 cerraron el s\u00e1bado (21.11.2020) un acuerdo comercial posBrexit provisional que mantendr\u00e1, a partir del 1 de enero de 2021, la misma relaci\u00f3n bilateral que ten\u00edan mientras Londres se beneficiaba de ser miembro de la UE, indic\u00f3 el ministerio de Comercio internacional brit\u00e1nico. \u00abDurante una videollamada hoy (s\u00e1bado), el primer ministro [&hellip;]<\/p>\n","protected":false},"author":1,"featured_media":7770,"comment_status":"closed","ping_status":"closed","sticky":false,"template":"","format":"standard","meta":{"footnotes":""},"categories":[14,2],"tags":[],"class_list":["post-7769","post","type-post","status-publish","format-standard","has-post-thumbnail","hentry","category-entertainment","category-portada"],"_links":{"self":[{"href":"https:\/\/ciudadliberal.cl\/index.php?rest_route=\/wp\/v2\/posts\/7769","targetHints":{"allow":["GET"]}}],"collection":[{"href":"https:\/\/ciudadliberal.cl\/index.php?rest_route=\/wp\/v2\/posts"}],"about":[{"href":"https:\/\/ciudadliberal.cl\/index.php?rest_route=\/wp\/v2\/types\/post"}],"author":[{"embeddable":true,"href":"https:\/\/ciudadliberal.cl\/index.php?rest_route=\/wp\/v2\/users\/1"}],"replies":[{"embeddable":true,"href":"https:\/\/ciudadliberal.cl\/index.php?rest_route=%2Fwp%2Fv2%2Fcomments&post=7769"}],"version-history":[{"count":1,"href":"https:\/\/ciudadliberal.cl\/index.php?rest_route=\/wp\/v2\/posts\/7769\/revisions"}],"predecessor-version":[{"id":7771,"href":"https:\/\/ciudadliberal.cl\/index.php?rest_route=\/wp\/v2\/posts\/7769\/revisions\/7771"}],"wp:featuredmedia":[{"embeddable":true,"href":"https:\/\/ciudadliberal.cl\/index.php?rest_route=\/wp\/v2\/media\/7770"}],"wp:attachment":[{"href":"https:\/\/ciudadliberal.cl\/index.php?rest_route=%2Fwp%2Fv2%2Fmedia&parent=7769"}],"wp:term":[{"taxonomy":"category","embeddable":true,"href":"https:\/\/ciudadliberal.cl\/index.php?rest_route=%2Fwp%2Fv2%2Fcategories&post=7769"},{"taxonomy":"post_tag","embeddable":true,"href":"https:\/\/ciudadliberal.cl\/index.php?rest_route=%2Fwp%2Fv2%2Ftags&post=7769"}],"curies":[{"name":"wp","href":"https:\/\/api.w.org\/{rel}","templated":true}]}}