{"id":7765,"date":"2020-11-21T17:59:44","date_gmt":"2020-11-21T21:59:44","guid":{"rendered":"https:\/\/ciudadliberal.cl\/?p=7765"},"modified":"2020-11-21T17:59:45","modified_gmt":"2020-11-21T21:59:45","slug":"valores-republicanos-el-ultimatum-de-macron-a-los-lideres-musulmanes-de-francia","status":"publish","type":"post","link":"https:\/\/ciudadliberal.cl\/?p=7765","title":{"rendered":"\u00abValores republicanos\u00bb: el ultim\u00e1tum de Macron a los l\u00edderes musulmanes de Francia"},"content":{"rendered":"\n<p><strong>El presidente franc\u00e9s, Emmanuel Macron, ha pedido a los l\u00edderes musulmanes que acepten una \u00abcarta de valores republicanos\u00bb como parte de una amplia ofensiva contra el Islam radical.<\/strong><\/p>\n\n\n\n<p>El mi\u00e9rcoles le dio al Consejo Franc\u00e9s de la Fe Musulmana (CFCM) un&nbsp;<strong>ultim\u00e1tum de 15 d\u00edas<\/strong>&nbsp;para aceptar la carta.<\/p>\n\n\n\n<p>La CFCM ha acordado crear un Consejo Nacional de Imames, que ser\u00e1 el encargado de<strong>&nbsp;emitir a los ima<\/strong><strong>m<\/strong><strong>es una acreditaci\u00f3n<\/strong>&nbsp;oficial. Este reconocimiento podr\u00eda ser retirado bajo ciertas circunstancias.<\/p>\n\n\n\n<p>La medida llega despu\u00e9s de\u00a0<strong>tres presuntos ataques islamistas<\/strong>\u00a0en poco m\u00e1s de un mes.<\/p>\n\n\n\n<p>En l\u00edneas generales, la carta declarar\u00e1 que\u00a0<strong>el Islam es una religi\u00f3n y no un movimiento pol\u00edtico<\/strong>, al tiempo que tambi\u00e9n proh\u00edbe la \u00abinterferencia extranjera\u00bb en grupos o asociaciones musulmanes.<\/p>\n\n\n\n<p>Macron ha defendido en\u00e9rgicamente el secularismo franc\u00e9s tras los ataques.<\/p>\n\n\n\n<p>Uno de los m\u00e1s graves fue la\u00a0<strong>decapitaci\u00f3n el mes pasado de un maestro<\/strong>\u00a0que hab\u00eda mostrado a sus alumnos caricaturas del profeta Mahoma durante un debate sobre la libertad de expresi\u00f3n.<\/p>\n\n\n\n<p>A \u00faltima hora del mi\u00e9rcoles, el presidente y su ministro del Interior, G\u00e9rald Darmanin, se reunieron con ocho l\u00edderes de la CFCM en el palacio del El\u00edseo.<\/p>\n\n\n\n<p>\u00abHay dos principios que van a quedar muy claros [en la carta]: el&nbsp;<strong>rechazo del Islam pol\u00edtico y cualquier interferencia<\/strong>&nbsp;extranjera\u00bb, dijo una fuente al peri\u00f3dico&nbsp;<em>Le Parisien<\/em>&nbsp;despu\u00e9s de la reuni\u00f3n.<\/p>\n\n\n\n<p>Adem\u00e1s se acord\u00f3 la formaci\u00f3n del Consejo Nacional de Imames.<\/p>\n\n\n\n<p>El presidente Macron tambi\u00e9n ha anunciado nuevas medidas para abordar lo que llam\u00f3&nbsp;<strong>el \u00abseparatismo islamista\u00bb&nbsp;<\/strong>en Francia.<\/p>\n\n\n\n<p>Las medidas se enmarcan en un proyecto de ley de amplio alcance que busca\u00a0<strong>prevenir la radicalizaci\u00f3n.<\/strong><\/p>\n\n\n\n<p>Se dio a conocer el mi\u00e9rcoles e incluye medidas como:<\/p>\n\n\n\n<ul class=\"wp-block-list\"><li>Restricciones a la educaci\u00f3n en el hogar y&nbsp;<strong>castigos m\u00e1s severos<\/strong>&nbsp;para quienes intimiden a los funcionarios p\u00fablicos por motivos religiosos.<\/li><li>Se quiere dar a los ni\u00f1os un n\u00famero de identificaci\u00f3n que se usar\u00eda para garantizar&nbsp;<strong>que asistan a la escuela.<\/strong>&nbsp;Los padres que violen la ley podr\u00edan enfrentar hasta seis meses de c\u00e1rcel y elevadas multas.<\/li><li>Prohibici\u00f3n de&nbsp;<strong>compartir la informaci\u00f3n personal<\/strong>&nbsp;de una persona de una manera que le permita ser localizada por personas que quieran da\u00f1arla.<\/li><\/ul>\n\n\n\n<p>\u00abDebemos&nbsp;<strong>salvar a nuestros ni\u00f1os de las garras&nbsp;<\/strong>de los islamistas\u00bb, dijo Darmanin al peri\u00f3dico<em>&nbsp;Le Figaro<\/em>&nbsp;el mi\u00e9rcoles.<\/p>\n\n\n\n<p>El proyecto de ley ser\u00e1 discutido por el gabinete franc\u00e9s el 9 de diciembre.<\/p>\n\n\n\n<figure class=\"wp-block-image size-large\"><img loading=\"lazy\" decoding=\"async\" width=\"800\" height=\"450\" src=\"https:\/\/ciudadliberal.cl\/wp-content\/uploads\/2020\/11\/114950118__114950832_mediaitem114950830.jpg\" alt=\"\" class=\"wp-image-7766\" srcset=\"https:\/\/ciudadliberal.cl\/wp-content\/uploads\/2020\/11\/114950118__114950832_mediaitem114950830.jpg 800w, https:\/\/ciudadliberal.cl\/wp-content\/uploads\/2020\/11\/114950118__114950832_mediaitem114950830-300x169.jpg 300w, https:\/\/ciudadliberal.cl\/wp-content\/uploads\/2020\/11\/114950118__114950832_mediaitem114950830-768x432.jpg 768w, https:\/\/ciudadliberal.cl\/wp-content\/uploads\/2020\/11\/114950118__114950832_mediaitem114950830-747x420.jpg 747w, https:\/\/ciudadliberal.cl\/wp-content\/uploads\/2020\/11\/114950118__114950832_mediaitem114950830-640x360.jpg 640w, https:\/\/ciudadliberal.cl\/wp-content\/uploads\/2020\/11\/114950118__114950832_mediaitem114950830-681x383.jpg 681w\" sizes=\"auto, (max-width: 800px) 100vw, 800px\" \/><figcaption>Samuel Paty<\/figcaption><\/figure>\n\n\n\n<p>Samuel Paty, el maestro que asesinado enfrente de su escuela el mes pasado, fue&nbsp;<strong>blanco de una campa\u00f1a de odio&nbsp;<\/strong>a trav\u00e9s de internet antes del crimen el 16 de octubre.<\/p>\n\n\n\n<p>El peri\u00f3dico\u00a0<em>Le Monde<\/em>\u00a0ha publicado correos electr\u00f3nicos que se envi\u00f3 Paty con sus colegas en los d\u00edas posteriores a que mostrara las caricaturas en clase.<\/p>\n\n\n\n<p>\u00abEs realmente<strong>&nbsp;angustiante y particularmente preocupante<\/strong>&nbsp;porque proviene de una familia cuyo hijo no estaba en mi clase y no es alguien que conozco\u00bb, escribi\u00f3 Paty.<\/p>\n\n\n\n<p>\u00abSe est\u00e1 convirtiendo en un rumor malicioso\u00bb, escribi\u00f3.<\/p>\n\n\n\n<p>M\u00e1s tarde escribi\u00f3 en un correo electr\u00f3nico separado: \u00ab<strong>No dar\u00e9 m\u00e1s clases sobre este tema<\/strong>; elegir\u00e9 otra libertad como asignatura para ense\u00f1ar\u00bb.<\/p>\n\n\n\n<p>A principios de este a\u00f1o, el presidente Macron describi\u00f3 al&nbsp;<strong>Islam como una religi\u00f3n \u00aben crisis\u00bb<\/strong><strong>.<\/strong><\/p>\n\n\n\n<p>Y defendi\u00f3 el derecho de las revistas a publicar caricaturas que representan al profeta Mahoma.<\/p>\n\n\n\n<p>Estas representaciones se consideran un\u00a0<strong>tab\u00fa en el Islam<\/strong>\u00a0y muchos musulmanes las consideran muy ofensivas.<\/p>\n\n\n\n<p>Tras estos comentarios,&nbsp;<strong>el l\u00edder franc\u00e9s desat\u00f3 la ira&nbsp;<\/strong>en varios pa\u00edses de mayor\u00eda musulmana.<\/p>\n\n\n\n<p>Los manifestantes pidieron tambi\u00e9n<strong>&nbsp;boicotear los productos franceses.<\/strong><\/p>\n\n\n\n<p>En Francia, el secularismo estatal (la\u00efcit\u00e9) es fundamental dentro de la identidad nacional del pa\u00eds.<\/p>\n\n\n\n<p>La&nbsp;<strong>libertad de expresi\u00f3n en las escuelas<\/strong>&nbsp;y otros espacios p\u00fablicos forma parte de este principio.<\/p>\n\n\n\n<p>El pa\u00eds considera que dejar de lado la laicidad para proteger los sentimientos de una religi\u00f3n en particular socava la unidad nacional.<\/p>\n\n\n\n<p>Francia tiene la poblaci\u00f3n musulmana m\u00e1s grande de Europa occidental.<\/p>\n\n\n\n<p><\/p>\n\n\n\n<p>V\u00eda: <a href=\"https:\/\/www.bbc.com\/mundo\/noticias-internacional-55017551\">BBC mundo<\/a><\/p>\n","protected":false},"excerpt":{"rendered":"<p>El presidente franc\u00e9s, Emmanuel Macron, ha pedido a los l\u00edderes musulmanes que acepten una \u00abcarta de valores republicanos\u00bb como parte de una amplia ofensiva contra el Islam radical. El mi\u00e9rcoles le dio al Consejo Franc\u00e9s de la Fe Musulmana (CFCM) un&nbsp;ultim\u00e1tum de 15 d\u00edas&nbsp;para aceptar la carta. La CFCM ha acordado crear un Consejo Nacional [&hellip;]<\/p>\n","protected":false},"author":1,"featured_media":7767,"comment_status":"closed","ping_status":"closed","sticky":false,"template":"","format":"standard","meta":{"footnotes":""},"categories":[14,2],"tags":[],"class_list":["post-7765","post","type-post","status-publish","format-standard","has-post-thumbnail","hentry","category-entertainment","category-portada"],"_links":{"self":[{"href":"https:\/\/ciudadliberal.cl\/index.php?rest_route=\/wp\/v2\/posts\/7765","targetHints":{"allow":["GET"]}}],"collection":[{"href":"https:\/\/ciudadliberal.cl\/index.php?rest_route=\/wp\/v2\/posts"}],"about":[{"href":"https:\/\/ciudadliberal.cl\/index.php?rest_route=\/wp\/v2\/types\/post"}],"author":[{"embeddable":true,"href":"https:\/\/ciudadliberal.cl\/index.php?rest_route=\/wp\/v2\/users\/1"}],"replies":[{"embeddable":true,"href":"https:\/\/ciudadliberal.cl\/index.php?rest_route=%2Fwp%2Fv2%2Fcomments&post=7765"}],"version-history":[{"count":1,"href":"https:\/\/ciudadliberal.cl\/index.php?rest_route=\/wp\/v2\/posts\/7765\/revisions"}],"predecessor-version":[{"id":7768,"href":"https:\/\/ciudadliberal.cl\/index.php?rest_route=\/wp\/v2\/posts\/7765\/revisions\/7768"}],"wp:featuredmedia":[{"embeddable":true,"href":"https:\/\/ciudadliberal.cl\/index.php?rest_route=\/wp\/v2\/media\/7767"}],"wp:attachment":[{"href":"https:\/\/ciudadliberal.cl\/index.php?rest_route=%2Fwp%2Fv2%2Fmedia&parent=7765"}],"wp:term":[{"taxonomy":"category","embeddable":true,"href":"https:\/\/ciudadliberal.cl\/index.php?rest_route=%2Fwp%2Fv2%2Fcategories&post=7765"},{"taxonomy":"post_tag","embeddable":true,"href":"https:\/\/ciudadliberal.cl\/index.php?rest_route=%2Fwp%2Fv2%2Ftags&post=7765"}],"curies":[{"name":"wp","href":"https:\/\/api.w.org\/{rel}","templated":true}]}}