{"id":7761,"date":"2020-11-21T12:17:41","date_gmt":"2020-11-21T16:17:41","guid":{"rendered":"https:\/\/ciudadliberal.cl\/?p=7761"},"modified":"2020-11-21T12:17:43","modified_gmt":"2020-11-21T16:17:43","slug":"merkel-pide-a-los-ciudadanos-intervenir-ante-cualquier-violencia-contra-la-mujer","status":"publish","type":"post","link":"https:\/\/ciudadliberal.cl\/?p=7761","title":{"rendered":"Merkel pide a los ciudadanos intervenir ante cualquier violencia contra la mujer"},"content":{"rendered":"\n<p>La canciller alemana dedic\u00f3 su viodeomensaje semanal al D\u00eda Internacional de la Eliminaci\u00f3n de la Violencia contra la Mujer, que se celebra el pr\u00f3ximo mi\u00e9rcoles.<\/p>\n\n\n\n<p>La canciller alemana, Angela Merkel, llam\u00f3 hoy con motivo del D\u00eda Internacional de la Eliminaci\u00f3n de la Violencia contra la Mujer el 25 de noviembre a no apartar la vista y subray\u00f3 que \u00abcada caso cuenta una historia terrible y refleja siempre un drama\u00bb. Merkel ha pedido a los ciudadanos que nunca acepten la violencia contra las mujeres. \u00abSe pide a todos que intervengan cuando la violencia amenaza o incluso ocurre\u00bb, dijo el s\u00e1bado (21.11.2020) en su videopodcast semanal. Los perpetradores deben saber que ser\u00e1n castigados y las afectadas deben saber d\u00f3nde obtener apoyo, a\u00f1adi\u00f3.<\/p>\n\n\n\n<p>En Alemania hay alrededor de 350 residencias y viviendas para mujeres que ofrecen refugio a las v\u00edctimas. El Gobierno Federal trabaja a nivel internacional para garantizar que se prevenga y combata la violencia contra la mujer y que se proteja a los afectados. Merkel enfatiz\u00f3 que esto no es solo aplicable el D\u00eda Internacional de la Eliminaci\u00f3n de la Violencia contra la Mujer: \u00abNo solo el mi\u00e9rcoles que viene, sino siempre y en cualquier lugar, no debemos apartar jam\u00e1s la vista cuando una ni\u00f1a o una mujer es amenazada o es objeto de violencia\u00bb.<\/p>\n\n\n\n<p>Merkel llam\u00f3 la atenci\u00f3n sobre \u00abla injusticia y sufrimiento\u00bb de los que son objeto ni\u00f1as y mujeres en todo el mundo d\u00eda a d\u00eda, por ejemplo, en los muchos conflictos y enfrentamientos b\u00e9licos, pero tambi\u00e9n en Alemania, donde una de cada tres mujeres sufre al menos una vez en la vida violencia f\u00edsica o sexual. \u00abEstad\u00edsticamente, cada 45 minutos una mujer es atacada o resulta herida por su pareja actual o expareja\u00bb, indic\u00f3 Merkel, que calific\u00f3 estos datos de \u00abdesoladores\u00bb.<\/p>\n\n\n\n<p>En los \u00faltimos meses, se ha publicado en varios estados federales que los refugios para mujeres han recibido significativamente m\u00e1s llamadas de ayuda de mujeres que buscan protecci\u00f3n desde el comienzo de la crisis del coronavirus. En algunos lugares, por lo tanto, apenas hay plazas libres. Los expertos asumen que la proximidad f\u00edsica exacerbar\u00e1 las tensiones existentes debido a las restricciones de contacto.<\/p>\n\n\n\n<p>Por otra parte, el gobierno federal invertir\u00e1 en los pr\u00f3ximos cuatro a\u00f1os 120 millones de euros en ampliar la red de centros de asesoramiento y de albergues para mujeres. \u00abEl compromiso del gobierno no se circunscribe s\u00f3lo a la situaci\u00f3n en nuestro pa\u00eds. Tambi\u00e9n trabajamos a nivel internacional para que se evite y combata la violencia contra las mujeres y se les ofrezca protecci\u00f3n y apoyo\u00bb, agreg\u00f3.<\/p>\n\n\n\n<p><\/p>\n\n\n\n<p>V\u00eda: <a href=\"https:\/\/www.dw.com\/es\/merkel-pide-a-los-ciudadanos-intervenir-ante-cualquier-violencia-contra-la-mujer\/a-55684683\">Dw<\/a><\/p>\n","protected":false},"excerpt":{"rendered":"<p>La canciller alemana dedic\u00f3 su viodeomensaje semanal al D\u00eda Internacional de la Eliminaci\u00f3n de la Violencia contra la Mujer, que se celebra el pr\u00f3ximo mi\u00e9rcoles. La canciller alemana, Angela Merkel, llam\u00f3 hoy con motivo del D\u00eda Internacional de la Eliminaci\u00f3n de la Violencia contra la Mujer el 25 de noviembre a no apartar la vista [&hellip;]<\/p>\n","protected":false},"author":1,"featured_media":7762,"comment_status":"closed","ping_status":"closed","sticky":false,"template":"","format":"standard","meta":{"footnotes":""},"categories":[14,2],"tags":[],"class_list":["post-7761","post","type-post","status-publish","format-standard","has-post-thumbnail","hentry","category-entertainment","category-portada"],"_links":{"self":[{"href":"https:\/\/ciudadliberal.cl\/index.php?rest_route=\/wp\/v2\/posts\/7761","targetHints":{"allow":["GET"]}}],"collection":[{"href":"https:\/\/ciudadliberal.cl\/index.php?rest_route=\/wp\/v2\/posts"}],"about":[{"href":"https:\/\/ciudadliberal.cl\/index.php?rest_route=\/wp\/v2\/types\/post"}],"author":[{"embeddable":true,"href":"https:\/\/ciudadliberal.cl\/index.php?rest_route=\/wp\/v2\/users\/1"}],"replies":[{"embeddable":true,"href":"https:\/\/ciudadliberal.cl\/index.php?rest_route=%2Fwp%2Fv2%2Fcomments&post=7761"}],"version-history":[{"count":1,"href":"https:\/\/ciudadliberal.cl\/index.php?rest_route=\/wp\/v2\/posts\/7761\/revisions"}],"predecessor-version":[{"id":7763,"href":"https:\/\/ciudadliberal.cl\/index.php?rest_route=\/wp\/v2\/posts\/7761\/revisions\/7763"}],"wp:featuredmedia":[{"embeddable":true,"href":"https:\/\/ciudadliberal.cl\/index.php?rest_route=\/wp\/v2\/media\/7762"}],"wp:attachment":[{"href":"https:\/\/ciudadliberal.cl\/index.php?rest_route=%2Fwp%2Fv2%2Fmedia&parent=7761"}],"wp:term":[{"taxonomy":"category","embeddable":true,"href":"https:\/\/ciudadliberal.cl\/index.php?rest_route=%2Fwp%2Fv2%2Fcategories&post=7761"},{"taxonomy":"post_tag","embeddable":true,"href":"https:\/\/ciudadliberal.cl\/index.php?rest_route=%2Fwp%2Fv2%2Ftags&post=7761"}],"curies":[{"name":"wp","href":"https:\/\/api.w.org\/{rel}","templated":true}]}}