{"id":775,"date":"2017-04-07T23:51:17","date_gmt":"2017-04-08T02:51:17","guid":{"rendered":"https:\/\/ciudadliberal.cl\/?p=775"},"modified":"2017-04-07T23:51:17","modified_gmt":"2017-04-08T02:51:17","slug":"amplitud-pide-al-gobierno-apoyar-proyecto-de-rebaja-de-sueldos-a-autoridades","status":"publish","type":"post","link":"https:\/\/ciudadliberal.cl\/?p=775","title":{"rendered":"Amplitud pide al gobierno apoyar proyecto de rebaja de sueldos a autoridades"},"content":{"rendered":"<p><strong>La directiva nacional de Amplitud, encabezada para su presidenta, la senadora Lily P\u00e9rez, entreg\u00f3 detalles de la bater\u00eda de propuestas para eliminar privilegios en la funci\u00f3n p\u00fablica. En total son 12 proyectos de ley, todos en tr\u00e1mite administrativo. Una de las iniciativas busca reducir a la mitad la dieta de los parlamentarios y el sueldo de los Ministros de Estado, homolog\u00e1ndolos con lo de los pa\u00edses OCDE.<\/strong><\/p>\n<p>De acuerdo a un estudio realizado por el Centro de Investigaci\u00f3n Period\u00edstica (Ciper Chile) en junio de 2014, el monto l\u00edquido aproximado que perciben los diputados en nuestro pa\u00eds es de $6.580.000 lo que equivale a 40 sueldos m\u00ednimos, es decir, que est\u00e1n dentro de los mejores pagados en comparaci\u00f3n con otros pa\u00edses de la OCDE. De aprobarse el proyecto de Reforma Constitucional, se plantea que la dieta alcance un m\u00e1ximo de 20 sueldos m\u00ednimos.<\/p>\n<p>Para la senadora Lily P\u00e9rez, \u201cen un pa\u00eds como el nuestro, donde todav\u00eda persisten problemas de desigualdad muy grandes, donde estamos frente a un Gobierno que ha cometido errores en la conducci\u00f3n econ\u00f3mica, como en las reformas tributarias y laboras, apoyar esta iniciativa ser\u00eda una estupenda se\u00f1al de austeridad\u201d.<\/p>\n<p>La presidenta de partido de oposici\u00f3n llam\u00f3 a La Moneda a dar su respaldo a esta iniciativa, como ya lo han dado parlamentarios de diferentes colectividades, y as\u00ed dar una se\u00f1al al pa\u00eds.\u201cAhora depende absolutamente de la voluntad del Gobierno. S\u00f3lo se necesita un art\u00edculo transitorio para que el Ejecutivo decida rebajar a la mitad la dieta parlamentaria y de los ministros. Llamamos al Gobierno a apoyar nuestro proyecto\u201d, complement\u00f3 la senadora de la Regi\u00f3n de Valpara\u00edso.<\/p>\n<p>Por su parte la dirigente de Amplitud y candidata a diputada por el distrito N\u00b08, la abogada Paola Cabezas, afirm\u00f3 que \u201csi uno busca estar en el Congreso es porque quiere representar a la ciudadan\u00eda y sus ideales, no porque busca un enriquecimiento patrimonial\u00bb.<\/p>\n","protected":false},"excerpt":{"rendered":"<p>La directiva nacional de Amplitud, encabezada para su presidenta, la senadora Lily P\u00e9rez, entreg\u00f3 detalles de la bater\u00eda de propuestas para eliminar privilegios en la funci\u00f3n p\u00fablica. En total son 12 proyectos de ley, todos en tr\u00e1mite administrativo. Una de las iniciativas busca reducir a la mitad la dieta de los parlamentarios y el sueldo [&hellip;]<\/p>\n","protected":false},"author":1,"featured_media":776,"comment_status":"closed","ping_status":"closed","sticky":false,"template":"","format":"standard","meta":{"footnotes":""},"categories":[6,16],"tags":[],"class_list":["post-775","post","type-post","status-publish","format-standard","has-post-thumbnail","hentry","category-actualidad","category-internet"],"_links":{"self":[{"href":"https:\/\/ciudadliberal.cl\/index.php?rest_route=\/wp\/v2\/posts\/775","targetHints":{"allow":["GET"]}}],"collection":[{"href":"https:\/\/ciudadliberal.cl\/index.php?rest_route=\/wp\/v2\/posts"}],"about":[{"href":"https:\/\/ciudadliberal.cl\/index.php?rest_route=\/wp\/v2\/types\/post"}],"author":[{"embeddable":true,"href":"https:\/\/ciudadliberal.cl\/index.php?rest_route=\/wp\/v2\/users\/1"}],"replies":[{"embeddable":true,"href":"https:\/\/ciudadliberal.cl\/index.php?rest_route=%2Fwp%2Fv2%2Fcomments&post=775"}],"version-history":[{"count":1,"href":"https:\/\/ciudadliberal.cl\/index.php?rest_route=\/wp\/v2\/posts\/775\/revisions"}],"predecessor-version":[{"id":777,"href":"https:\/\/ciudadliberal.cl\/index.php?rest_route=\/wp\/v2\/posts\/775\/revisions\/777"}],"wp:featuredmedia":[{"embeddable":true,"href":"https:\/\/ciudadliberal.cl\/index.php?rest_route=\/wp\/v2\/media\/776"}],"wp:attachment":[{"href":"https:\/\/ciudadliberal.cl\/index.php?rest_route=%2Fwp%2Fv2%2Fmedia&parent=775"}],"wp:term":[{"taxonomy":"category","embeddable":true,"href":"https:\/\/ciudadliberal.cl\/index.php?rest_route=%2Fwp%2Fv2%2Fcategories&post=775"},{"taxonomy":"post_tag","embeddable":true,"href":"https:\/\/ciudadliberal.cl\/index.php?rest_route=%2Fwp%2Fv2%2Ftags&post=775"}],"curies":[{"name":"wp","href":"https:\/\/api.w.org\/{rel}","templated":true}]}}