{"id":771,"date":"2017-04-07T17:35:33","date_gmt":"2017-04-07T20:35:33","guid":{"rendered":"https:\/\/ciudadliberal.cl\/?p=771"},"modified":"2017-04-07T17:35:33","modified_gmt":"2017-04-07T20:35:33","slug":"productividad-una-funcion-mas-compleja","status":"publish","type":"post","link":"https:\/\/ciudadliberal.cl\/?p=771","title":{"rendered":"\u201cProductividad: una funci\u00f3n (m\u00e1s) compleja\u201d"},"content":{"rendered":"<p><strong><em>Debe ponerse el foco en la situaci\u00f3n en que se encuentran y en el contexto en que toman sus decisiones quienes en el futuro conformar\u00e1n la fuerza laboral.<\/em><\/strong><\/p>\n<p>En Chile existe una creciente preocupaci\u00f3n por los bajos niveles de productividad exhibidos por el pa\u00eds. Medidas como <strong>la Productividad Total de los Factores demuestran que la eficiencia en el proceso productivo ha venido disminuyendo, afectando negativamente el crecimiento.<\/strong><\/p>\n<p>La preocupaci\u00f3n por la productividad es por las empresas y sus ganancias, por el pa\u00eds y su crecimiento, pero tambi\u00e9n por el bienestar de las personas. Como se se\u00f1ala en el libro \u201cChile: Desafi\u0301os de la productividad y el mundo laboral\u201d lanzado hace pocos d\u00edas por la OIT, mejoras en la productividad permiten incrementos salariales y mejoras en la calidad de vida de los trabajadores y sus familias.<\/p>\n<p>En este libro, la Confederaci\u00f3n de la Producci\u00f3n y del Comercio se refiere al bajo nivel de capital humano de la fuerza laboral como l\u00edmite a incrementos de la productividad<strong>. Al respecto, identifican en la educaci\u00f3n t\u00e9cnica \u201ccuatro desaf\u00edos pendientes\u201d: la falta de v\u00ednculo con el mundo productivo y la empleabilidad; de flexibilidad y articulaci\u00f3n entre distintos niveles de formaci\u00f3n para el trabajo; de prioridad en el foco de las pol\u00edticas p\u00fablicas y; de informaci\u00f3n relevante para la toma de decisiones.<\/strong><\/p>\n<p>Sin lugar a dudas, este diagn\u00f3stico apunta a cuestiones clave. Sin embargo, es tan acertado como incompleto. Como suele ocurrir en el mundo de las pol\u00edticas p\u00fablicas, le falta algo clave: los actores.<\/p>\n<p>En una econom\u00eda que se torna m\u00e1s productiva debieran tender los estudiantes a elegir las carreras mejor pagadas. Y sin embargo, como revela el estudio realizado por Espacio P\u00fablico sobre desigualdades de g\u00e9nero en la Educaci\u00f3n Media T\u00e9cnico Profesional, en las elecciones de estos estudiantes priman otras consideraciones.<\/p>\n<p>Por ejemplo, todos los estudiantes entrevistados declararon querer seguir estudios superiores. \u00bfPor qu\u00e9 entonces escogen una formaci\u00f3n para el trabajo \u2013la educaci\u00f3n t\u00e9cnica-, en lugar de la v\u00eda cient\u00edfico-humanista que los prepara mejor para el ingreso a la Universidad? Porque en un contexto de vulnerabilidad, la educaci\u00f3n t\u00e9cnica es un seguro m\u00e1s inmediato. Ese cart\u00f3n los protege contra la pobreza y la incertidumbre en tanto egresar de cuarto medio cient\u00edfico humanista es, <em>\u201csalir con nada\u201d. <\/em>Al lado de esto, consideraciones respecto de qu\u00e9 especialidad t\u00e9cnica escoger, <strong>ya sea para seguir una carrera en ese mismo sector m\u00e1s adelante o para lograr mayores retornos en el mercado laboral, son de segundo orden y no aparecen como relevantes.<\/strong><\/p>\n<p>\u00bfPor qu\u00e9 con frecuencia escogen \u2013sobre todo las mujeres- seguir especialidades en sectores de baja productividad? Porque su elecci\u00f3n est\u00e1 constre\u00f1ida por los sesgos de g\u00e9nero. Y esto en concreto significa que no se promueven las distintas especialidades de la misma forma entre hombres y mujeres. <strong>Se facilita e incentiva la entrada de los primeros a las especialidades industriales \u2013mejor pagadas- y de las segundas a las del sector servicios \u2013peor pagadas-.<\/strong><\/p>\n<p>La presi\u00f3n de los pares, la b\u00fasqueda de una satisfacci\u00f3n inmediata (estar en el mismo curso que los amigos, hacer cosas \u201cpr\u00e1cticas\u201d en lugar de estudiar cosas \u201cte\u00f3ricas\u201d), <strong>la limitada oferta de especialidades por zonas son otros factores que explican la elecci\u00f3n de esta modalidad y de especialidades en sectores de baja productividad.<\/strong><\/p>\n<p>No es entonces solo la falta de v\u00ednculo entre educaci\u00f3n y mundo productivo, ni de articulaci\u00f3n entre distintos niveles de formaci\u00f3n, ni de informaci\u00f3n para la toma de decisiones lo que explica los l\u00edmites que pone el capital humano para transitar hacia una econom\u00eda m\u00e1s productiva. Debe tambi\u00e9n ponerse el foco en la situaci\u00f3n en que se encuentran y en el contexto en que toman sus decisiones quienes en el futuro conformar\u00e1n la fuerza laboral.<\/p>\n<p><img loading=\"lazy\" decoding=\"async\" class=\"wp-image-772 alignleft\" src=\"https:\/\/ciudadliberal.cl\/wp-content\/uploads\/2017\/04\/Eleonora-lun-300x300.jpg\" alt=\"\" width=\"191\" height=\"191\" srcset=\"https:\/\/ciudadliberal.cl\/wp-content\/uploads\/2017\/04\/Eleonora-lun-300x300.jpg 300w, https:\/\/ciudadliberal.cl\/wp-content\/uploads\/2017\/04\/Eleonora-lun-150x150.jpg 150w, https:\/\/ciudadliberal.cl\/wp-content\/uploads\/2017\/04\/Eleonora-lun-768x768.jpg 768w, https:\/\/ciudadliberal.cl\/wp-content\/uploads\/2017\/04\/Eleonora-lun-1024x1024.jpg 1024w, https:\/\/ciudadliberal.cl\/wp-content\/uploads\/2017\/04\/Eleonora-lun-420x420.jpg 420w, https:\/\/ciudadliberal.cl\/wp-content\/uploads\/2017\/04\/Eleonora-lun-640x640.jpg 640w, https:\/\/ciudadliberal.cl\/wp-content\/uploads\/2017\/04\/Eleonora-lun-681x681.jpg 681w, https:\/\/ciudadliberal.cl\/wp-content\/uploads\/2017\/04\/Eleonora-lun.jpg 1335w\" sizes=\"auto, (max-width: 191px) 100vw, 191px\" \/><\/p>\n<p>&nbsp;<\/p>\n<p>&nbsp;<\/p>\n<h5 class=\"text-left\"><a href=\"http:\/\/www.espaciopublico.cl\/eleonora-nun-2\/\"><u><span style=\"color: #0066cc;\">Eleonora Nun<\/span><\/u><\/a><\/h5>\n<p class=\"text-left\">Investigadora ONG Espacio Publico<\/p>\n<p>&nbsp;<\/p>\n","protected":false},"excerpt":{"rendered":"<p>Debe ponerse el foco en la situaci\u00f3n en que se encuentran y en el contexto en que toman sus decisiones quienes en el futuro conformar\u00e1n la fuerza laboral. En Chile existe una creciente preocupaci\u00f3n por los bajos niveles de productividad exhibidos por el pa\u00eds. Medidas como la Productividad Total de los Factores demuestran que la [&hellip;]<\/p>\n","protected":false},"author":1,"featured_media":773,"comment_status":"closed","ping_status":"closed","sticky":false,"template":"","format":"standard","meta":{"footnotes":""},"categories":[6,13],"tags":[],"class_list":["post-771","post","type-post","status-publish","format-standard","has-post-thumbnail","hentry","category-actualidad","category-voces"],"_links":{"self":[{"href":"https:\/\/ciudadliberal.cl\/index.php?rest_route=\/wp\/v2\/posts\/771","targetHints":{"allow":["GET"]}}],"collection":[{"href":"https:\/\/ciudadliberal.cl\/index.php?rest_route=\/wp\/v2\/posts"}],"about":[{"href":"https:\/\/ciudadliberal.cl\/index.php?rest_route=\/wp\/v2\/types\/post"}],"author":[{"embeddable":true,"href":"https:\/\/ciudadliberal.cl\/index.php?rest_route=\/wp\/v2\/users\/1"}],"replies":[{"embeddable":true,"href":"https:\/\/ciudadliberal.cl\/index.php?rest_route=%2Fwp%2Fv2%2Fcomments&post=771"}],"version-history":[{"count":1,"href":"https:\/\/ciudadliberal.cl\/index.php?rest_route=\/wp\/v2\/posts\/771\/revisions"}],"predecessor-version":[{"id":774,"href":"https:\/\/ciudadliberal.cl\/index.php?rest_route=\/wp\/v2\/posts\/771\/revisions\/774"}],"wp:featuredmedia":[{"embeddable":true,"href":"https:\/\/ciudadliberal.cl\/index.php?rest_route=\/wp\/v2\/media\/773"}],"wp:attachment":[{"href":"https:\/\/ciudadliberal.cl\/index.php?rest_route=%2Fwp%2Fv2%2Fmedia&parent=771"}],"wp:term":[{"taxonomy":"category","embeddable":true,"href":"https:\/\/ciudadliberal.cl\/index.php?rest_route=%2Fwp%2Fv2%2Fcategories&post=771"},{"taxonomy":"post_tag","embeddable":true,"href":"https:\/\/ciudadliberal.cl\/index.php?rest_route=%2Fwp%2Fv2%2Ftags&post=771"}],"curies":[{"name":"wp","href":"https:\/\/api.w.org\/{rel}","templated":true}]}}