{"id":768,"date":"2017-04-06T14:34:54","date_gmt":"2017-04-06T17:34:54","guid":{"rendered":"https:\/\/ciudadliberal.cl\/?p=768"},"modified":"2017-04-06T14:34:54","modified_gmt":"2017-04-06T17:34:54","slug":"todo-mal","status":"publish","type":"post","link":"https:\/\/ciudadliberal.cl\/?p=768","title":{"rendered":"TODO MAL"},"content":{"rendered":"<p>Por <strong>Crist\u00f3bal Bellolio<\/strong><\/p>\n<p><strong>\u00bfEn qu\u00e9 se parece la derecha que lidera Sebasti\u00e1n Pi\u00f1era y el Frente Amplio que se ubica \u2013principalmente- a la izquierda de la Nueva Mayor\u00eda? A primera vista, en poco. Sin embargo, sus narrativas tienen una caracter\u00edstica com\u00fan: ambos buscan instalar un diagn\u00f3stico opaco del presente nacional.<\/strong><\/p>\n<p>Partamos por Pi\u00f1era. Su discurso de lanzamiento record\u00f3 aquel viejo dilema de <em>yo o el caos<\/em>. <strong>Seg\u00fan su visi\u00f3n, Chile est\u00e1 sumergido en una crisis de proporciones en su dimensi\u00f3n econ\u00f3mica, pol\u00edtica e incluso moral<\/strong>. La culpa, evidentemente, la tendr\u00eda Michelle Bachelet y el gobierno de la Nueva Mayor\u00eda, autores de reformas que no dieron pie con bola. Reformas inspiradas en ideolog\u00edas a\u00f1ejas y probadamente fracasadas, a\u00f1ade el ex presidente. Como resultado, el pa\u00eds estar\u00eda mucho peor que en 2014, cuando Pi\u00f1era dej\u00f3 La Moneda.<\/p>\n<p>El Frente Amplio, por su parte, tiene una mirada cr\u00edtica no s\u00f3lo del actual gobierno, sino que en general de la marcha del pa\u00eds desde hace un buen tiempo. En corto, desde que el neoliberalismo fue forzado sobre la ciudadan\u00eda. <strong>La queja particular que tienen contra la segunda administraci\u00f3n de Bachelet es que no profundiz\u00f3 las reformas prometidas y la Nueva Mayor\u00eda no exhibi\u00f3 la voluntad de hacer cambios m\u00e1s profundos<\/strong>. Es decir, es una cr\u00edtica opuesta a la que hace Pi\u00f1era en el sentido normativo pero similar en su tono desaprobatorio.<\/p>\n<p>Lo interesante es que cada uno escoge la evidencia y los temas que le convienen para que el relato sea consistente. Pi\u00f1era, por ejemplo, tom\u00f3 los -siempre importantes- datos duros de la macroeconom\u00eda para testimoniar la ineptitud de este gobierno, pero no se refiri\u00f3 ni a las necesarias reformas electorales que se aprobaron ni a los avances en materia de igualdad y no discriminaci\u00f3n. Un recorrido de los tres a\u00f1os de gobierno que llevamos merece un juicio m\u00e1s balanceado de aciertos y errores. Salvo que, por supuesto, la derecha considere que dichas iniciativas son equivocadas, pero en ese caso ser\u00eda necesario explicitar. <strong>De lo contrario parece que se est\u00e1n seleccionando los datos de manera selectiva<\/strong>. Esto no es, en todo caso, inusual en pol\u00edtica. Al rev\u00e9s, a veces pareciera que la pol\u00edtica se trata de eso.<\/p>\n<p>El Frente Amplio, por su parte, acaba de ser reconvenido por el acad\u00e9mico Mario Waissbluth por exagerar la nota en la imagen que proyectan del pa\u00eds. El argumento de Waissbluth, en una frase, es que la gente est\u00e1 bastante mejor de lo que el Frente Amplio supone, al menos en base a \u00edndices que buscar medir bienestar objetivo. <strong>Les recuerda que millones de chilenos est\u00e1n optando por l\u00f3gicas de mercado y segregaci\u00f3n voluntariamente<\/strong>. Dicen que Fernando Atria tambi\u00e9n ha tenido que reacomodar su visi\u00f3n al percatarse de la dificultad de promover el socialismo. Evidentemente, las complejidades f\u00e1cticas y los mapas de la realidad no son obst\u00e1culo para la utop\u00eda de un mundo m\u00e1s justo. Lo que Pi\u00f1era llama <em>ideologismos <\/em>no son m\u00e1s que profundas y nobles convicciones sobre c\u00f3mo vivir en comunidad. Solo que no son las suyas. Pero el efecto de esta miop\u00eda hacia las eventuales virtudes del sistema es, como en el caso anterior, la selectividad de los n\u00fameros a presentar.<\/p>\n<p><strong>Dominado por esta curiosa polarizaci\u00f3n traslapada, el clima pol\u00edtico chileno se hace hostil para los viejos (y nuevos) \u2018autocomplacientes\u2019, que se han convertido en la aut\u00e9ntica contracultura de las redes sociales<\/strong>. Son esos pocos que todav\u00eda sienten algo por Lagos. Esos que encuentran que el gobierno ha sido sistem\u00e1ticamente desprolijo pero que lo importante sigue siendo la pel\u00edcula completa, donde se hace imposible desconocer las transformaciones que ha experimentado nuestro pa\u00eds en materia de prosperidad y desarrollo humano, al menos en perspectiva latinoamericana. Son que transmiten una sobria moderaci\u00f3n. Son los que postean tanto los avances como los condoros. <strong>Son los que sufren la estridencia de los juicios tajantes y sin matices<\/strong>. Son lo que creen que probablemente la verdad se encuentre a medio camino entre lo que dice la Fundaci\u00f3n Sol y lo que sugiere Libertad y Desarrollo.<\/p>\n<p>Son los que no se extra\u00f1aron cuando leyeron que Chile estaba entre los veinte pa\u00edses m\u00e1s felices del mundo seg\u00fan Naciones Unidas -s\u00f3lo superado por Costa Rica a nivel regional. El ranking fue confeccionado a partir de varios factores entre los cuales se incluy\u00f3 ingreso per c\u00e1pita, salud y expectativa de vida, grados de libertad, niveles de generosidad, e incluso confianza en instituciones p\u00fablicas y privadas. Los extremos que dominan la conversaci\u00f3n, en cambio, reaccionaron con escepticismo y sospecha: no puede ser que estemos tan bien, se\u00f1alaron. Seguramente recopilaron los datos en Zapallar y Cachagua, escribi\u00f3 alguien en Twitter. Pues no. <strong>Lo que ocurre es que nos cuesta aceptar lo que contradice nuestros supuestos<\/strong>.<\/p>\n<p>Estamos a punto de sumergirnos de lleno en una campa\u00f1a presidencial y parlamentaria. Es entendible que los actores pol\u00edticos busquen diferenciarse de un gobierno mal evaluado. Pero una cosa es pintar de negro el presente por razones puramente electorales y otra cosa -m\u00e1s preocupante- es creerse el diagn\u00f3stico en base a evidencia selectiva y exageraci\u00f3n del malestar.<\/p>\n","protected":false},"excerpt":{"rendered":"<p>Por Crist\u00f3bal Bellolio \u00bfEn qu\u00e9 se parece la derecha que lidera Sebasti\u00e1n Pi\u00f1era y el Frente Amplio que se ubica \u2013principalmente- a la izquierda de la Nueva Mayor\u00eda? A primera vista, en poco. Sin embargo, sus narrativas tienen una caracter\u00edstica com\u00fan: ambos buscan instalar un diagn\u00f3stico opaco del presente nacional. Partamos por Pi\u00f1era. Su discurso [&hellip;]<\/p>\n","protected":false},"author":1,"featured_media":769,"comment_status":"closed","ping_status":"closed","sticky":false,"template":"","format":"standard","meta":{"footnotes":""},"categories":[6,13],"tags":[],"class_list":["post-768","post","type-post","status-publish","format-standard","has-post-thumbnail","hentry","category-actualidad","category-voces"],"_links":{"self":[{"href":"https:\/\/ciudadliberal.cl\/index.php?rest_route=\/wp\/v2\/posts\/768","targetHints":{"allow":["GET"]}}],"collection":[{"href":"https:\/\/ciudadliberal.cl\/index.php?rest_route=\/wp\/v2\/posts"}],"about":[{"href":"https:\/\/ciudadliberal.cl\/index.php?rest_route=\/wp\/v2\/types\/post"}],"author":[{"embeddable":true,"href":"https:\/\/ciudadliberal.cl\/index.php?rest_route=\/wp\/v2\/users\/1"}],"replies":[{"embeddable":true,"href":"https:\/\/ciudadliberal.cl\/index.php?rest_route=%2Fwp%2Fv2%2Fcomments&post=768"}],"version-history":[{"count":1,"href":"https:\/\/ciudadliberal.cl\/index.php?rest_route=\/wp\/v2\/posts\/768\/revisions"}],"predecessor-version":[{"id":770,"href":"https:\/\/ciudadliberal.cl\/index.php?rest_route=\/wp\/v2\/posts\/768\/revisions\/770"}],"wp:featuredmedia":[{"embeddable":true,"href":"https:\/\/ciudadliberal.cl\/index.php?rest_route=\/wp\/v2\/media\/769"}],"wp:attachment":[{"href":"https:\/\/ciudadliberal.cl\/index.php?rest_route=%2Fwp%2Fv2%2Fmedia&parent=768"}],"wp:term":[{"taxonomy":"category","embeddable":true,"href":"https:\/\/ciudadliberal.cl\/index.php?rest_route=%2Fwp%2Fv2%2Fcategories&post=768"},{"taxonomy":"post_tag","embeddable":true,"href":"https:\/\/ciudadliberal.cl\/index.php?rest_route=%2Fwp%2Fv2%2Ftags&post=768"}],"curies":[{"name":"wp","href":"https:\/\/api.w.org\/{rel}","templated":true}]}}