{"id":765,"date":"2017-04-05T19:27:01","date_gmt":"2017-04-05T22:27:01","guid":{"rendered":"https:\/\/ciudadliberal.cl\/?p=765"},"modified":"2017-04-05T19:27:01","modified_gmt":"2017-04-05T22:27:01","slug":"la-v-region-tiene-ciudadanos-partido-de-andres-velasco-los-presento-ante-el-servel","status":"publish","type":"post","link":"https:\/\/ciudadliberal.cl\/?p=765","title":{"rendered":"La V regi\u00f3n tiene \u00abCiudadanos\u00bb, Partido de Andr\u00e9s Velasco los presento ante el SERVEL"},"content":{"rendered":"<p><strong>Un grupo de dirigentes de esta colectividad liberal encabezados por su presidente Andr\u00e9s Velasco y el candidato a Senador Jorge Errazuriz presentaron esta ma\u00f1ana en las oficinas del Servicio Electoral en Santiago, mas de 2 mil firmas que fueron presentadas ante este organismo publico para su revisi\u00f3n y legalizaci\u00f3n, Ayer martes entregaron de otras regiones como Arica y Parinacota, Antofagasta y el Maule y en las pr\u00f3ximas semanas entregaran desde las regiones extremas del pa\u00eds, Reclamaron por las complicaciones y pidieron a la ciudadan\u00eda que se incorpore al debate pol\u00edtico<\/strong><\/p>\n<p>Esta ma\u00f1ana, en las oficinas nacionales del Servicio Electoral en Santiago, los dirigentes de esa colectividad integrante del pacto centrista y liberal \u201cSentido Futuro\u201d, encabezados por su presidente Andr\u00e9s Velasco llegaron a las dependencias nacionales del Servicio Electoral (el ex ministro de Hacienda llego caminando), para entregar las \u00a0firmas y fichas de mas de 2 mil 200 personas que aceptaron ser parte de este partido y que fueron recolectadas en un mes y medio, La nueva normativa para la inscripci\u00f3n de colectividades exigi\u00f3 un mayor orden en la entrega de fichas, siendo ordenadas por RUT, separadas con sobres con cada 100 fichas y adem\u00e1s entregando un listado alfab\u00e9tico de ellas tanto en forma escrita como en soporte digital, A este lugar llego\u00a0tambi\u00e9n al candidato a senador por la regi\u00f3n porte\u00f1a Jorge Errazuriz, quien ira por ese partido en formaci\u00f3n por esa zona y que acompa\u00f1o y ayudo a la entrega de estos papeles que fueron dejados en la oficina de partes del SERVEL, siendo celebrados efusivamente por todos los presentes, Ayer martes Ciudadanos entrego firmas en las regiones de Arica y Parinacota, Tarapac\u00e1 y el Maule y en los pr\u00f3ximos d\u00edas entregara de otras regiones como la de Los R\u00edos, Los Lagos y Ays\u00e9n y otras extremas que servir\u00e1n para cumplir con el rango nacional de legalidad que es estar constituidos en 8 regiones o en 3 contiguas, estas firmas presentadas en esta jornada, servir\u00e1n como fin la legalizaci\u00f3n de la candidatura senatorial de Jorge Errazuriz bajo el auspicio de una colectividad, seg\u00fan el ultimo balance del SERVEL presentado el 28 de marzo pasado, solo en tres regiones (Antofagasta, Los Lagos y Ays\u00e9n) han presentado rubricas de afiliaci\u00f3n que equivalen a 1.082 personas aunque tienen 2.420 fichas que aun est\u00e1n proces\u00e1ndose, en la Regi\u00f3n Metropolitana ya han alcanzado mas de 5.000 firmas de 8 mil que tienen que lograr<\/p>\n<p>Ante la inscripci\u00f3n regional de este partido, sus dirigentes y candidatos se mostraron conformes con este resultado que servir\u00e1 seg\u00fan ellos para impulsar las campa\u00f1as de sus postulantes por esa zona, as\u00ed al menos lo piensa el presidente de \u201cCiudadanos\u201d Andr\u00e9s Velasco quien agradeci\u00f3 a los ciudadanos de las principales ciudades de esa regi\u00f3n que ser\u00e1n parte del partido: \u201cYo me saco el sombrero ante la gente de la quinta regi\u00f3n, Valpara\u00edso, Vi\u00f1a, el interior, San Felipe, porque juntaron las firmas en un tiempo record, lo que nos revela primero las ganas de hacer bien el trabajo y lo segundo el entusiasmo y el inter\u00e9s que hay entre los ciudadanos de Valpara\u00edso, Vi\u00f1a, Los Andes, San Felipe por buscar formulas distintas en pol\u00edtica, as\u00ed que esto les augura un muy buen futuro a los candidatos de aqu\u00ed nos acompa\u00f1an hoy d\u00eda al Senado y a la C\u00e1mara de Diputados, tremendo aporte a una pol\u00edtica distinta e independiente en la regi\u00f3n de Valpara\u00edso\u201d, el ex precandidato presidencial se\u00f1alo que como partido est\u00e1n siendo \u201cuna maquina\u201d para recolectar las firmas en estas ultimas semanas, aunque hayan tenido complicaciones porque \u201cdise\u00f1aron la ley para que hayan complicaciones\u201d, culpando as\u00ed a los partidos tradicionales por aquellos problemas, mientras tanto el candidato a senador de Ciudadanos por la regi\u00f3n de Valpara\u00edso Jorge Errazuriz indico que con esta inscripci\u00f3n se cumpli\u00f3 con una fase para la consolidaci\u00f3n de su colectividad pero que debe incorporarse a mas sectores de la poblaci\u00f3n a participar en la pol\u00edtica: \u201cNosotros ya sentimos que Ciudadanos esta constituido en la Quinta Regi\u00f3n con estas firmas, esa era la primera etapa y la verdad es que para nosotros mismo tambi\u00e9n fue una sorpresa lo r\u00e1pido que las conseguimos, simplemente acerc\u00e1ndonos a la gente y plante\u00e1ndoles que nosotros formamos un partido pol\u00edtico, con lo que hoy d\u00eda ya de por si no es muy atractivo, pero que les ofrec\u00edamos una alternativa mas de gente nueva, de gente que no ha participado en pol\u00edtica, Yo creo que hoy d\u00eda, hay que hacer un llamado a los ciudadanos para que se acerquen a la pol\u00edtica, porque si no le vamos a dejar la pol\u00edtica y al pa\u00eds a los de siempre\u201d, sobre su campa\u00f1a senatorial, este ex empresario declaro un buen balance pero que el principal problema es que su nombre no es tan difundido en la opini\u00f3n publica: \u201cEl problema es que me tengo que hacer conocido, y en eso estoy trabajando, estoy recorriendo la zona\u201d, indico este postulante a la C\u00e1mara Alta<\/p>\n<p>Precisamente Jorge Errazuriz ser\u00e1 en representaci\u00f3n de Ciudadanos, el compa\u00f1ero de lista de la actual senadora por la zona Lily P\u00e9rez en el pacto \u201cSentido Futuro\u201d, donde habr\u00e1 una competencia \u201cfratricida\u201d por obtener uno de los 5 cupos que ofrecer\u00e1 esa regi\u00f3n a nivel de senadores, donde competir\u00e1n con los actuales representantes de la Nueva Mayor\u00eda por esa zona Ignacio Walker (DC) y Ricardo Lagos Weber (PPD), adem\u00e1s de la senadora PS Isabel Allende y posiblemente de los diputados Aldo Cornejo (DC) y Marco Antonio N\u00fa\u00f1ez (PPD) que tambi\u00e9n han manifestado su disposici\u00f3n a competir por esa representaci\u00f3n, tambi\u00e9n deber\u00e1n enfrentarse al actual senador Francisco Chahuan (RN) y a alg\u00fan representante de la UDI que aun no se decide en esa colectividad, El plazo fatal para la relegalizaci\u00f3n de partidos pol\u00edticos vencer\u00e1 el pr\u00f3ximo 14 de abril hasta las 23:59 hrs, de lo cual el SERVEL dispondr\u00e1 de turnos especiales de sus funcionarios para atender a todas las colectividades que a ultima hora inscriban sus partidos<\/p>\n<p>&nbsp;<\/p>\n","protected":false},"excerpt":{"rendered":"<p>Un grupo de dirigentes de esta colectividad liberal encabezados por su presidente Andr\u00e9s Velasco y el candidato a Senador Jorge Errazuriz presentaron esta ma\u00f1ana en las oficinas del Servicio Electoral en Santiago, mas de 2 mil firmas que fueron presentadas ante este organismo publico para su revisi\u00f3n y legalizaci\u00f3n, Ayer martes entregaron de otras regiones [&hellip;]<\/p>\n","protected":false},"author":1,"featured_media":766,"comment_status":"closed","ping_status":"closed","sticky":false,"template":"","format":"standard","meta":{"footnotes":""},"categories":[7,6],"tags":[],"class_list":["post-765","post","type-post","status-publish","format-standard","has-post-thumbnail","hentry","category-noticias-liberales","category-actualidad"],"_links":{"self":[{"href":"https:\/\/ciudadliberal.cl\/index.php?rest_route=\/wp\/v2\/posts\/765","targetHints":{"allow":["GET"]}}],"collection":[{"href":"https:\/\/ciudadliberal.cl\/index.php?rest_route=\/wp\/v2\/posts"}],"about":[{"href":"https:\/\/ciudadliberal.cl\/index.php?rest_route=\/wp\/v2\/types\/post"}],"author":[{"embeddable":true,"href":"https:\/\/ciudadliberal.cl\/index.php?rest_route=\/wp\/v2\/users\/1"}],"replies":[{"embeddable":true,"href":"https:\/\/ciudadliberal.cl\/index.php?rest_route=%2Fwp%2Fv2%2Fcomments&post=765"}],"version-history":[{"count":1,"href":"https:\/\/ciudadliberal.cl\/index.php?rest_route=\/wp\/v2\/posts\/765\/revisions"}],"predecessor-version":[{"id":767,"href":"https:\/\/ciudadliberal.cl\/index.php?rest_route=\/wp\/v2\/posts\/765\/revisions\/767"}],"wp:featuredmedia":[{"embeddable":true,"href":"https:\/\/ciudadliberal.cl\/index.php?rest_route=\/wp\/v2\/media\/766"}],"wp:attachment":[{"href":"https:\/\/ciudadliberal.cl\/index.php?rest_route=%2Fwp%2Fv2%2Fmedia&parent=765"}],"wp:term":[{"taxonomy":"category","embeddable":true,"href":"https:\/\/ciudadliberal.cl\/index.php?rest_route=%2Fwp%2Fv2%2Fcategories&post=765"},{"taxonomy":"post_tag","embeddable":true,"href":"https:\/\/ciudadliberal.cl\/index.php?rest_route=%2Fwp%2Fv2%2Ftags&post=765"}],"curies":[{"name":"wp","href":"https:\/\/api.w.org\/{rel}","templated":true}]}}