{"id":7634,"date":"2020-10-19T21:11:47","date_gmt":"2020-10-20T01:11:47","guid":{"rendered":"https:\/\/ciudadliberal.cl\/?p=7634"},"modified":"2020-10-19T21:11:49","modified_gmt":"2020-10-20T01:11:49","slug":"macron-condena-decapitacion-de-un-maestro-en-francia-van-9-detenidos","status":"publish","type":"post","link":"https:\/\/ciudadliberal.cl\/?p=7634","title":{"rendered":"Macron condena decapitaci\u00f3n de un maestro en Francia; van 9 detenidos"},"content":{"rendered":"\n<p>El presidente franc\u00e9s, Emmanuel Macron, conden\u00f3 lo que describi\u00f3 como un \u201cataque terrorista isl\u00e1mico\u201d contra un maestro de historia, quien\u00a0fue decapitado ayer en un suburbio de Par\u00eds, y exhort\u00f3 a la naci\u00f3n a mantenerse unida. <\/p>\n\n\n\n<p>Seg\u00fan los testigos, el agresor grit\u00f3 \u201cAllahu Akbar\u201d o \u201cAl\u00e1 es el m\u00e1s grande\u201d antes del ataque. Su v\u00edctima, Samuel Paty, un profesor de historia de 47 a\u00f1os, hab\u00eda mostrado a principios de este mes a sus alumnos caricaturas del profeta Mahoma en una clase de educaci\u00f3n c\u00edvica sobre la libertad de expresi\u00f3n. <\/p>\n\n\n\n<p>Un funcionario policial dijo que el sospechoso, que portaba un cuchillo y una pistola neum\u00e1tica que disparaba municiones de pl\u00e1stico, fue abatido a tiros a unos 600 metros de donde fue asesinado el maestro, porque ignor\u00f3 la orden de tirar sus armas y actuaba en forma amenazante.<\/p>\n\n\n\n<p><\/p>\n\n\n\n<p>Tras estos hechos, un fiscal de Francia abri\u00f3 una investigaci\u00f3n por homicidio con presunto m\u00f3vil terrorista. Tambi\u00e9n, el primer ministro, Jean Castex, dijo que el asesinato ten\u00eda el sello del terrorismo islamista y prometi\u00f3 que su gobierno responder\u00eda. <\/p>\n\n\n\n<pre class=\"wp-block-verse\"><strong>\u201cQuiero compartir con ustedes mi total indignaci\u00f3n. El laicismo, la columna vertebral de la Rep\u00fablica francesa, ha sido el blanco de este vil acto\u201d, agreg\u00f3 Castex. <\/strong><\/pre>\n\n\n\n<p>La polic\u00eda a\u00fan investiga si el atacante hab\u00eda actuado solo o ten\u00eda c\u00f3mplices. Los medios franceses informaron de que se trataba de un joven de 18 a\u00f1os de origen checheno nacido en Mosc\u00fa. Cuatro familiares del agresor, entre ellos un menor, fueron detenidos en las horas inmediatas al ataque. Ahora, otras cinco personas fueron arrestadas durante la noche, entre ellos, dos padres de alumnos de la escuela en la que impart\u00eda clases el docente. <\/p>\n\n\n\n<p>Por su parte, Macron visit\u00f3 la escuela donde el maestro trabajaba, en la localidad de Conflans-Saint-Honorine, y se reuni\u00f3 con el personal despu\u00e9s del asesinato. Un reportero de The Associated Press vio llegar a tres ambulancias y a polic\u00edas fuertemente armados para rodear la zona, al igual que camionetas policiales en las calles contiguas. <\/p>\n\n\n\n<p><\/p>\n\n\n\n<blockquote class=\"wp-block-quote is-layout-flow wp-block-quote-is-layout-flow\"><p><strong>\u201cUno de nuestros compatriotas fue asesinado hoy porque ense\u00f1aba la libertad de expresi\u00f3n, la libertad de creer o no creer\u201d, afirm\u00f3 Macron. <\/strong><\/p><\/blockquote>\n\n\n\n<p>Se\u00f1al\u00f3 que el ataque no debe dividir a Francia, pues eso es lo que los extremistas desean. \u201cDebemos mantenernos unidos todos como ciudadanos\u201d, agreg\u00f3. <\/p>\n\n\n\n<p>Este es el segundo incidente relacionado con terrorismo desde el inicio de un juicio en curso sobre la masacre perpetrada en enero de 2015 en la redacci\u00f3n del peri\u00f3dico sat\u00edrico Charlie Hebdo, tras la publicaci\u00f3n de caricaturas del profeta Mahoma. <\/p>\n\n\n\n<p><\/p>\n\n\n\n<h4 class=\"wp-block-heading\">Alumnos aterrados <\/h4>\n\n\n\n<p>Una semana antes, un hombre cuya hija asist\u00eda a clase de Paty grab\u00f3 un v\u00eddeo compartido en redes sociales, en el que calificaba al profesor de \u00abmat\u00f3n\u00bb y apelaba a los dem\u00e1s para que \u201cunieran sus fuerzas y dijeran \u2018alto, no toquen a nuestros hijos\u2019\u201d. Todav\u00eda no se ha podido confirmar si el autor del v\u00eddeo es uno de los nueve detenidos. Hace diez d\u00edas, el maestro hab\u00eda recibido amenazas despu\u00e9s de abrir una discusi\u00f3n \u201cpara un debate\u201d sobre las caricaturas, dijo un polic\u00eda a The Associated Press. El padre de un alumno hab\u00eda presentado una queja contra el maestro, dijo otro funcionario policial, y agreg\u00f3 que el presunto asesino no ten\u00eda hijos en la escuela. Varios padres depositaron flores en la puerta de la escuela. Algunos dijeron que sus hijos estaban aterrados por lo ocurrido. <\/p>\n\n\n\n<p>Varios dirigentes musulmanes de Francia condenaron el asesinato, que muchas figuras p\u00fablicas percibieron como un ataque a la esencia del Estado franc\u00e9s y a sus valores de laicidad, libertad de culto y libertad de expresi\u00f3n. <\/p>\n\n\n\n<p>Tareq Oubrou, im\u00e1n de una mezquita de Burdeos, neg\u00f3 que la matanza marcara un choque de civilizaciones. <\/p>\n\n\n\n<blockquote class=\"wp-block-quote is-layout-flow wp-block-quote-is-layout-flow\"><p><strong>\u201cNo es una civilizaci\u00f3n la que mata a un inocente, es la barbarie\u201d, dijo Oubrou a France Inter, y a\u00f1adi\u00f3 que la lista de ataques mortales por parte de militantes islamistas o sus simpatizantes es devastadora para la comunidad musulmana de Francia. <\/strong><\/p><\/blockquote>\n\n\n\n<p><\/p>\n\n\n\n<p>V\u00eda: <a href=\"https:\/\/www.milenio.com\/internacional\/europa\/francia-macron-condena-decapitacion-maestro-9-detenidos\">milenio.com<\/a><\/p>\n","protected":false},"excerpt":{"rendered":"<p>El presidente franc\u00e9s, Emmanuel Macron, conden\u00f3 lo que describi\u00f3 como un \u201cataque terrorista isl\u00e1mico\u201d contra un maestro de historia, quien\u00a0fue decapitado ayer en un suburbio de Par\u00eds, y exhort\u00f3 a la naci\u00f3n a mantenerse unida. Seg\u00fan los testigos, el agresor grit\u00f3 \u201cAllahu Akbar\u201d o \u201cAl\u00e1 es el m\u00e1s grande\u201d antes del ataque. Su v\u00edctima, Samuel [&hellip;]<\/p>\n","protected":false},"author":1,"featured_media":7635,"comment_status":"closed","ping_status":"closed","sticky":false,"template":"","format":"standard","meta":{"footnotes":""},"categories":[14,2],"tags":[],"class_list":["post-7634","post","type-post","status-publish","format-standard","has-post-thumbnail","hentry","category-entertainment","category-portada"],"_links":{"self":[{"href":"https:\/\/ciudadliberal.cl\/index.php?rest_route=\/wp\/v2\/posts\/7634","targetHints":{"allow":["GET"]}}],"collection":[{"href":"https:\/\/ciudadliberal.cl\/index.php?rest_route=\/wp\/v2\/posts"}],"about":[{"href":"https:\/\/ciudadliberal.cl\/index.php?rest_route=\/wp\/v2\/types\/post"}],"author":[{"embeddable":true,"href":"https:\/\/ciudadliberal.cl\/index.php?rest_route=\/wp\/v2\/users\/1"}],"replies":[{"embeddable":true,"href":"https:\/\/ciudadliberal.cl\/index.php?rest_route=%2Fwp%2Fv2%2Fcomments&post=7634"}],"version-history":[{"count":1,"href":"https:\/\/ciudadliberal.cl\/index.php?rest_route=\/wp\/v2\/posts\/7634\/revisions"}],"predecessor-version":[{"id":7636,"href":"https:\/\/ciudadliberal.cl\/index.php?rest_route=\/wp\/v2\/posts\/7634\/revisions\/7636"}],"wp:featuredmedia":[{"embeddable":true,"href":"https:\/\/ciudadliberal.cl\/index.php?rest_route=\/wp\/v2\/media\/7635"}],"wp:attachment":[{"href":"https:\/\/ciudadliberal.cl\/index.php?rest_route=%2Fwp%2Fv2%2Fmedia&parent=7634"}],"wp:term":[{"taxonomy":"category","embeddable":true,"href":"https:\/\/ciudadliberal.cl\/index.php?rest_route=%2Fwp%2Fv2%2Fcategories&post=7634"},{"taxonomy":"post_tag","embeddable":true,"href":"https:\/\/ciudadliberal.cl\/index.php?rest_route=%2Fwp%2Fv2%2Ftags&post=7634"}],"curies":[{"name":"wp","href":"https:\/\/api.w.org\/{rel}","templated":true}]}}