{"id":7632,"date":"2020-10-18T19:47:17","date_gmt":"2020-10-18T23:47:17","guid":{"rendered":"https:\/\/ciudadliberal.cl\/?p=7632"},"modified":"2020-10-18T19:47:19","modified_gmt":"2020-10-18T23:47:19","slug":"justin-trudeau-expandira-el-impulso-de-la-diversidad-en-los-directorios-corporativos-de-canada","status":"publish","type":"post","link":"https:\/\/ciudadliberal.cl\/?p=7632","title":{"rendered":"Justin Trudeau expandir\u00e1 el impulso de la diversidad en los directorios corporativos de Canad\u00e1"},"content":{"rendered":"\n<p>El objetivo es una mayor proporci\u00f3n de mujeres y minor\u00edas en puestos de liderazgo.<\/p>\n\n\n\n<p>El gobierno de<strong>&nbsp;<a href=\"https:\/\/twitter.com\/JustinTrudeau\" target=\"_blank\" rel=\"noreferrer noopener\">Justin Trudeau<\/a>&nbsp;<\/strong>est\u00e1 listo para lanzar un desaf\u00edo de&nbsp;<a href=\"http:\/\/www.elintransigente.com\/tag\/diversidad\" target=\"_blank\" rel=\"noreferrer noopener\"><strong>diversidad<\/strong><\/a>&nbsp;como parte de un esfuerzo por aumentar la proporci\u00f3n de mujeres y grupos minoritarios en puestos de liderazgo corporativo, a trav\u00e9s de un documento que se publicar\u00e1 a trav\u00e9s del ministro de innovaci\u00f3n,<strong>&nbsp;<a href=\"https:\/\/twitter.com\/NavdeepSBains\" target=\"_blank\" rel=\"noreferrer noopener\">Navdeep Bains<\/a><\/strong>.<\/p>\n\n\n\n<p>El objetivo del programa, llamado desaf\u00edo 50\/30, es alentar a las empresas a alcanzar la paridad de g\u00e9nero en sus directorios y en los puestos de alta direcci\u00f3n, y una representaci\u00f3n del 30% de los grupos minoritarios, seg\u00fan un documento obtenido por<strong>\u00a0Bloomberg<\/strong>.\u00a0El ministro de Innovaci\u00f3n, Navdeep Bains, encabeza el programa, que se dar\u00e1 a conocer el lunes.<\/p>\n\n\n\n<p>Bains albergar\u00e1 una mesa redonda con organizaciones y empresas que han acordado ayudar a desarrollar el desaf\u00edo.&nbsp;Los detalles, incluidos los incentivos que se ofrecer\u00e1n a las empresas, a\u00fan se est\u00e1n elaborando, seg\u00fan dos personas familiarizadas con el tema.&nbsp;Es probable que los programas de apoyo difieran seg\u00fan el tama\u00f1o de la empresa, dijeron las personas.<\/p>\n\n\n\n<p>Es el \u00faltimo impulso de los liberales de Trudeau, quienes desde que llegaron al poder en 2015 han hecho de la diversidad una prioridad.\u00a0Aun as\u00ed, las mujeres y las minor\u00edas est\u00e1n subrepresentadas en los escalones superiores de las empresas m\u00e1s grandes de Canad\u00e1.\u00a0En el sector financiero, por ejemplo, solo el 10% de los altos cargos ejecutivos y el 8% de los puestos no ejecutivos de la junta en los seis grandes bancos del pa\u00eds y dos grandes aseguradoras de vida est\u00e1n ocupados por minor\u00edas visibles, seg\u00fan\u00a0muestran los\u00a0datos compilados por\u00a0<a rel=\"noreferrer noopener\" href=\"https:\/\/www.bloomberg.com\/news\/articles\/2020-06-24\/toronto-s-racial-mosaic-fades-to-white-at-top-of-finance-giants\" target=\"_blank\">Bloomberg<\/a>\u00a0.<\/p>\n\n\n\n<p><\/p>\n\n\n\n<p>V\u00eda:<a href=\"https:\/\/elintransigente.com\/2020\/10\/justin-trudeau-expandira-el-impulso-de-la-diversidad-en-los-directorios-corporativos-de-canada\/\"> El intransigente <\/a><\/p>\n","protected":false},"excerpt":{"rendered":"<p>El objetivo es una mayor proporci\u00f3n de mujeres y minor\u00edas en puestos de liderazgo. El gobierno de&nbsp;Justin Trudeau&nbsp;est\u00e1 listo para lanzar un desaf\u00edo de&nbsp;diversidad&nbsp;como parte de un esfuerzo por aumentar la proporci\u00f3n de mujeres y grupos minoritarios en puestos de liderazgo corporativo, a trav\u00e9s de un documento que se publicar\u00e1 a trav\u00e9s del ministro de [&hellip;]<\/p>\n","protected":false},"author":1,"featured_media":0,"comment_status":"closed","ping_status":"closed","sticky":false,"template":"","format":"standard","meta":{"footnotes":""},"categories":[14,2],"tags":[],"class_list":["post-7632","post","type-post","status-publish","format-standard","hentry","category-entertainment","category-portada"],"_links":{"self":[{"href":"https:\/\/ciudadliberal.cl\/index.php?rest_route=\/wp\/v2\/posts\/7632","targetHints":{"allow":["GET"]}}],"collection":[{"href":"https:\/\/ciudadliberal.cl\/index.php?rest_route=\/wp\/v2\/posts"}],"about":[{"href":"https:\/\/ciudadliberal.cl\/index.php?rest_route=\/wp\/v2\/types\/post"}],"author":[{"embeddable":true,"href":"https:\/\/ciudadliberal.cl\/index.php?rest_route=\/wp\/v2\/users\/1"}],"replies":[{"embeddable":true,"href":"https:\/\/ciudadliberal.cl\/index.php?rest_route=%2Fwp%2Fv2%2Fcomments&post=7632"}],"version-history":[{"count":1,"href":"https:\/\/ciudadliberal.cl\/index.php?rest_route=\/wp\/v2\/posts\/7632\/revisions"}],"predecessor-version":[{"id":7633,"href":"https:\/\/ciudadliberal.cl\/index.php?rest_route=\/wp\/v2\/posts\/7632\/revisions\/7633"}],"wp:attachment":[{"href":"https:\/\/ciudadliberal.cl\/index.php?rest_route=%2Fwp%2Fv2%2Fmedia&parent=7632"}],"wp:term":[{"taxonomy":"category","embeddable":true,"href":"https:\/\/ciudadliberal.cl\/index.php?rest_route=%2Fwp%2Fv2%2Fcategories&post=7632"},{"taxonomy":"post_tag","embeddable":true,"href":"https:\/\/ciudadliberal.cl\/index.php?rest_route=%2Fwp%2Fv2%2Ftags&post=7632"}],"curies":[{"name":"wp","href":"https:\/\/api.w.org\/{rel}","templated":true}]}}