{"id":7629,"date":"2020-10-18T16:12:18","date_gmt":"2020-10-18T20:12:18","guid":{"rendered":"https:\/\/ciudadliberal.cl\/?p=7629"},"modified":"2020-10-18T16:12:21","modified_gmt":"2020-10-18T20:12:21","slug":"cronologia-del-estallido-un-ano-de-una-crisis-social-que-sacudio-los-cimientos-de-chile","status":"publish","type":"post","link":"https:\/\/ciudadliberal.cl\/?p=7629","title":{"rendered":"Cronolog\u00eda del estallido: Un a\u00f1o de una crisis social que sacudi\u00f3 los cimientos de Chile"},"content":{"rendered":"\n<p>Hoy se cumplen 12 meses desde que explotaron las revueltas contra el Gobierno y la desigualdad econ\u00f3mica m\u00e1s grandes desde el fin de la dictadura.<\/p>\n\n\n\n<p>Festivas e hist\u00f3ricas marchas, pero tambi\u00e9n cruentos episodios de violencia, han marcado los d\u00edas m\u00e1s arduos de la historia reciente del pa\u00eds.<\/p>\n\n\n\n<p>Nadie pod\u00eda imaginarse en<strong>&nbsp;octubre de 2019<\/strong>&nbsp;que las escaramuzas de los secundarios en contra de un aumento de 800 a 830 pesos en el pasaje del Metro iban a desembocar en una crisis sin parang\u00f3n en Chile y a sacudir los cimientos del pa\u00eds m\u00e1s estable de la regi\u00f3n.<\/p>\n\n\n\n<p>Miles de personas coparon durante semanas Plaza Italia, considerada la \u00abzona cero\u00bb del estallido, para protestar contra el Gobierno y la desigualdad, al grito de<strong>&nbsp;\u00abChile despert\u00f3\u00bb<\/strong>&nbsp;o&nbsp;<strong>\u00abNo son 30 pesos, son 30 a\u00f1os\u00bb.<\/strong><\/p>\n\n\n\n<p>La rotonda fue escenario de festivas concentraciones, pero tambi\u00e9n de cruentas batallas contra las fuerzas de seguridad, con incendios y saqueos, que dejaron una treintena de muertos y miles de heridos.<\/p>\n\n\n\n<p>Con la llegada del verano y la pandemia, la plaza se fue vaciando, pero la gente ha vuelto a la calle a medida que se acerca el aniversario de las revueltas y el hist\u00f3rico&nbsp;<strong>plebiscito del 25 de octubre<\/strong>, en el que los chilenos decidir\u00e1n si reemplazan la actual Constituci\u00f3n, heredada de la dictadura militar.<\/p>\n\n\n\n<p>A continuaci\u00f3n, un repaso de<strong>&nbsp;las fechas m\u00e1s se\u00f1aladas de los 12 meses m\u00e1s arduos de la historia reciente de Chile<\/strong>:<\/p>\n\n\n\n<p>&#8211; El&nbsp;<strong>18 de octubre<\/strong>&nbsp;varias<strong>&nbsp;<a href=\"https:\/\/www.cooperativa.cl\/noticias\/pais\/manifestaciones\/fiscalia-hubo-ataques-a-puntos-estrategicos-de-las-estaciones-de-metro\/2019-10-27\/112452.html\" target=\"_blank\" rel=\"noreferrer noopener\">estaciones de Metro son incendiadas&nbsp;<\/a><\/strong>en Santiago y arden el&nbsp;<a href=\"https:\/\/www.cooperativa.cl\/noticias\/pais\/policial\/incendios\/incendio-afecta-al-edificio-de-enel-en-el-centro-de-santiago\/2019-10-18\/221005.html\" target=\"_blank\" rel=\"noreferrer noopener\">edificio de la el\u00e9ctrica Enel<\/a>&nbsp;y una sucursal del Banco de Chile. El Presidente&nbsp;<strong>Sebasti\u00e1n Pi\u00f1era<\/strong>&nbsp;decreta el&nbsp;<strong><a href=\"https:\/\/www.cooperativa.cl\/noticias\/pais\/transportes\/metro\/pinera-decreto-estado-de-emergencia-tras-manifestaciones-sociales\/2019-10-19\/004146.html\" target=\"_blank\" rel=\"noreferrer noopener\">estado de emergencia<\/a><\/strong>&nbsp;y saca a los militares a la calle.<\/p>\n\n\n\n<p>&#8211; El 19, los desmanes se extienden a Valpara\u00edso. El Ej\u00e9rcito decreta el&nbsp;<a href=\"https:\/\/www.cooperativa.cl\/noticias\/pais\/ff-aa-y-de-orden\/ejercito\/toque-de-queda-en-santiago-tras-inedito-estallido-social\/2019-10-19\/194410.html\" target=\"_blank\" rel=\"noreferrer noopener\"><strong>toque de queda<\/strong><\/a>&nbsp;por ocho d\u00edas, algo in\u00e9dito en democracia.<\/p>\n\n\n\n<p>&#8211; En unas pol\u00e9micas declaraciones, Pi\u00f1era dice el 20 que Chile estaba&nbsp;<a href=\"https:\/\/www.cooperativa.cl\/noticias\/pais\/manifestaciones\/presidente-pinera-estamos-en-guerra-contra-un-enemigo-poderoso\/2019-10-20\/232318.html\" target=\"_blank\" rel=\"noreferrer noopener\"><strong>\u00aben guerra contra un enemigo poderoso\u00bb.<\/strong><\/a><\/p>\n\n\n\n<p>&#8211; El Parlamento aprueba el 21&nbsp;<a href=\"https:\/\/www.cooperativa.cl\/noticias\/pais\/manifestaciones\/camara-de-diputados-aprobo-proyecto-que-suspende-alza-de-tarifa-del-metro\/2019-10-20\/202345.html\" target=\"_blank\" rel=\"noreferrer noopener\"><strong>anular la subida en el precio del boleto de Metro.<\/strong><\/a><\/p>\n\n\n\n<p>&#8211;&nbsp;<strong><a href=\"https:\/\/www.cooperativa.cl\/noticias\/pais\/manifestaciones\/marcha-del-millon-de-personas-un-momento-que-marco-el-estallido-social\/2020-10-16\/073911.html\" target=\"_blank\" rel=\"noreferrer noopener\">M\u00e1s de 1,2 millones de personas toman Santiago<\/a>&nbsp;el 25,<\/strong>&nbsp;pese a que Pi\u00f1era anuncia medidas como el aumento del salario m\u00ednimo o la reducci\u00f3n del sueldo de los parlamentarios.&nbsp;<strong>Es la mayor concentraci\u00f3n en 30 a\u00f1os.<\/strong><\/p>\n\n\n\n<p>&#8211; El 28,\u00a0<strong>Pi\u00f1era\u00a0<a rel=\"noreferrer noopener\" href=\"https:\/\/www.cooperativa.cl\/noticias\/pais\/gobierno\/gabinete\/efecto-crisis-el-circulo-de-hierro-de-pinera-abandona-el-comite\/2019-10-28\/125004.html\" target=\"_blank\">cambia a ocho de sus 24 ministros<\/a>, entre ellos\u00a0<a rel=\"noreferrer noopener\" href=\"https:\/\/www.cooperativa.cl\/noticias\/pais\/gobierno\/gabinete\/andres-chadwick-al-dejar-el-gabinete-si-he-fallado-pido-disculpas\/2019-10-28\/132100.html\" target=\"_blank\">Andr\u00e9s Chadwick<\/a><\/strong>\u00a0(Interior), mientras los muertos llegan a 20 y diversos organismos internacionales anuncian visitas al pa\u00eds.<\/p>\n\n\n\n<h2 class=\"wp-block-heading\"><em><strong>PLEBISCITO COMO SALIDA<\/strong><\/em><\/h2>\n\n\n\n<p>&#8211; El Presidente Pi\u00f1era<a href=\"https:\/\/www.cooperativa.cl\/noticias\/economia\/organismos-internacionales\/apec\/presidente-pinera-descarto-realizar-la-apec-y-la-cop25-en-chile\/2019-10-30\/110415.html\" target=\"_blank\" rel=\"noreferrer noopener\"><strong>&nbsp;cancela el foro APEC<\/strong>&nbsp;<strong>y la cumbre contra el cambio clim\u00e1tico de la ONU.<\/strong>&nbsp;<\/a>Chile se queda tambi\u00e9n<a href=\"https:\/\/www.alairelibre.cl\/noticias\/deportes\/copa-libertadores\/final\/final-de-copa-libertadores-sera-el-23-de-noviembre-en-lima-segun-medio\/2019-11-05\/173601.html\" target=\"_blank\" rel=\"noreferrer noopener\">&nbsp;<strong>sin la final de la Copa Libertadores.<\/strong><\/a><\/p>\n\n\n\n<p>&#8211; El<strong>&nbsp;Banco Central<\/strong>&nbsp;anuncia el 13 una&nbsp;<a href=\"https:\/\/www.cooperativa.cl\/noticias\/pais\/manifestaciones\/el-banco-central-sale-a-contener-la-subida-del-dolar\/2019-11-13\/171028.html\" target=\"_blank\" rel=\"noreferrer noopener\"><strong>inyecci\u00f3n de 4.000 millones de d\u00f3lares<\/strong><\/a>, luego de que el peso lleve varios d\u00edas en ca\u00edda libre y de que el Gobierno se abra a redactar una nueva Constituci\u00f3n, pues la actual rige desde la dictadura y es vista como el origen de las desigualdades.<\/p>\n\n\n\n<p>&#8211;&nbsp;<strong>El oficialismo y la oposici\u00f3n<a href=\"https:\/\/www.cooperativa.cl\/noticias\/pais\/manifestaciones\/historico-los-chilenos-definiran-en-plebiscito-si-hay-nueva\/2019-11-15\/012059.html\" target=\"_blank\" rel=\"noreferrer noopener\">&nbsp;acuerdan el 15 de noviembre convocar un plebiscito en abril de 2020<\/a><\/strong>&nbsp;sobre un&nbsp;<strong>nuevo texto constitucional<\/strong>&nbsp;<strong>y qu\u00e9 tipo de \u00f3rgano deber\u00eda redactarlo.<\/strong><\/p>\n\n\n\n<p>&#8211; El 20, el colectivo&nbsp;<strong>LasTesis<\/strong>&nbsp;interpreta por primera vez&nbsp;<a href=\"https:\/\/www.cooperativa.cl\/noticias\/pais\/manifestaciones\/impacto-mundial-de-lastesis-intervencion-un-violador-en-tu-camino-se\/2019-11-29\/190931.html\" target=\"_blank\" rel=\"noreferrer noopener\"><strong>\u00abUn violador en tu camino\u00bb<\/strong><\/a>, que semanas despu\u00e9s se vuelve un himno global feminista.<\/p>\n\n\n\n<p>&#8211;&nbsp;<strong>Gustavo Gatica<\/strong>&nbsp;se convierte el 26 de noviembre en el<a href=\"https:\/\/www.cooperativa.cl\/noticias\/pais\/manifestaciones\/parte-medico-confirmo-que-gustavo-gatica-perdio-la-vision-de-ambos-ojos\/2019-11-26\/170530.html\" target=\"_blank\" rel=\"noreferrer noopener\"><strong>&nbsp;primer manifestante en quedarse ciego tras recibir perdigones en el rostro.<\/strong><\/a><\/p>\n\n\n\n<p>&#8211;&nbsp;<strong>El peso sigue desplom\u00e1ndose<\/strong>&nbsp;y el emisor interviene el 28 con un monto de hasta&nbsp;<a href=\"https:\/\/www.cooperativa.cl\/noticias\/economia\/banco-central\/banco-central-intervendra-mercado-cambiario-para-contener-alza-del-dolar\/2019-11-28\/180555.html\" target=\"_blank\" rel=\"noreferrer noopener\"><strong>20.000 millones de d\u00f3lares.<\/strong><\/a><\/p>\n\n\n\n<p>&#8211; El 11 de diciembre, el&nbsp;<strong><a href=\"https:\/\/www.cooperativa.cl\/noticias\/pais\/gobierno\/gabinete\/cinco-anos-sin-optar-a-cargos-publicos-senado-aprobo-acusacion-contra\/2019-12-11\/185801.html\" target=\"_blank\" rel=\"noreferrer noopener\">Congreso inhabilita a Chadwick<\/a>&nbsp;para ejercer cargos p\u00fablicos por cinco a\u00f1os por su gesti\u00f3n del estallido.<\/strong><\/p>\n\n\n\n<p>&#8211;\u00a0<strong>Los diputados\u00a0<a rel=\"noreferrer noopener\" href=\"https:\/\/www.cooperativa.cl\/noticias\/pais\/presidente-pinera\/camara-de-diputados-desecho-acusacion-constitucional-contra-el\/2019-12-12\/161205.html\" target=\"_blank\">rechazan al d\u00eda siguiente un juicio pol\u00edtico contra Pi\u00f1era<\/a>\u00a0por violaciones a los derechos humanos<\/strong>\u00a0cometidas en la crisis, mientras que la<strong>\u00a0ONU\u00a0<\/strong>denuncia el 13 el<a rel=\"noreferrer noopener\" href=\"https:\/\/www.cooperativa.cl\/noticias\/pais\/dd-hh\/onu-documento-amenazas-de-desaparecer-de-violacion-y-ejecuciones\/2019-12-13\/114744.html\" target=\"_blank\"><strong>\u00a0elevado n\u00famero de heridos oculares en las protestas.<\/strong><\/a><\/p>\n\n\n\n<p><\/p>\n\n\n\n<p>V\u00eda: <a href=\"https:\/\/www.cooperativa.cl\/noticias\/pais\/manifestaciones\/cronologia-del-estallido-un-ano-de-una-crisis-social-que-sacudio-los\/2020-10-17\/235048.html\">Cooperativa<\/a><\/p>\n","protected":false},"excerpt":{"rendered":"<p>Hoy se cumplen 12 meses desde que explotaron las revueltas contra el Gobierno y la desigualdad econ\u00f3mica m\u00e1s grandes desde el fin de la dictadura. Festivas e hist\u00f3ricas marchas, pero tambi\u00e9n cruentos episodios de violencia, han marcado los d\u00edas m\u00e1s arduos de la historia reciente del pa\u00eds. Nadie pod\u00eda imaginarse en&nbsp;octubre de 2019&nbsp;que las escaramuzas [&hellip;]<\/p>\n","protected":false},"author":1,"featured_media":7630,"comment_status":"closed","ping_status":"closed","sticky":false,"template":"","format":"standard","meta":{"footnotes":""},"categories":[16,2],"tags":[],"class_list":["post-7629","post","type-post","status-publish","format-standard","has-post-thumbnail","hentry","category-internet","category-portada"],"_links":{"self":[{"href":"https:\/\/ciudadliberal.cl\/index.php?rest_route=\/wp\/v2\/posts\/7629","targetHints":{"allow":["GET"]}}],"collection":[{"href":"https:\/\/ciudadliberal.cl\/index.php?rest_route=\/wp\/v2\/posts"}],"about":[{"href":"https:\/\/ciudadliberal.cl\/index.php?rest_route=\/wp\/v2\/types\/post"}],"author":[{"embeddable":true,"href":"https:\/\/ciudadliberal.cl\/index.php?rest_route=\/wp\/v2\/users\/1"}],"replies":[{"embeddable":true,"href":"https:\/\/ciudadliberal.cl\/index.php?rest_route=%2Fwp%2Fv2%2Fcomments&post=7629"}],"version-history":[{"count":1,"href":"https:\/\/ciudadliberal.cl\/index.php?rest_route=\/wp\/v2\/posts\/7629\/revisions"}],"predecessor-version":[{"id":7631,"href":"https:\/\/ciudadliberal.cl\/index.php?rest_route=\/wp\/v2\/posts\/7629\/revisions\/7631"}],"wp:featuredmedia":[{"embeddable":true,"href":"https:\/\/ciudadliberal.cl\/index.php?rest_route=\/wp\/v2\/media\/7630"}],"wp:attachment":[{"href":"https:\/\/ciudadliberal.cl\/index.php?rest_route=%2Fwp%2Fv2%2Fmedia&parent=7629"}],"wp:term":[{"taxonomy":"category","embeddable":true,"href":"https:\/\/ciudadliberal.cl\/index.php?rest_route=%2Fwp%2Fv2%2Fcategories&post=7629"},{"taxonomy":"post_tag","embeddable":true,"href":"https:\/\/ciudadliberal.cl\/index.php?rest_route=%2Fwp%2Fv2%2Ftags&post=7629"}],"curies":[{"name":"wp","href":"https:\/\/api.w.org\/{rel}","templated":true}]}}