{"id":7624,"date":"2020-10-15T19:18:05","date_gmt":"2020-10-15T23:18:05","guid":{"rendered":"https:\/\/ciudadliberal.cl\/?p=7624"},"modified":"2020-10-15T19:19:58","modified_gmt":"2020-10-15T23:19:58","slug":"trudeau-critica-a-china-por-su-diplomacia-coercitiva","status":"publish","type":"post","link":"https:\/\/ciudadliberal.cl\/?p=7624","title":{"rendered":"Trudeau critica a China por su \u201cdiplomacia coercitiva\u201d"},"content":{"rendered":"\n<p>El primer ministro de Canad\u00e1 volvi\u00f3 a denunciar la \u00abarbitraria\u00bb detenci\u00f3n de dos compatriotas en China como tambi\u00e9n la de otros extranjeros. Sostuvo que esas detenciones son una \u00abt\u00e1ctica\u00bb mal vista por su pa\u00eds y aliados.<\/p>\n\n\n\n<p><strong>La \u201cdiplomacia coercitiva\u201d de China hacia algunos pa\u00edses y su enfoque de los derechos humanos son contraproducentes, dijo este martes el primer ministro de Canad\u00e1, Justin Trudeau.<\/strong><\/p>\n\n\n\n<p>El gobernante volvi\u00f3 a denunciar la \u201carbitraria\u201d detenci\u00f3n de dos canadienses en China como tambi\u00e9n la de otros extranjeros. Sostuvo que esas detenciones son fruto de una \u201cdiplomacia coercitiva\u201d y una \u201ct\u00e1ctica\u201d mal vista por Canad\u00e1 y sus aliados.<\/p>\n\n\n\n<p>Tambi\u00e9n critic\u00f3 a Pek\u00edn en materia de derechos humanos tanto respecto a los uigures como hacia los ciudadanos de Hong Kong y afirm\u00f3 que esos temas \u201cpreocupan enormemente\u201d a Canad\u00e1.<\/p>\n\n\n\n<p>Trudeau habl\u00f3 al cumplirse este martes el cincuentenario del establecimiento de las relaciones diplom\u00e1ticas bilaterales y despu\u00e9s de que el embajador canadiense en China mantuvierqa un contacto \u201cvirtual\u201d con el exdiplom\u00e1tico Michael Kovrig y el consultor Michael Spavor, el primero con ambos desde enero.<\/p>\n\n\n\n<p>Los dos est\u00e1n presos en China desde el 10 de diciembre de 2018 y en junio fueron acusados de espionaje.<\/p>\n\n\n\n<p>Esos arrestos \u201chan puesto en tensi\u00f3n la relaci\u00f3n entre Canad\u00e1 y China\u201d, dijo Trudeau en una rueda de prensa.<\/p>\n\n\n\n<p>La detenci\u00f3n de los canadienses es vista en Occidente como una represalia por el arresto en Canad\u00e1 de Meng Wanzhou, directora financiera del gigante de telecomunicaciones Huawei. Meng fue detenida con fines de extradici\u00f3n a Estados Unidos.<\/p>\n\n\n\n<p><\/p>\n\n\n\n<p>V\u00eda: <a href=\"http:\/\/www.lanacion.cl\/trudeau-critica-a-china-por-su-diplomacia-coercitiva\/\">La Naci\u00f3n<\/a><\/p>\n\n\n\n<p><\/p>\n","protected":false},"excerpt":{"rendered":"<p>El primer ministro de Canad\u00e1 volvi\u00f3 a denunciar la \u00abarbitraria\u00bb detenci\u00f3n de dos compatriotas en China como tambi\u00e9n la de otros extranjeros. Sostuvo que esas detenciones son una \u00abt\u00e1ctica\u00bb mal vista por su pa\u00eds y aliados. La \u201cdiplomacia coercitiva\u201d de China hacia algunos pa\u00edses y su enfoque de los derechos humanos son contraproducentes, dijo este [&hellip;]<\/p>\n","protected":false},"author":1,"featured_media":7625,"comment_status":"closed","ping_status":"closed","sticky":false,"template":"","format":"standard","meta":{"footnotes":""},"categories":[14,2],"tags":[],"class_list":["post-7624","post","type-post","status-publish","format-standard","has-post-thumbnail","hentry","category-entertainment","category-portada"],"_links":{"self":[{"href":"https:\/\/ciudadliberal.cl\/index.php?rest_route=\/wp\/v2\/posts\/7624","targetHints":{"allow":["GET"]}}],"collection":[{"href":"https:\/\/ciudadliberal.cl\/index.php?rest_route=\/wp\/v2\/posts"}],"about":[{"href":"https:\/\/ciudadliberal.cl\/index.php?rest_route=\/wp\/v2\/types\/post"}],"author":[{"embeddable":true,"href":"https:\/\/ciudadliberal.cl\/index.php?rest_route=\/wp\/v2\/users\/1"}],"replies":[{"embeddable":true,"href":"https:\/\/ciudadliberal.cl\/index.php?rest_route=%2Fwp%2Fv2%2Fcomments&post=7624"}],"version-history":[{"count":2,"href":"https:\/\/ciudadliberal.cl\/index.php?rest_route=\/wp\/v2\/posts\/7624\/revisions"}],"predecessor-version":[{"id":7627,"href":"https:\/\/ciudadliberal.cl\/index.php?rest_route=\/wp\/v2\/posts\/7624\/revisions\/7627"}],"wp:featuredmedia":[{"embeddable":true,"href":"https:\/\/ciudadliberal.cl\/index.php?rest_route=\/wp\/v2\/media\/7625"}],"wp:attachment":[{"href":"https:\/\/ciudadliberal.cl\/index.php?rest_route=%2Fwp%2Fv2%2Fmedia&parent=7624"}],"wp:term":[{"taxonomy":"category","embeddable":true,"href":"https:\/\/ciudadliberal.cl\/index.php?rest_route=%2Fwp%2Fv2%2Fcategories&post=7624"},{"taxonomy":"post_tag","embeddable":true,"href":"https:\/\/ciudadliberal.cl\/index.php?rest_route=%2Fwp%2Fv2%2Ftags&post=7624"}],"curies":[{"name":"wp","href":"https:\/\/api.w.org\/{rel}","templated":true}]}}