{"id":7621,"date":"2020-10-15T17:54:44","date_gmt":"2020-10-15T21:54:44","guid":{"rendered":"https:\/\/ciudadliberal.cl\/?p=7621"},"modified":"2020-10-15T17:54:46","modified_gmt":"2020-10-15T21:54:46","slug":"macron-anuncia-toque-de-queda-en-paris-y-otras-ocho-ciudades-ante-el-aumento-de-contagios","status":"publish","type":"post","link":"https:\/\/ciudadliberal.cl\/?p=7621","title":{"rendered":"Macron anuncia toque de queda en Par\u00eds y otras ocho ciudades ante el aumento de contagios"},"content":{"rendered":"\n<p>El presidente de Francia, Emmanuel Macron, anunci\u00f3 un toque de queda nocturno que regir\u00e1 en Par\u00eds y ocho ciudades m\u00e1s a partir del 17 de octubre para reducir el incremento de contagios de Covid-19 registrado&nbsp;en los \u00faltimos d\u00edas. La medida se extender\u00e1 durante cuatro semanas y contempla multas&nbsp;para aquellos que incumplan la norma.<\/p>\n\n\n\n<p>Francia vuelve a endurecer las medidas para tratar de frenar la pandemia. A partir de este s\u00e1bado 17 de octubre, y durante al menos cuatro semanas, entrar\u00e1 en vigor un toque de queda en la capital francesa y en ocho ciudades m\u00e1s, desde las 9 p.m. hasta las 6.am.<\/p>\n\n\n\n<p>Las metr\u00f3polis afectadas con las nuevas restricciones son: Par\u00eds, Grenoble, Lille, Lyon, Aix-Marseille, Montpellier, Rouen, Saint-\u00c9tienne y Toulouse.<\/p>\n\n\n\n<p>Las autoridades advirtieron&nbsp;que impondr\u00e1n multas a cualquiera que viole la medida. La sanci\u00f3n ir\u00e1 desde los 135 euros (158.61 d\u00f3lares), si incumple por primera vez, y hasta los 1.500 euros (1762.05 d\u00f3lares), si incurre en la falta por segunda ocasi\u00f3n.<\/p>\n\n\n\n<p>La medida fue anunciada por el mandatario Emmanuel en televisi\u00f3n nacional&nbsp;poco despu\u00e9s de que su Gobierno declarara un nuevo estado de emergencia de salud p\u00fablica.<\/p>\n\n\n\n<p>\u00abEstamos en una segunda ola&nbsp;(\u2026) Tenemos que tomar medidas m\u00e1s estrictas (porque)&nbsp;estamos en una situaci\u00f3n preocupante\u00bb, confirm\u00f3 Macron.<\/p>\n\n\n\n<p>El presidente se\u00f1al\u00f3 que la restricci\u00f3n est\u00e1 principalmente enfocada en limitar las actividades sociales por ser consideradas el mayor foco de contagios, pero que estar\u00e1n permitidos los traslados por motivos esenciales.<\/p>\n\n\n\n<p>\u00abNo habr\u00e1 prohibici\u00f3n de tr\u00e1fico entre las 9:00 p.m. y las 6:00 a.m., pero habr\u00e1 una limitaci\u00f3n estricta por buenas razones. Eso significa, por otro lado, que ya no iremos a restaurantes, ya no saldremos del restaurante despu\u00e9s de las 9:00 p.m., ya no iremos a casa de amigos, no iremos de fiesta porque sabemos que es ah\u00ed donde nos contagiamos m\u00e1s f\u00e1cilmente y es lo que debemos reducir\u201d, explic\u00f3 el mandatario.<\/p>\n\n\n\n<p>Asimismo, Macron indic\u00f3 que el transporte p\u00fablico seguir\u00e1 funcionando y que a\u00fan estar\u00e1n permitidos los viajes entre regiones, sin restricciones. El objetivo de la medida es frenar el crecimiento de los contagios para que el actual ritmo pase de los aproximadamente 20.000 casos diarios al nivel de 3.000 a 5.000, a\u00f1adi\u00f3.<\/p>\n\n\n\n<p>El jefe de Estado asegur\u00f3 que un nuevo confinamiento general de la poblaci\u00f3n, como el vivido entre marzo y mayo, \u00abser\u00eda desproporcionado\u00bb, por lo que el toque de queda \u00abes una medida pertinente\u00bb.<\/p>\n\n\n\n<p>\u201cNo hemos decidido reducir los viajes entre regiones, es una elecci\u00f3n porque creo que es la opci\u00f3n de no infantilizar, sino de empoderar y por lo tanto significa que no impediremos que las personas pasen de una regi\u00f3n a otra o, adem\u00e1s, concretamente, que se vayan de vacaciones\u00bb, afirm\u00f3.<\/p>\n\n\n\n<p><strong>Auxilios econ\u00f3micos del Gobierno durante las nuevas restricciones<\/strong><\/p>\n\n\n\n<p>Si bien el bloqueo a las actividades sociales ayuda a frenar la crisis sanitaria, por otra parte&nbsp;profundiza los golpes econ\u00f3micos que la pandemia ya ha causado a peque\u00f1os y grandes negocios.<\/p>\n\n\n\n<p>Ante este panorama, el presidente franc\u00e9s tambi\u00e9n anunci\u00f3 nuevas medidas de apoyo para los sectores afectados por el toque de queda, como catering, teatros, cines y eventos.<\/p>\n\n\n\n<p>Adem\u00e1s, Macron confirm\u00f3 una ayuda extra de 150 euros y 100 euros m\u00e1s por cada hijo para los beneficiarios de RSA (Renta de Solidaridad Activa)&nbsp;y APL&nbsp;(Ayuda Personalizada a la Locaci\u00f3n). Se trata de auxilios para las personas sin empleo y los estudiantes, respectivamente. Estos nuevos apoyos del Gobierno tendr\u00e1n una duraci\u00f3n de seis semanas, un poco m\u00e1s de las cuatro semanas que, por ahora, est\u00e1 previsto que duren las nuevas restricciones.<\/p>\n\n\n\n<p>Francia levant\u00f3 el estado de emergencia en julio, despu\u00e9s de un descenso en el n\u00famero de casos de Covid-19, pero desde entonces el pa\u00eds ha reportado rebrotes y un constante aumento en los contagios.<\/p>\n\n\n\n<p>Este mi\u00e9rcoles, el Ministerio de Salud inform\u00f3 sobre 22.591 nuevos casos, la tercera vez en seis d\u00edas que el recuento de casos supera el umbral de 20.000 cada 24 horas. Hasta el momento, la naci\u00f3n registra 820.017 contagios acumulados y un total de 33.056 muertes, seg\u00fan el conteo independiente de la Universidad Johns Hopkins.<\/p>\n\n\n\n<p>Con Reuters, EFE y AFP<\/p>\n\n\n\n<p>V\u00eda: <a href=\"https:\/\/www.france24.com\/es\/20201014-francia-toque-queda-paris-aumento-contagios-covid-19-macron\">France24<\/a><\/p>\n\n\n\n<p><a rel=\"noreferrer noopener\" href=\"https:\/\/www.facebook.com\/dialog\/share?app_id=121241974571942&amp;href=http%3A%2F%2Ff24.my%2F6yVE.F&amp;redirect_uri=https%3A%2F%2Fwww.france24.com%2Fes%2F20201014-francia-toque-queda-paris-aumento-contagios-covid-19-macron&amp;locale=es_LA\" target=\"_blank\"><\/a><a rel=\"noreferrer noopener\" href=\"https:\/\/web.whatsapp.com\/send?text=Macron%20anuncia%20toque%20de%20queda%20en%20Par%C3%ADs%20y%20otras%20ocho%20ciudades%20ante%20el%20aumento%20de%20contagios%20-%20http%3A%2F%2Ff24.my%2F6yVE.W\" target=\"_blank\"><\/a><a rel=\"noreferrer noopener\" href=\"https:\/\/twitter.com\/intent\/tweet?url=http%3A%2F%2Ff24.my%2F6yVE.T&amp;via=France24_es&amp;related=yuraArciniegas&amp;text=Macron%20anuncia%20toque%20de%20queda%20en%20Par%C3%ADs%20y%20otras%20ocho%20ciudades%20ante%20el%20aumento%20de%20contagios&amp;lang=es\" target=\"_blank\"><\/a><\/p>\n","protected":false},"excerpt":{"rendered":"<p>El presidente de Francia, Emmanuel Macron, anunci\u00f3 un toque de queda nocturno que regir\u00e1 en Par\u00eds y ocho ciudades m\u00e1s a partir del 17 de octubre para reducir el incremento de contagios de Covid-19 registrado&nbsp;en los \u00faltimos d\u00edas. La medida se extender\u00e1 durante cuatro semanas y contempla multas&nbsp;para aquellos que incumplan la norma. Francia vuelve [&hellip;]<\/p>\n","protected":false},"author":1,"featured_media":7622,"comment_status":"closed","ping_status":"closed","sticky":false,"template":"","format":"standard","meta":{"footnotes":""},"categories":[14,2],"tags":[],"class_list":["post-7621","post","type-post","status-publish","format-standard","has-post-thumbnail","hentry","category-entertainment","category-portada"],"_links":{"self":[{"href":"https:\/\/ciudadliberal.cl\/index.php?rest_route=\/wp\/v2\/posts\/7621","targetHints":{"allow":["GET"]}}],"collection":[{"href":"https:\/\/ciudadliberal.cl\/index.php?rest_route=\/wp\/v2\/posts"}],"about":[{"href":"https:\/\/ciudadliberal.cl\/index.php?rest_route=\/wp\/v2\/types\/post"}],"author":[{"embeddable":true,"href":"https:\/\/ciudadliberal.cl\/index.php?rest_route=\/wp\/v2\/users\/1"}],"replies":[{"embeddable":true,"href":"https:\/\/ciudadliberal.cl\/index.php?rest_route=%2Fwp%2Fv2%2Fcomments&post=7621"}],"version-history":[{"count":1,"href":"https:\/\/ciudadliberal.cl\/index.php?rest_route=\/wp\/v2\/posts\/7621\/revisions"}],"predecessor-version":[{"id":7623,"href":"https:\/\/ciudadliberal.cl\/index.php?rest_route=\/wp\/v2\/posts\/7621\/revisions\/7623"}],"wp:featuredmedia":[{"embeddable":true,"href":"https:\/\/ciudadliberal.cl\/index.php?rest_route=\/wp\/v2\/media\/7622"}],"wp:attachment":[{"href":"https:\/\/ciudadliberal.cl\/index.php?rest_route=%2Fwp%2Fv2%2Fmedia&parent=7621"}],"wp:term":[{"taxonomy":"category","embeddable":true,"href":"https:\/\/ciudadliberal.cl\/index.php?rest_route=%2Fwp%2Fv2%2Fcategories&post=7621"},{"taxonomy":"post_tag","embeddable":true,"href":"https:\/\/ciudadliberal.cl\/index.php?rest_route=%2Fwp%2Fv2%2Ftags&post=7621"}],"curies":[{"name":"wp","href":"https:\/\/api.w.org\/{rel}","templated":true}]}}