{"id":761,"date":"2017-04-05T12:39:21","date_gmt":"2017-04-05T15:39:21","guid":{"rendered":"https:\/\/ciudadliberal.cl\/?p=761"},"modified":"2017-04-05T12:39:21","modified_gmt":"2017-04-05T15:39:21","slug":"donde-quedo-la-tercera-via","status":"publish","type":"post","link":"https:\/\/ciudadliberal.cl\/?p=761","title":{"rendered":"\u00bfD\u00f3nde qued\u00f3 la tercera v\u00eda?"},"content":{"rendered":"<p class=\"bajada\"><strong>Frente a los reg\u00edmenes comunistas de Europa oriental y al capitalismo en Estados Unidos, gran parte de los pa\u00edses de Europa occidental opt\u00f3 por una tercera v\u00eda: la socialdemocracia.<\/strong><\/p>\n<p class=\"bajada\"><!-- Galeria --><!-- \/Galeria --><!-- Video --><!-- Video --><!-- \/Video -->Esta posici\u00f3n pol\u00edtica acepta el libre mercado y el respeto por las libertades individuales, pero sin renunciar a los ideales de igualdad y emancipaci\u00f3n, que se materializaron en un Estado de bienestar, que procura entregar protecci\u00f3n social a todos los ciudadanos y, en particular, a los m\u00e1s necesitados. La socialdemocracia, que fue en parte responsable del \u00e9xito econ\u00f3mico y social de los pa\u00edses de Europa occidental por varias d\u00e9cadas \u2014y que gobern\u00f3 Chile durante veinte a\u00f1os con la Concertaci\u00f3n, salvando las diferencias\u2014, hoy se encuentra desafiada en el mundo entero.<\/p>\n<div class=\"CUERPO grid-12\">\n<p>En nuestro pa\u00eds la centroizquierda parece haber abandonado la tercera v\u00eda. La Nueva Mayor\u00eda reneg\u00f3 de la Concertaci\u00f3n y se erige como una alternativa de izquierda sin bordes claros, donde la socialdemocracia corre el riesgo de ser abandonada. Ninguno de los precandidatos presidenciales de este conglomerado (Guillier, Lagos y Goic) ha defendido abiertamente la socialdemocracia como una alternativa para el futuro de Chile ni ha propuesto un rumbo distinto para la actual coalici\u00f3n. Ricardo Lagos, presidente emblem\u00e1tico de la Concertaci\u00f3n, hoy se declara un continuador del gobierno de Bachelet y sus reformas. Alejandro Guillier oscila un d\u00eda a la izquierda de Lagos, estrechando lazos con el Partido Comunista, y al otro d\u00eda a la derecha de Lagos, criticando al actual gobierno. Carolina Goic, por su parte, no ha mostrado una postura clara y su falta de convicci\u00f3n para ir a una primera vuelta refleja su deseo de continuar con el rumbo de la Nueva Mayor\u00eda.<\/p>\n<p>La actual coalici\u00f3n gobernante abandon\u00f3 el centro pol\u00edtico y ninguno de sus partidos ni sus precandidatos parece preocupado por recuperarlo. La estrategia no ser\u00eda mala si los votos estuvieran en la izquierda, pero los resultados de las \u00faltimas elecciones municipales, al igual que las encuestas, hacen pensar que ah\u00ed no est\u00e1n. A ello debe sumarse un Frente Amplio que resulta considerablemente m\u00e1s sexy para el votante duro de izquierda. Inc\u00f3moda posici\u00f3n para la Nueva Mayor\u00eda, que busca su lugar en la geograf\u00eda pol\u00edtica y no lo encuentra. \u00bfQu\u00e9 pas\u00f3 con la generaci\u00f3n de los 90? \u00bfSucumbieron ante el encanto de los j\u00f3venes revolucionarios? \u00bfQu\u00e9 pas\u00f3 con esa izquierda moderna que cre\u00eda en el mercado y en la justicia social?<\/p>\n<p>No deja de ser paradojal que la f\u00f3rmula que llev\u00f3 a la centroizquierda a gobernar exitosamente durante veinte a\u00f1os sea, probablemente, la f\u00f3rmula que utilice hoy la centroderecha para ganar el centro pol\u00edtico y gobernar los pr\u00f3ximos cuatro a\u00f1os.<\/p>\n<p><img loading=\"lazy\" decoding=\"async\" class=\"wp-image-763 alignleft\" src=\"https:\/\/ciudadliberal.cl\/wp-content\/uploads\/2017\/04\/Sylvia-Eyzaguirre.jpg\" alt=\"\" width=\"190\" height=\"190\" srcset=\"https:\/\/ciudadliberal.cl\/wp-content\/uploads\/2017\/04\/Sylvia-Eyzaguirre.jpg 260w, https:\/\/ciudadliberal.cl\/wp-content\/uploads\/2017\/04\/Sylvia-Eyzaguirre-150x150.jpg 150w\" sizes=\"auto, (max-width: 190px) 100vw, 190px\" \/><\/p>\n<\/div>\n<p>&nbsp;<\/p>\n<p>&nbsp;<\/p>\n<p><strong>Sylvia Eyzaguirre T.<\/strong><\/p>\n<p>Investigadora Educaci\u00f3n Centro de Estudios Publicos<\/p>\n<p>&nbsp;<\/p>\n","protected":false},"excerpt":{"rendered":"<p>Frente a los reg\u00edmenes comunistas de Europa oriental y al capitalismo en Estados Unidos, gran parte de los pa\u00edses de Europa occidental opt\u00f3 por una tercera v\u00eda: la socialdemocracia. Esta posici\u00f3n pol\u00edtica acepta el libre mercado y el respeto por las libertades individuales, pero sin renunciar a los ideales de igualdad y emancipaci\u00f3n, que se [&hellip;]<\/p>\n","protected":false},"author":1,"featured_media":762,"comment_status":"closed","ping_status":"closed","sticky":false,"template":"","format":"standard","meta":{"footnotes":""},"categories":[6,13],"tags":[],"class_list":["post-761","post","type-post","status-publish","format-standard","has-post-thumbnail","hentry","category-actualidad","category-voces"],"_links":{"self":[{"href":"https:\/\/ciudadliberal.cl\/index.php?rest_route=\/wp\/v2\/posts\/761","targetHints":{"allow":["GET"]}}],"collection":[{"href":"https:\/\/ciudadliberal.cl\/index.php?rest_route=\/wp\/v2\/posts"}],"about":[{"href":"https:\/\/ciudadliberal.cl\/index.php?rest_route=\/wp\/v2\/types\/post"}],"author":[{"embeddable":true,"href":"https:\/\/ciudadliberal.cl\/index.php?rest_route=\/wp\/v2\/users\/1"}],"replies":[{"embeddable":true,"href":"https:\/\/ciudadliberal.cl\/index.php?rest_route=%2Fwp%2Fv2%2Fcomments&post=761"}],"version-history":[{"count":1,"href":"https:\/\/ciudadliberal.cl\/index.php?rest_route=\/wp\/v2\/posts\/761\/revisions"}],"predecessor-version":[{"id":764,"href":"https:\/\/ciudadliberal.cl\/index.php?rest_route=\/wp\/v2\/posts\/761\/revisions\/764"}],"wp:featuredmedia":[{"embeddable":true,"href":"https:\/\/ciudadliberal.cl\/index.php?rest_route=\/wp\/v2\/media\/762"}],"wp:attachment":[{"href":"https:\/\/ciudadliberal.cl\/index.php?rest_route=%2Fwp%2Fv2%2Fmedia&parent=761"}],"wp:term":[{"taxonomy":"category","embeddable":true,"href":"https:\/\/ciudadliberal.cl\/index.php?rest_route=%2Fwp%2Fv2%2Fcategories&post=761"},{"taxonomy":"post_tag","embeddable":true,"href":"https:\/\/ciudadliberal.cl\/index.php?rest_route=%2Fwp%2Fv2%2Ftags&post=761"}],"curies":[{"name":"wp","href":"https:\/\/api.w.org\/{rel}","templated":true}]}}