{"id":758,"date":"2017-04-04T23:27:03","date_gmt":"2017-04-05T02:27:03","guid":{"rendered":"https:\/\/ciudadliberal.cl\/?p=758"},"modified":"2017-04-04T23:27:03","modified_gmt":"2017-04-05T02:27:03","slug":"franco-parisi-anuncia-su-nueva-postulacion-a-la-presidencia-de-chile","status":"publish","type":"post","link":"https:\/\/ciudadliberal.cl\/?p=758","title":{"rendered":"Franco Parisi anuncia su nueva postulaci\u00f3n a la Presidencia de Chile"},"content":{"rendered":"<p><strong>A metros del Palacio de Gobierno y con el apoyo de miembros de diversos movimientos politicos, sociales e incluso religiosos, el economista y ex academico universitario lanzo hoy\u00a0martes su segunda candidatura presidencial, donde prometio una serie de acciones como aumento de las pensiones mediante la baja de sueldos de ministros, mayor seguridad ciudadana e inversion en infraestructura en el norte del pa\u00eds, Prometio una campa\u00f1a transparente pero anticipo una campa\u00f1a sucia en la proxima contienda electoral y tambien descarto participar en\u00a0la primaria de alg\u00fan pacto, Comenzara a recolectar las firmas para formalizar su candidatura<\/strong><\/p>\n<p>A metros del palacio de gobierno y en el mismo lugar donde en el pasado mes de enero, anuncio que estaba pensando repostularse nuevamente a la presidencia de la republica, finalmente dio a conocer su decisi\u00f3n hoy de emprender una nueva campa\u00f1a presidencial que en s\u00edntesis desde sus declaraciones, enfrentara de manera mas solida y con las lecciones aprendidas, se\u00f1alando que al menos llevara lista parlamentaria y reivindicando todo lo que el declaro en la pasada campa\u00f1a electoral del a\u00f1o 2013, donde saco un no despreciable 10% de los votos, en este anuncio de hoy hab\u00eda mas gente en que en el realizado anteriormente y el ahora candidato llego de forma sorpresiva pero no puntual a la explanada del Centro Cultural del Palacio de La Moneda ya que su anuncio lo hab\u00eda declarado para las 10 de la ma\u00f1ana pero llego 20 minutos mas tarde, a pesar de este percance igualmente llego con aplausos y se dispuso a hablar con la prensa en compa\u00f1\u00eda del presidente del partido \u201cDemocracia Regional\u201d Elson Borquez quien fue el \u00fanico representante de los movimientos que apoyan a Parisi en hablar con la prensa, ya que los otros grupos que han manifestado apoyo a Parisi como el movimiento politico-evangelico \u201cUnidos por la Fe\u201d, el Instituto \u201cProgresa\u201d, las fundaciones \u201cEl poder de la gente\u201d y \u201cDesarrolla\u201d y otros conjuntos mas, al menos no hablaron junto con el candidato, despu\u00e9s de hablar de lo que dijo en la anterior campa\u00f1a, sus promesas para esta fase y de como enfrentara esta campa\u00f1a electoral de los cuales detallaremos mas adelante, el ingeniero comercial se fue rodeado de gente, respondiendo a mas preguntas de la prensa y tambi\u00e9n de ciudadanos que le consultaron sobre diversos hechos, a pesar de los intentos de impedimento de los guardias del centro cultural de grabar dentro de este recinto, el nuevo competidor por el sill\u00f3n de Ohiggins se fue por los estacionamientos del centro cultural<\/p>\n<p>En sus ideas iniciales que a futuro le dar\u00e1n sustento a su candidatura, el economista hablo sobre diversos temas que van en sentido seg\u00fan el de \u201cdinamizar la econom\u00eda\u201d, en materia de seguridad ciudadana el candidato independiente declaro que se enfocara en reforzar Carabineros y en ejecutar programas de prevenci\u00f3n hacia los j\u00f3venes para que no caigan bajo el flagelo de las drogas: \u201cCarabineros de Chile va a tener todas las herramientas para que recuperemos la seguridad ciudadana, queremos caminar libres y tranquilos por nuestros barrios, queremos recuperar los barrios, queremos construir mas de 400 centros de rehabilitaci\u00f3n de drogas y alcoholismo, mire que sencillo mas de 400 centros de rehabilitaci\u00f3n de drogas y alcoholismo, para que no nos gane la batalla las drogas, eso no lo est\u00e1n haciendo yo quiero recuperar a los j\u00f3venes chilenos queremos recuperar Chile en todo sentido\u201d, declaro este postulante.<\/p>\n<p>Sobre la gratuidad universitaria y respondiendo a la pregunta de un estudiante en practica, el presidenciable independiente aseguro ese beneficio social pero lo condiciono a la democratizaci\u00f3n en la toma de decisiones dentro de todos los estamentos de una universidad comparando con los casos de las universidades de Chile y Cat\u00f3lica: \u201cNosotros lo dijimos fuerte y claro, educaci\u00f3n publica y gratuita, pero tambi\u00e9n universidades que se pueden asimilar, siempre y cuando me cambien la forma de gobernar de las universidades, es decir Senado Universitario, que sea tripartito, acad\u00e9micos, funcionarios y estudiantes, yo quiero llevar la democracia al interior de las universidades, como lo hace la Universidad de Chile, donde se discuta los programas y aranceles, pero tambi\u00e9n que me acorten las carreras, por favor!!!!, las carreras son eternas y segundo que las autoridades se elijan democr\u00e1ticamente, si no puede ser que hayan decanos que sean designados incluso por el Vaticano?, yo tengo respeto por el Papa, lo respeto, pero que me venga a decir quien es el rector de la Universidad cuando despu\u00e9s me piden gratuidad ac\u00e1?, yo quiero la democracia\u201d, y sobre la salud, este nuevo postulante, prometi\u00f3 rebajar el IVA a los remedios consider\u00e1ndolo de poca dignidad: \u201cQueremos bajar el IVA a los remedios, es indigno que cuando se enferma tu hijo, tu mama, tu papa, tienes que pagar IVA por el remedio, esas cosas no se hablan\u201d<\/p>\n<p>Sobre como enfrentara esta campa\u00f1a tanto en los argumentos como en el financiamiento, el candidato se\u00f1alo que financiara con \u201cel poder de la gente\u201d. ya que en realidad \u201cno tiene ning\u00fan peso\u201d, que se vendr\u00e1 \u201cuna campa\u00f1a extremadamente sucia\u201d, aunque todas las denuncias en su contra desde las irregularidades en las firmas, pasando por las rendiciones \u201ccuriosas\u201d de gastos de campa\u00f1a hasta las denuncias por acoso sexual mientras fue profesor universitario en EE.UU, seg\u00fan \u00e9l quedaron en \u201cNada\u201d, afirmando estar preparado para enfrentarla y que no ha sido invitado a participar en ninguna definici\u00f3n dentro de las coaliciones pol\u00edticas como la Nueva Mayor\u00eda, Chile Vamos o el Frente Amplio por lo que seguir\u00e1 hasta la primera vuelta electoral, donde en especial con los precandidatos Alejandro Guillier y Beatriz Sanchez tienen opiniones cordiales, Franco Parisi se transforma con esta oficializaci\u00f3n, en el cuarto postulante que compiti\u00f3 en elecciones presidenciales anteriores en emprender un nuevo intento por llegar a La Moneda para la pr\u00f3xima elecci\u00f3n de noviembre, despu\u00e9s de Marco Enriquez Ominami, Ricardo Lagos y Sebasti\u00e1n Pi\u00f1era, Ahora y aprovechando que el partido \u201cDemocracia Regional\u201d se constituyo legalmente en 3 regiones del pa\u00eds, el economista deber\u00e1 recolectar mas de 33 mil firmas para formalizar su candidatura presidencial hasta el mes de agosto cuando venza el plazo para inscribirse ante el SERVEL, En la elecci\u00f3n presidencial del 2013 donde resulto electa la actual presidenta Bachelet, Parisi obtuvo el 10,1% de los votos equivalentes a 666 mil preferencias, quedando en cuarto lugar entre 9 candidatos en la primera vuelta<\/p>\n","protected":false},"excerpt":{"rendered":"<p>A metros del Palacio de Gobierno y con el apoyo de miembros de diversos movimientos politicos, sociales e incluso religiosos, el economista y ex academico universitario lanzo hoy\u00a0martes su segunda candidatura presidencial, donde prometio una serie de acciones como aumento de las pensiones mediante la baja de sueldos de ministros, mayor seguridad ciudadana e inversion [&hellip;]<\/p>\n","protected":false},"author":1,"featured_media":759,"comment_status":"closed","ping_status":"closed","sticky":false,"template":"","format":"standard","meta":{"footnotes":""},"categories":[6,16],"tags":[],"class_list":["post-758","post","type-post","status-publish","format-standard","has-post-thumbnail","hentry","category-actualidad","category-internet"],"_links":{"self":[{"href":"https:\/\/ciudadliberal.cl\/index.php?rest_route=\/wp\/v2\/posts\/758","targetHints":{"allow":["GET"]}}],"collection":[{"href":"https:\/\/ciudadliberal.cl\/index.php?rest_route=\/wp\/v2\/posts"}],"about":[{"href":"https:\/\/ciudadliberal.cl\/index.php?rest_route=\/wp\/v2\/types\/post"}],"author":[{"embeddable":true,"href":"https:\/\/ciudadliberal.cl\/index.php?rest_route=\/wp\/v2\/users\/1"}],"replies":[{"embeddable":true,"href":"https:\/\/ciudadliberal.cl\/index.php?rest_route=%2Fwp%2Fv2%2Fcomments&post=758"}],"version-history":[{"count":1,"href":"https:\/\/ciudadliberal.cl\/index.php?rest_route=\/wp\/v2\/posts\/758\/revisions"}],"predecessor-version":[{"id":760,"href":"https:\/\/ciudadliberal.cl\/index.php?rest_route=\/wp\/v2\/posts\/758\/revisions\/760"}],"wp:featuredmedia":[{"embeddable":true,"href":"https:\/\/ciudadliberal.cl\/index.php?rest_route=\/wp\/v2\/media\/759"}],"wp:attachment":[{"href":"https:\/\/ciudadliberal.cl\/index.php?rest_route=%2Fwp%2Fv2%2Fmedia&parent=758"}],"wp:term":[{"taxonomy":"category","embeddable":true,"href":"https:\/\/ciudadliberal.cl\/index.php?rest_route=%2Fwp%2Fv2%2Fcategories&post=758"},{"taxonomy":"post_tag","embeddable":true,"href":"https:\/\/ciudadliberal.cl\/index.php?rest_route=%2Fwp%2Fv2%2Ftags&post=758"}],"curies":[{"name":"wp","href":"https:\/\/api.w.org\/{rel}","templated":true}]}}