{"id":754,"date":"2017-04-04T17:49:49","date_gmt":"2017-04-04T20:49:49","guid":{"rendered":"https:\/\/ciudadliberal.cl\/?p=754"},"modified":"2017-04-04T17:49:49","modified_gmt":"2017-04-04T20:49:49","slug":"amplitud-pide-mejorar-la-constitucion-y-no-botarla-a-la-basura","status":"publish","type":"post","link":"https:\/\/ciudadliberal.cl\/?p=754","title":{"rendered":"Amplitud pide mejorar la Constituci\u00f3n y no \u00abbotarla a la basura\u00bb"},"content":{"rendered":"<p><strong>La presidenta del partido de oposici\u00f3n e ideas liberales, Lily P\u00e9rez, cree que la actual Carta Magna debe perfeccionarse en defensa de las personas. Adem\u00e1s, la senadora llam\u00f3 al Gobierno a enfocarse en el crecimiento econ\u00f3mico, en el empleo, en mejorar las pensiones y en la salud de los chilenos.<\/strong><\/p>\n<p>La presidenta de Amplitud, senadora Lily P\u00e9rez, afirm\u00f3 que \u201cen nuestro partido creemos que m\u00e1s que hablar de una nueva Constituci\u00f3n o de tirar a la basura la actual Carta Magna, lo que se debe hacer es mejorarla, y perfeccionarla en defensa de las personas, de los consumidores, hablar de derechos y de deberes de los ciudadanos\u201d.<\/p>\n<p>La presidenta del partido de oposici\u00f3n e ideas liberales cree que es misi\u00f3n del futuro Congreso, que asumir\u00e1 en marzo del 2018, analizar los cambios a la Constituci\u00f3n. Adem\u00e1s, la presidenta de Amplitud llam\u00f3 al Gobierno a \u201cno seguir gastando ni recursos del Estado ni esfuerzos pol\u00edticos en hablar de la Constituci\u00f3n cuando no es una prioridad, no es una urgencia, Las prioridades deben estar enfocadas en crecimiento econ\u00f3mico, en empleo, en mejorar las pensiones y en la salud de las personas\u201d, aclar\u00f3 la senadora por la Regi\u00f3n de Valpara\u00edso.<\/p>\n<p>Este lunes, la Presidenta Michelle Bachelet firm\u00f3 el proyecto de Ley que reforma el cap\u00edtulo XV de la Constituci\u00f3n Pol\u00edtica. Dicho cap\u00edtulo establece que la modificaci\u00f3n de la Carta Magna puede ser a trav\u00e9s de la presentaci\u00f3n de una iniciativa legal del Jefe de Estado, o de un parlamentario (ambas C\u00e1maras), y posteriormente debe ser aprobada en ambas instancias. Desde la oposici\u00f3n de derecha agrupada en Chile Vamos, sus dirigentes manifestaron sus aprehensiones por estos cambios propuestos<\/p>\n","protected":false},"excerpt":{"rendered":"<p>La presidenta del partido de oposici\u00f3n e ideas liberales, Lily P\u00e9rez, cree que la actual Carta Magna debe perfeccionarse en defensa de las personas. Adem\u00e1s, la senadora llam\u00f3 al Gobierno a enfocarse en el crecimiento econ\u00f3mico, en el empleo, en mejorar las pensiones y en la salud de los chilenos. La presidenta de Amplitud, senadora [&hellip;]<\/p>\n","protected":false},"author":1,"featured_media":755,"comment_status":"closed","ping_status":"closed","sticky":false,"template":"","format":"standard","meta":{"footnotes":""},"categories":[6,16],"tags":[],"class_list":["post-754","post","type-post","status-publish","format-standard","has-post-thumbnail","hentry","category-actualidad","category-internet"],"_links":{"self":[{"href":"https:\/\/ciudadliberal.cl\/index.php?rest_route=\/wp\/v2\/posts\/754","targetHints":{"allow":["GET"]}}],"collection":[{"href":"https:\/\/ciudadliberal.cl\/index.php?rest_route=\/wp\/v2\/posts"}],"about":[{"href":"https:\/\/ciudadliberal.cl\/index.php?rest_route=\/wp\/v2\/types\/post"}],"author":[{"embeddable":true,"href":"https:\/\/ciudadliberal.cl\/index.php?rest_route=\/wp\/v2\/users\/1"}],"replies":[{"embeddable":true,"href":"https:\/\/ciudadliberal.cl\/index.php?rest_route=%2Fwp%2Fv2%2Fcomments&post=754"}],"version-history":[{"count":1,"href":"https:\/\/ciudadliberal.cl\/index.php?rest_route=\/wp\/v2\/posts\/754\/revisions"}],"predecessor-version":[{"id":756,"href":"https:\/\/ciudadliberal.cl\/index.php?rest_route=\/wp\/v2\/posts\/754\/revisions\/756"}],"wp:featuredmedia":[{"embeddable":true,"href":"https:\/\/ciudadliberal.cl\/index.php?rest_route=\/wp\/v2\/media\/755"}],"wp:attachment":[{"href":"https:\/\/ciudadliberal.cl\/index.php?rest_route=%2Fwp%2Fv2%2Fmedia&parent=754"}],"wp:term":[{"taxonomy":"category","embeddable":true,"href":"https:\/\/ciudadliberal.cl\/index.php?rest_route=%2Fwp%2Fv2%2Fcategories&post=754"},{"taxonomy":"post_tag","embeddable":true,"href":"https:\/\/ciudadliberal.cl\/index.php?rest_route=%2Fwp%2Fv2%2Ftags&post=754"}],"curies":[{"name":"wp","href":"https:\/\/api.w.org\/{rel}","templated":true}]}}