{"id":7513,"date":"2020-09-26T21:45:35","date_gmt":"2020-09-27T01:45:35","guid":{"rendered":"https:\/\/ciudadliberal.cl\/?p=7513"},"modified":"2020-09-26T21:46:55","modified_gmt":"2020-09-27T01:46:55","slug":"los-cuatro-perfiles-ideologicos-de-los-chilenos","status":"publish","type":"post","link":"https:\/\/ciudadliberal.cl\/?p=7513","title":{"rendered":"Los cuatro perfiles ideol\u00f3gicos de los chilenos"},"content":{"rendered":"\n<p>Por Carlos P\u00e9rez Escobar<\/p>\n\n\n\n<p>\u00bfApoya el aborto en cualquier circunstancia? \u00bfCree que las empresas contaminantes se deber\u00edan cerrar? \u00bfConsidera que las pensiones son un tema individual o colectivo? \u00bfSe considera de izquierda, centro o derecha? En base a preguntas de ese tipo el Centro de Estudios de Conflicto y Cohesi\u00f3n Social (COES) present\u00f3 esta semana un nuevo estudio donde se clasifica a los chilenos seg\u00fan sus creencias, un ejercicio in\u00e9dito que sirve para entender a la cambiante sociedad pos estallido social.<\/p>\n\n\n\n<p>El Estudio Longitudinal Social de Chile (<a href=\"https:\/\/coes.cl\/encuesta-panel\/\" target=\"_blank\" rel=\"noreferrer noopener\">ELSOC<\/a>) es una encuesta que desde 2016 viene realizando el Centro de Estudios de Conflicto y Cohesi\u00f3n Social (<strong>COES<\/strong>), un conglomerado de universidades chilenas. Dentro de este trabajo est\u00e1 el informe \u201cRadiograf\u00eda del cambio social\u201d, que analiza las creencias, actitudes y percepciones de la sociedad chilena para entender c\u00f3mo estas se mantienen o cambian en el transcurso del tiempo.<\/p>\n\n\n\n<p>En octubre del a\u00f1o pasado, el equipo del COES se preparaba para hacer un nuevo sondeo, pero vino el estallido social y debieron realizar este trabajo&nbsp;<strong>entre noviembre de 2019 y marzo de 2020.<\/strong>&nbsp;Por eso consiguieron una radiograf\u00eda bien clara de lo que es el Chile pos 18 de octubre, en lo que viene a ser la cuarta entrega del reporte que permite comparar las respuestas de los encuestados con las que ten\u00edan en las tres versiones anteriores de este estudio longitudinal.<\/p>\n\n\n\n<p>Ya con los resultados en la mano, los investigadores fueron comprobando o descartando las hip\u00f3tesis que ten\u00edan sobre el momento del pa\u00eds. \u201cUna de las grandes teor\u00edas dice que a medida que las sociedades se enriquecen a nivel colectivo y experimentan procesos continuados de crecimiento econ\u00f3mico, las generaciones m\u00e1s j\u00f3venes empiezan a adoptar orientaciones val\u00f3ricas que son distintas a las de las generaciones m\u00e1s viejas\u201d, dice Mat\u00edas Bargsted, profesor asociado del Instituto de Sociolog\u00eda de la UC e investigador del COES que trabaj\u00f3 en el informe. \u201cMientras las generaciones m\u00e1s viejas tienen mayor preocupaci\u00f3n por temas de seguridad econ\u00f3mica y f\u00edsica, como mantener el pa\u00eds ordenado o la inflaci\u00f3n a raya, los m\u00e1s j\u00f3venes dan por sentadas esas cosas y comienzan a pensar en temas medioambientales o de equidad de g\u00e9nero\u201d.<\/p>\n\n\n\n<p>Para poder comprobar si tesis de este tipo ten\u00edan correlaci\u00f3n en la sociedad chilena actual, los investigadores del COES sometieron a los casi&nbsp;<strong>3 mil encuestados residentes en ciudades chilenas con m\u00e1s de 10 mil habitantes<\/strong>&nbsp;a preguntas como si las parejas homosexuales deber\u00edan poder adoptar hijos, cu\u00e1l es el rol del Estado en la educaci\u00f3n sexual de los ni\u00f1os, c\u00f3mo deb\u00eda enfocarse el gasto social o si se deb\u00edan cerrar las empresas contaminantes, aunque eso afectara el desempleo. \u00bfEl objetivo? Poder perfilar a la poblaci\u00f3n seg\u00fan sus posturas ideol\u00f3gicas.<\/p>\n\n\n\n<p>\u201cQuiz\u00e1s hace un par de generaciones atr\u00e1s pod\u00edamos ordenar las preferencias de las personas o las posiciones colectivas de los partidos pol\u00edticos bastante bien en un ordenamiento de izquierda a derecha, pero hoy es m\u00e1s dif\u00edcil. Ah\u00ed es cuando estos mapas ideol\u00f3gicos tienen sentido\u201d, explica Bargsted.<\/p>\n\n\n\n<p><strong>El resultado son cuatro grupos de chilenos: los progresistas (representativos del 24% de la poblaci\u00f3n), los liberales bisagra (18%), los conservadores pro-Estado (21%) y los conservadores pro-Mercado (37%).\u00a0<\/strong>\u201cEsta clasificaci\u00f3n de alguna forma sintetiza la escala izquierda-derecha con el otro eje que ser\u00eda liberal-conservador. Si la pol\u00edtica tuviera esas dos dimensiones, una ser\u00eda de una izquierda m\u00e1s pro-Estado y otra de una derecha m\u00e1s de iniciativa privada y mercado. Cruzado a eso habr\u00eda una dimensi\u00f3n liberal y otra m\u00e1s conservadora en t\u00e9rminos val\u00f3ricos. Creo que las clases sintetizan el ordenamiento de las personas en esas dos dimensiones\u201d, detalla Bargsted.<\/p>\n\n\n\n<figure class=\"wp-block-image size-large\"><img loading=\"lazy\" decoding=\"async\" width=\"1024\" height=\"695\" src=\"https:\/\/ciudadliberal.cl\/wp-content\/uploads\/2020\/09\/Captura-de-pantalla-2020-09-26-a-las-22.40.41-1024x695.png\" alt=\"\" class=\"wp-image-7514\" srcset=\"https:\/\/ciudadliberal.cl\/wp-content\/uploads\/2020\/09\/Captura-de-pantalla-2020-09-26-a-las-22.40.41-1024x695.png 1024w, https:\/\/ciudadliberal.cl\/wp-content\/uploads\/2020\/09\/Captura-de-pantalla-2020-09-26-a-las-22.40.41-300x204.png 300w, https:\/\/ciudadliberal.cl\/wp-content\/uploads\/2020\/09\/Captura-de-pantalla-2020-09-26-a-las-22.40.41-768x521.png 768w, https:\/\/ciudadliberal.cl\/wp-content\/uploads\/2020\/09\/Captura-de-pantalla-2020-09-26-a-las-22.40.41-619x420.png 619w, https:\/\/ciudadliberal.cl\/wp-content\/uploads\/2020\/09\/Captura-de-pantalla-2020-09-26-a-las-22.40.41-640x434.png 640w, https:\/\/ciudadliberal.cl\/wp-content\/uploads\/2020\/09\/Captura-de-pantalla-2020-09-26-a-las-22.40.41-681x462.png 681w, https:\/\/ciudadliberal.cl\/wp-content\/uploads\/2020\/09\/Captura-de-pantalla-2020-09-26-a-las-22.40.41.png 1476w\" sizes=\"auto, (max-width: 1024px) 100vw, 1024px\" \/><\/figure>\n\n\n\n<p>Sobre la fotograf\u00eda del Chile posestallido, el investigador de la UC dice que hubo respuestas que fueron transversales a los cuatro grupos, como un fuerte aumento en los niveles de insatisfacci\u00f3n respecto de c\u00f3mo funciona la democracia en Chile. Aunque, por otro lado, el respaldo a la democracia como la mejor forma de gobierno creci\u00f3 tambi\u00e9n de manera transversal. \u201cPor una parte tenemos m\u00e1s ciudadan\u00eda cr\u00edtica prodemocr\u00e1tica que hace un a\u00f1o atr\u00e1s. Ah\u00ed hay un cambio bastante marcado\u201d, dice Bargsted, quien agrega que otras tem\u00e1ticas que reunieron alto apoyo en todos los grupos fueron las causas medioambientales, el respaldo al rol del Estado por sobre los privados en la educaci\u00f3n y el apoyo a la opci\u00f3n \u201capruebo\u201d en el plebiscito del 25 de octubre.<\/p>\n\n\n\n<p>Tambi\u00e9n se analiz\u00f3 el sexismo en el pa\u00eds, separ\u00e1ndolo entre uno calificado como \u201chostil\u201d -mucho m\u00e1s crudo, expl\u00edcito y brusco, siendo b\u00e1sicamente la creencia de que las mujeres son inferiores a los hombres- y otro \u201cben\u00e9volo\u201d, que es m\u00e1s encubierto y se esconde en miradas paternalistas como que a ellas hay que protegerlas. \u201cEn general, los niveles de sexismo que hemos encontrado son relativamente altos. Eso nos est\u00e1 diciendo que a pesar de que tenemos una sociedad que va avanzando en igualdad, en l\u00ednea con los progresistas o los liberales bisagra que son m\u00e1s abiertos, los niveles de sexismo siguen siendo relativamente altos. Estamos hablando de que el 50% de los progresistas reportan esos niveles\u201d, explica Gloria Jim\u00e9nez-Moya, acad\u00e9mica de la Escuela de Psicolog\u00eda de la UC e investigadora asociada del COES.Estos son los cuatro perfiles ideol\u00f3gicos.<\/p>\n\n\n\n<p>Usted,\u00a0<strong>\u00bfa cu\u00e1l pertenece?<\/strong><\/p>\n\n\n\n<figure class=\"wp-block-image size-large\"><img loading=\"lazy\" decoding=\"async\" width=\"939\" height=\"1024\" src=\"https:\/\/ciudadliberal.cl\/wp-content\/uploads\/2020\/09\/Captura-de-pantalla-2020-09-26-a-las-22.41.40-939x1024.png\" alt=\"\" class=\"wp-image-7515\" srcset=\"https:\/\/ciudadliberal.cl\/wp-content\/uploads\/2020\/09\/Captura-de-pantalla-2020-09-26-a-las-22.41.40-939x1024.png 939w, https:\/\/ciudadliberal.cl\/wp-content\/uploads\/2020\/09\/Captura-de-pantalla-2020-09-26-a-las-22.41.40-275x300.png 275w, https:\/\/ciudadliberal.cl\/wp-content\/uploads\/2020\/09\/Captura-de-pantalla-2020-09-26-a-las-22.41.40-768x838.png 768w, https:\/\/ciudadliberal.cl\/wp-content\/uploads\/2020\/09\/Captura-de-pantalla-2020-09-26-a-las-22.41.40-385x420.png 385w, https:\/\/ciudadliberal.cl\/wp-content\/uploads\/2020\/09\/Captura-de-pantalla-2020-09-26-a-las-22.41.40-640x698.png 640w, https:\/\/ciudadliberal.cl\/wp-content\/uploads\/2020\/09\/Captura-de-pantalla-2020-09-26-a-las-22.41.40-681x743.png 681w, https:\/\/ciudadliberal.cl\/wp-content\/uploads\/2020\/09\/Captura-de-pantalla-2020-09-26-a-las-22.41.40.png 1142w\" sizes=\"auto, (max-width: 939px) 100vw, 939px\" \/><\/figure>\n\n\n\n<h2 class=\"wp-block-heading\">Los progresistas, sin miedo al cambio<\/h2>\n\n\n\n<p>El primer grupo definido en el informe son los progresistas, que corresponden al 24% de los chilenos.&nbsp;<strong>\u201cSon personas que en general suelen estar abiertas al cambio y que apoyan cambios igualitarios\u201d<\/strong>, explica Gloria Jim\u00e9nez-Moya, lo que fundamenta en las posturas m\u00e1s abiertas de este grupo en temas como el aborto o la adopci\u00f3n homoparental.<\/p>\n\n\n\n<p>Son la segunda clase m\u00e1s joven del informe: casi siete de cada 10 son menores de 50 a\u00f1os. Tienen, en promedio, el nivel educativo m\u00e1s alto (57% de ellos posee educaci\u00f3n superior t\u00e9cnica o universitaria), algo que tiene una correlaci\u00f3n en su nivel socioecon\u00f3mico. El 36% se declara no creyente, la cifra m\u00e1s alta de los cuatro grupos.<\/p>\n\n\n\n<p>En t\u00e9rminos pol\u00edticos, la mayor\u00eda se identifica ideol\u00f3gicamente como&nbsp;<strong>de izquierda (44%) o centro (23%)<\/strong>. \u201cUno podr\u00eda pensar que es el mundo de centro-izquierda y de izquierda. Del PPD hacia la izquierda\u201d, explica Mat\u00edas Bargsted. El 34% se declara bastante o muy interesado en la pol\u00edtica, la cifra m\u00e1s alta en todos los grupos, y el 76% apoya el r\u00e9gimen democr\u00e1tico, siendo tambi\u00e9n el mayor porcentaje.<\/p>\n\n\n\n<p>\u201cLos progresistas son personas liberales val\u00f3ricamente,&nbsp;<strong>que exigen y demandan mayor Estado<\/strong>, creen y conf\u00edan en la acci\u00f3n estatal\u201d, explica Bargsted. Esto se ve en que son la clase que se muestra en mayor desacuerdo con que el gasto social est\u00e9 focalizado y no exista un Estado m\u00e1s subsidiario para todos. Tambi\u00e9n rechazan que la educaci\u00f3n sexual sea un rol exclusivo de los padres y que las pensiones sean una responsabilidad individual.<\/p>\n\n\n\n<p>En cuanto al sexismo, son los que muestran niveles m\u00e1s bajos, aunque Jim\u00e9nez-Moya dice que no hay mucho que celebrar. \u201cA pesar de que tienen los \u00edndices m\u00e1s bajos, a\u00fan son muy sexistas, especialmente cuando hablamos de esta visi\u00f3n estereotipada de que la mujer es d\u00e9bil y hay que protegerla y que el hombre es m\u00e1s fuerte y tiene el rol de cuidar de ella\u201d, explica la sic\u00f3loga.<strong>&nbsp;Seg\u00fan el informe, un 50% de los liberales presentan un \u00edndice alto de sexismo<\/strong>.Por \u00faltimo, en relaci\u00f3n con el autoritarismo, son el grupo que presenta una adhesi\u00f3n m\u00e1s baja a estas ideas, con el 36% de ellos presentando un \u00edndice alto.<\/p>\n\n\n\n<hr class=\"wp-block-separator\"\/>\n\n\n\n<h2 class=\"wp-block-heading\">Liberales bisagra, al medio de todo<\/h2>\n\n\n\n<p>El grupo de los liberales bisagra (el 18% de la poblaci\u00f3n) tiende a adoptar posiciones intermedias entre progresistas y conservadores. Son personas que se muestran m\u00e1s liberales en el plano moral-cultural que los conservadores y manifiestan mayor apoyo a la expansi\u00f3n de las capacidades del Estado, aunque no con la misma intensidad que los progresistas. \u201cA pesar de que est\u00e1n de acuerdo con muchos cambios,\u00a0<strong>algo interesante es que en ciertos temas son indiferentes o no se posicionan claramente<\/strong>. No tienen visiones tan claras\u201d, dice Jim\u00e9nez-Moya.<\/p>\n\n\n\n<p>Aunque lo habitual ser\u00eda pensar que los progresistas son el grupo m\u00e1s joven, ese es un error porque lo son lejos los liberales bisagra:&nbsp;<strong>el 20% de ellos son menores de 30 a\u00f1os<\/strong>, y el 70%, menor de 50. Adem\u00e1s, son el segundo grupo con mayor educaci\u00f3n superior universitaria o t\u00e9cnica (44%) y tambi\u00e9n el segundo con m\u00e1s cat\u00f3licos (52%) y no creyentes (17%).<\/p>\n\n\n\n<p>En relaci\u00f3n con la pol\u00edtica, uno de cada tres se define como de centro, siendo el grupo con mayor presencia en ese espectro. \u201cEs un perfil como una DC, Ciudadanos, centro-izquierda bien de centro.&nbsp;<strong>Como Andr\u00e9s Velasco,<\/strong>&nbsp;si tuviera que dar un nombre\u201d, opina Bargsted, sobre este grupo que se declara como el segundo m\u00e1s interesado en la pol\u00edtica, aunque muy lejos de los progresistas.<\/p>\n\n\n\n<p>En relaci\u00f3n con los \u00edndices de sexismo y autoritarismo, se presentan siempre en posiciones intermedias entre liberales y conservadores. En su caso nuevamente se da la situaci\u00f3n de que los \u00edndices de sexismo ben\u00e9volo son m\u00e1s altos. \u201cSe nota que el sexismo m\u00e1s tradicional u hostil tiene menos apoyo hoy. Se ve menos respaldo, aunque a\u00fan as\u00ed tiene apoyo, pero lo que m\u00e1s se ve es esta mirada medio de Disney del hombre que salva a la princesa\u201d, cr\u00edtica Jim\u00e9nez-Moya.<\/p>\n\n\n\n<figure class=\"wp-block-image size-large\"><img loading=\"lazy\" decoding=\"async\" width=\"1024\" height=\"712\" src=\"https:\/\/ciudadliberal.cl\/wp-content\/uploads\/2020\/09\/Captura-de-pantalla-2020-09-26-a-las-22.43.39-1024x712.png\" alt=\"\" class=\"wp-image-7516\" srcset=\"https:\/\/ciudadliberal.cl\/wp-content\/uploads\/2020\/09\/Captura-de-pantalla-2020-09-26-a-las-22.43.39-1024x712.png 1024w, https:\/\/ciudadliberal.cl\/wp-content\/uploads\/2020\/09\/Captura-de-pantalla-2020-09-26-a-las-22.43.39-300x209.png 300w, https:\/\/ciudadliberal.cl\/wp-content\/uploads\/2020\/09\/Captura-de-pantalla-2020-09-26-a-las-22.43.39-768x534.png 768w, https:\/\/ciudadliberal.cl\/wp-content\/uploads\/2020\/09\/Captura-de-pantalla-2020-09-26-a-las-22.43.39-604x420.png 604w, https:\/\/ciudadliberal.cl\/wp-content\/uploads\/2020\/09\/Captura-de-pantalla-2020-09-26-a-las-22.43.39-640x445.png 640w, https:\/\/ciudadliberal.cl\/wp-content\/uploads\/2020\/09\/Captura-de-pantalla-2020-09-26-a-las-22.43.39-681x473.png 681w, https:\/\/ciudadliberal.cl\/wp-content\/uploads\/2020\/09\/Captura-de-pantalla-2020-09-26-a-las-22.43.39.png 1168w\" sizes=\"auto, (max-width: 1024px) 100vw, 1024px\" \/><\/figure>\n\n\n\n<figure class=\"wp-block-image size-large\"><img loading=\"lazy\" decoding=\"async\" width=\"1024\" height=\"689\" src=\"https:\/\/ciudadliberal.cl\/wp-content\/uploads\/2020\/09\/Captura-de-pantalla-2020-09-26-a-las-22.43.48-1024x689.png\" alt=\"\" class=\"wp-image-7517\" srcset=\"https:\/\/ciudadliberal.cl\/wp-content\/uploads\/2020\/09\/Captura-de-pantalla-2020-09-26-a-las-22.43.48-1024x689.png 1024w, https:\/\/ciudadliberal.cl\/wp-content\/uploads\/2020\/09\/Captura-de-pantalla-2020-09-26-a-las-22.43.48-300x202.png 300w, https:\/\/ciudadliberal.cl\/wp-content\/uploads\/2020\/09\/Captura-de-pantalla-2020-09-26-a-las-22.43.48-768x517.png 768w, https:\/\/ciudadliberal.cl\/wp-content\/uploads\/2020\/09\/Captura-de-pantalla-2020-09-26-a-las-22.43.48-624x420.png 624w, https:\/\/ciudadliberal.cl\/wp-content\/uploads\/2020\/09\/Captura-de-pantalla-2020-09-26-a-las-22.43.48-537x360.png 537w, https:\/\/ciudadliberal.cl\/wp-content\/uploads\/2020\/09\/Captura-de-pantalla-2020-09-26-a-las-22.43.48-640x431.png 640w, https:\/\/ciudadliberal.cl\/wp-content\/uploads\/2020\/09\/Captura-de-pantalla-2020-09-26-a-las-22.43.48-681x459.png 681w, https:\/\/ciudadliberal.cl\/wp-content\/uploads\/2020\/09\/Captura-de-pantalla-2020-09-26-a-las-22.43.48.png 1102w\" sizes=\"auto, (max-width: 1024px) 100vw, 1024px\" \/><\/figure>\n\n\n\n<figure class=\"wp-block-image size-large\"><img loading=\"lazy\" decoding=\"async\" width=\"1024\" height=\"749\" src=\"https:\/\/ciudadliberal.cl\/wp-content\/uploads\/2020\/09\/Captura-de-pantalla-2020-09-26-a-las-22.43.55-1024x749.png\" alt=\"\" class=\"wp-image-7518\" srcset=\"https:\/\/ciudadliberal.cl\/wp-content\/uploads\/2020\/09\/Captura-de-pantalla-2020-09-26-a-las-22.43.55-1024x749.png 1024w, https:\/\/ciudadliberal.cl\/wp-content\/uploads\/2020\/09\/Captura-de-pantalla-2020-09-26-a-las-22.43.55-300x220.png 300w, https:\/\/ciudadliberal.cl\/wp-content\/uploads\/2020\/09\/Captura-de-pantalla-2020-09-26-a-las-22.43.55-768x562.png 768w, https:\/\/ciudadliberal.cl\/wp-content\/uploads\/2020\/09\/Captura-de-pantalla-2020-09-26-a-las-22.43.55-574x420.png 574w, https:\/\/ciudadliberal.cl\/wp-content\/uploads\/2020\/09\/Captura-de-pantalla-2020-09-26-a-las-22.43.55-80x60.png 80w, https:\/\/ciudadliberal.cl\/wp-content\/uploads\/2020\/09\/Captura-de-pantalla-2020-09-26-a-las-22.43.55-640x468.png 640w, https:\/\/ciudadliberal.cl\/wp-content\/uploads\/2020\/09\/Captura-de-pantalla-2020-09-26-a-las-22.43.55-681x498.png 681w, https:\/\/ciudadliberal.cl\/wp-content\/uploads\/2020\/09\/Captura-de-pantalla-2020-09-26-a-las-22.43.55.png 1156w\" sizes=\"auto, (max-width: 1024px) 100vw, 1024px\" \/><\/figure>\n\n\n\n<figure class=\"wp-block-image size-large\"><img loading=\"lazy\" decoding=\"async\" width=\"1024\" height=\"870\" src=\"https:\/\/ciudadliberal.cl\/wp-content\/uploads\/2020\/09\/Captura-de-pantalla-2020-09-26-a-las-22.47.49-1024x870.png\" alt=\"\" class=\"wp-image-7519\" srcset=\"https:\/\/ciudadliberal.cl\/wp-content\/uploads\/2020\/09\/Captura-de-pantalla-2020-09-26-a-las-22.47.49-1024x870.png 1024w, https:\/\/ciudadliberal.cl\/wp-content\/uploads\/2020\/09\/Captura-de-pantalla-2020-09-26-a-las-22.47.49-300x255.png 300w, https:\/\/ciudadliberal.cl\/wp-content\/uploads\/2020\/09\/Captura-de-pantalla-2020-09-26-a-las-22.47.49-768x653.png 768w, https:\/\/ciudadliberal.cl\/wp-content\/uploads\/2020\/09\/Captura-de-pantalla-2020-09-26-a-las-22.47.49-494x420.png 494w, https:\/\/ciudadliberal.cl\/wp-content\/uploads\/2020\/09\/Captura-de-pantalla-2020-09-26-a-las-22.47.49-640x544.png 640w, https:\/\/ciudadliberal.cl\/wp-content\/uploads\/2020\/09\/Captura-de-pantalla-2020-09-26-a-las-22.47.49-681x579.png 681w, https:\/\/ciudadliberal.cl\/wp-content\/uploads\/2020\/09\/Captura-de-pantalla-2020-09-26-a-las-22.47.49.png 1104w\" sizes=\"auto, (max-width: 1024px) 100vw, 1024px\" \/><\/figure>\n\n\n\n<h2 class=\"wp-block-heading\">Conservador pro-Estado, los tradicionales<\/h2>\n\n\n\n<p>El tercer grupo de chilenos en el informe son los conservadores pro-Estado (21%). Son personas que muestran los niveles m\u00e1s bajos de apoyo a ideas morales y culturales liberales, pero que tambi\u00e9n se expresan en desacuerdo con posturas como las pol\u00edticas sociales focalizadas o la responsabilidad individual en pensiones. \u201cDestacan por estar en contra de tipos de familias que son m\u00e1s progresistas. Est\u00e1n en contra de la adopci\u00f3n homoparental o el aborto, por ejemplo.&nbsp;<strong>Son incluso mucho m\u00e1s conservadores en esto que los conservadores pro-Mercado<\/strong>\u201d, explica Jim\u00e9nez-Moya.<\/p>\n\n\n\n<p>Son el \u00fanico grupo constituido por m\u00e1s hombres (52%) que mujeres (48%) y el segundo de mayor edad. Adem\u00e1s, seis de cada 10 de sus miembros llegaron hasta la educaci\u00f3n b\u00e1sica o media. Un aspecto que llama mucho la atenci\u00f3n de este grupo es que es el que tiene&nbsp;<strong>m\u00e1s miembros evang\u00e9licos (31%) y menos cat\u00f3licos (43%) y no creyentes (10%)<\/strong>.<\/p>\n\n\n\n<p>Pol\u00edticamente, son por lejos la clase que&nbsp;<strong>m\u00e1s se define como de derecha (22%) y menos de izquierda (13%).&nbsp;<\/strong>\u201cCreen que el Estado tiene que tener un rol mucho m\u00e1s activo, y si uno ve los porcentajes de respuesta sobre temas como la focalizaci\u00f3n del gasto fiscal o las pensiones, en algunos casos se parecen mucho a los liberales bisagra, pero por otra parte tienen posiciones en temas val\u00f3ricos mucho m\u00e1s conservadoras\u201d, cuenta Bargsted, sobre este grupo que es el que presenta menores niveles de aprobaci\u00f3n hacia el aborto o la adopci\u00f3n homoparental. \u201cSi tuviera que conectarlos me hace sentido hacerlo con personajes pol\u00edticos como Manuel Jos\u00e9 Ossand\u00f3n, que tiene una posici\u00f3n m\u00e1s conservadora sobre temas val\u00f3ricos, pero que tambi\u00e9n apela a un Estado mucho m\u00e1s fuerte. Uno podr\u00eda pensar que son parte de la derecha que est\u00e1 m\u00e1s a favor de la entrega del 10% de las pensiones\u201d, agrega el soci\u00f3logo de la UC.<\/p>\n\n\n\n<p><strong>Son el segundo grupo que declara menor inter\u00e9s en la pol\u00edtica y el que expresa mayor rechazo a un cambio a la Constituci\u00f3n.<\/strong>&nbsp;Adem\u00e1s, son quienes manifiestan mayor satisfacci\u00f3n con el estado de la democracia chilena, aunque muestran mayor apoyo a la afirmaci\u00f3n de que \u201cen algunas circunstancias, un gobierno autoritario puede ser preferible a uno democr\u00e1tico\u201d (11%).No son el grupo m\u00e1s sexista, con cifras en algunos casos m\u00e1s cercanas a los liberales bisagra que a los conservadores pro-Mercado.<\/p>\n\n\n\n<hr class=\"wp-block-separator\"\/>\n\n\n\n<h2 class=\"wp-block-heading\">Conservadores pro-Mercado, los que creen en la mano invisible<\/h2>\n\n\n\n<p><strong>El grupo m\u00e1s grande&nbsp;<\/strong>que muestra el informe son los conservadores pro-Mercado (37%). Son el opuesto ideol\u00f3gico de los progresistas y destacan por mostrarse a favor de posiciones conservadores en el plano moral -como que la educaci\u00f3n sexual sea responsabilidad exclusiva de los padres- y respaldar ideas como que las pensiones son una responsabilidad individual. Tambi\u00e9n son el grupo que m\u00e1s apoya la idea de que Chile debe hacer&nbsp;<strong>m\u00e1s esfuerzos por impedir el ingreso de inmigrantes al pa\u00eds.<\/strong><\/p>\n\n\n\n<p>Jim\u00e9nez-Moya explica que son bastante parecidos a los conservadores pro-Estado, pero con matices. \u201cSe oponen a ciertos temas que pueden ser m\u00e1s progresistas, pero hay otros aspectos en los que s\u00ed tienen posturas m\u00e1s abiertas, como el cierre de las empresas contaminantes o el rol del Estado en la educaci\u00f3n, donde tienen apoyos muy altos.&nbsp;<strong>Son conservadores, pero no de manera consistente a todos los temas<\/strong>\u201d, cuenta la acad\u00e9mica de la UC.<\/p>\n\n\n\n<p>Son el grupo con m\u00e1s presencia de mujeres (55%) y el que tiene miembros de mayor edad:&nbsp;<strong>la mitad de ellos tiene m\u00e1s de 50 a\u00f1os<\/strong>, y el 16%, m\u00e1s de 65. En t\u00e9rminos educativos son los con mayor presencia de personas con educaci\u00f3n hasta b\u00e1sica o media (77%) y l<strong>os con menos integrantes con formaci\u00f3n universitaria o t\u00e9cnica, registrando s\u00f3lo un 9%.&nbsp;<\/strong>Son tambi\u00e9n los que tienen mayor presencia entre los cat\u00f3licos (53%).<\/p>\n\n\n\n<p>En relaci\u00f3n a la pol\u00edtica, son el grupo que declara menor inter\u00e9s en el tema con m\u00e1s de la mitad de sus miembros que lo reconoce. Un 35% de ellos&nbsp;<strong>afirma no tener posici\u00f3n pol\u00edtica,<\/strong>&nbsp;aunque sorpresivamente son el segundo grupo con mayor porcentaje de miembros que se define&nbsp;<strong>como de izquierda (21%)<\/strong>, s\u00f3lo superados por los progresistas.<\/p>\n\n\n\n<p>\u201cDe alguna forma uno podr\u00eda decir que es la derecha m\u00e1s neoliberal, en el sentido de que creen en un Estado peque\u00f1o\u201d, explica Bargsted. Agrega que son quienes creen que siempre la capitalizaci\u00f3n individual va a generar mejores pensiones que un modelo m\u00e1s colectivo mixto, o que el gasto social tiene que ser eficiente y focalizado en los sectores que m\u00e1s lo necesitan y se alejan de sistemas m\u00e1s universalistas donde todos son beneficiarios de los servicios del Estado.&nbsp;<strong>\u201cCreen en la iniciativa privada y los privados como organizadores de la sociedad. Tienen m\u00e1s recelo del Estado\u201d<\/strong>, dice el soci\u00f3logo.<\/p>\n\n\n\n<p>Son el grupo que m\u00e1s declara estar \u201cnada satisfecho\u201d (59%) con la democracia y el que menos apoya la idea de que este sistema es preferible a cualquier otra forma de gobierno. Adem\u00e1s,&nbsp;<strong>un 35% de ellos adhiere a la frase \u201ca la gente como uno, nos da lo mismo un r\u00e9gimen democr\u00e1tico que uno autoritario\u201d.<\/strong>&nbsp;Se trata del perfil ideol\u00f3gico que presenta mayor aceptaci\u00f3n a ideas autoritarias. \u201cTienen creencias m\u00e1s fuertes en valores m\u00e1s autoritarios que tienen que ver con la obediencia, la autoridad y la disciplina. Son personas que valoran esas creencias por encima de otras\u201d, explica Gloria Jim\u00e9nez-Moya.<\/p>\n\n\n\n<p>Por \u00faltimo, son el grupo que presenta mayores \u00edndices de sexismo.<\/p>\n\n\n\n<figure class=\"wp-block-image size-large\"><img loading=\"lazy\" decoding=\"async\" width=\"1024\" height=\"963\" src=\"https:\/\/ciudadliberal.cl\/wp-content\/uploads\/2020\/09\/Captura-de-pantalla-2020-09-26-a-las-22.49.47-1024x963.png\" alt=\"\" class=\"wp-image-7520\" srcset=\"https:\/\/ciudadliberal.cl\/wp-content\/uploads\/2020\/09\/Captura-de-pantalla-2020-09-26-a-las-22.49.47-1024x963.png 1024w, https:\/\/ciudadliberal.cl\/wp-content\/uploads\/2020\/09\/Captura-de-pantalla-2020-09-26-a-las-22.49.47-300x282.png 300w, https:\/\/ciudadliberal.cl\/wp-content\/uploads\/2020\/09\/Captura-de-pantalla-2020-09-26-a-las-22.49.47-768x722.png 768w, https:\/\/ciudadliberal.cl\/wp-content\/uploads\/2020\/09\/Captura-de-pantalla-2020-09-26-a-las-22.49.47-447x420.png 447w, https:\/\/ciudadliberal.cl\/wp-content\/uploads\/2020\/09\/Captura-de-pantalla-2020-09-26-a-las-22.49.47-640x602.png 640w, https:\/\/ciudadliberal.cl\/wp-content\/uploads\/2020\/09\/Captura-de-pantalla-2020-09-26-a-las-22.49.47-681x641.png 681w, https:\/\/ciudadliberal.cl\/wp-content\/uploads\/2020\/09\/Captura-de-pantalla-2020-09-26-a-las-22.49.47.png 1144w\" sizes=\"auto, (max-width: 1024px) 100vw, 1024px\" \/><\/figure>\n\n\n\n<p><\/p>\n\n\n\n<p>V\u00eda: <a href=\"https:\/\/www.latercera.com\/tendencias\/noticia\/los-cuatro-perfiles-ideologicos-de-los-chilenos\/GUL6OTXGYZB2XO52QEAWV7US2Y\/\">La Tercera<\/a><\/p>\n","protected":false},"excerpt":{"rendered":"<p>Por Carlos P\u00e9rez Escobar \u00bfApoya el aborto en cualquier circunstancia? \u00bfCree que las empresas contaminantes se deber\u00edan cerrar? \u00bfConsidera que las pensiones son un tema individual o colectivo? \u00bfSe considera de izquierda, centro o derecha? En base a preguntas de ese tipo el Centro de Estudios de Conflicto y Cohesi\u00f3n Social (COES) present\u00f3 esta semana [&hellip;]<\/p>\n","protected":false},"author":1,"featured_media":7521,"comment_status":"closed","ping_status":"closed","sticky":false,"template":"","format":"standard","meta":{"footnotes":""},"categories":[16,2],"tags":[],"class_list":["post-7513","post","type-post","status-publish","format-standard","has-post-thumbnail","hentry","category-internet","category-portada"],"_links":{"self":[{"href":"https:\/\/ciudadliberal.cl\/index.php?rest_route=\/wp\/v2\/posts\/7513","targetHints":{"allow":["GET"]}}],"collection":[{"href":"https:\/\/ciudadliberal.cl\/index.php?rest_route=\/wp\/v2\/posts"}],"about":[{"href":"https:\/\/ciudadliberal.cl\/index.php?rest_route=\/wp\/v2\/types\/post"}],"author":[{"embeddable":true,"href":"https:\/\/ciudadliberal.cl\/index.php?rest_route=\/wp\/v2\/users\/1"}],"replies":[{"embeddable":true,"href":"https:\/\/ciudadliberal.cl\/index.php?rest_route=%2Fwp%2Fv2%2Fcomments&post=7513"}],"version-history":[{"count":1,"href":"https:\/\/ciudadliberal.cl\/index.php?rest_route=\/wp\/v2\/posts\/7513\/revisions"}],"predecessor-version":[{"id":7522,"href":"https:\/\/ciudadliberal.cl\/index.php?rest_route=\/wp\/v2\/posts\/7513\/revisions\/7522"}],"wp:featuredmedia":[{"embeddable":true,"href":"https:\/\/ciudadliberal.cl\/index.php?rest_route=\/wp\/v2\/media\/7521"}],"wp:attachment":[{"href":"https:\/\/ciudadliberal.cl\/index.php?rest_route=%2Fwp%2Fv2%2Fmedia&parent=7513"}],"wp:term":[{"taxonomy":"category","embeddable":true,"href":"https:\/\/ciudadliberal.cl\/index.php?rest_route=%2Fwp%2Fv2%2Fcategories&post=7513"},{"taxonomy":"post_tag","embeddable":true,"href":"https:\/\/ciudadliberal.cl\/index.php?rest_route=%2Fwp%2Fv2%2Ftags&post=7513"}],"curies":[{"name":"wp","href":"https:\/\/api.w.org\/{rel}","templated":true}]}}