{"id":7509,"date":"2020-09-25T11:04:01","date_gmt":"2020-09-25T15:04:01","guid":{"rendered":"https:\/\/ciudadliberal.cl\/?p=7509"},"modified":"2020-09-25T11:04:04","modified_gmt":"2020-09-25T15:04:04","slug":"coronavirus-justin-trudeau-dijo-que-en-canada-ya-esta-en-marcha-una-segunda-ola-de-contagios","status":"publish","type":"post","link":"https:\/\/ciudadliberal.cl\/?p=7509","title":{"rendered":"Coronavirus: Justin Trudeau dijo que en Canad\u00e1 ya est\u00e1 en marcha una segunda ola de contagios"},"content":{"rendered":"\n<p>El primer ministro de\u00a0<strong>Canad\u00e1, Justin Trudeau,<\/strong>\u00a0sostuvo que\u00a0<strong>una segunda ola de contagios<\/strong>\u00a0por\u00a0<a href=\"http:\/\/coronavirus%20en%20la%20argentina:%20con%20424%20muertos%20reportados,%20el%20pa%C3%ADs%20super%C3%B3%20los%2014.000%20fallecidos\/\">coronavirus<\/a>\u00abya est\u00e1 en marcha\u00bb en el pa\u00eds y advirti\u00f3 que podr\u00eda ser peor que la anterior si no se respetan las medidas de seguridad.<\/p>\n\n\n\n<p>Trudeau indic\u00f3 en un discurso que en las cuatros provincias m\u00e1s pobladas del pa\u00eds,<strong>\u00a0British Columbia, Alberta, Ontario y Quebec,\u00a0<\/strong>la segunda ola no est\u00e1 empezando, sino que ya est\u00e1 en marcha. \u00abJuntos, tenemos el poder de tener esta segunda ola bajo control\u00bb, se\u00f1al\u00f3 el primer ministro canadiense en el discurso emitido, entre otras, por la cadena CTV y record\u00f3 a los ciudadanos de su pa\u00eds la necesidad de usar barbijos y la aplicaci\u00f3n gubernamental para protegerse.<\/p>\n\n\n\n<p>Canad\u00e1 ha visto c\u00f3mo los casos de coronavirus aumentaban progresivamente. Este mi\u00e9rcoles el pa\u00eds ha reportado 1.090 casos nuevos y hay 10.722 casos activos, de acuerdo con los datos del Ministerio de Salud canadiense.<\/p>\n\n\n\n<p>Trudeau apunt\u00f3 que cuando Canad\u00e1 implement\u00f3 las medidas de confinamiento el 13 de marzo hab\u00eda 47 casos confirmados de coronavirus, y que tan s\u00f3lo el martes la naci\u00f3n registr\u00f3 m\u00e1s de 1.000. Muchas provincias reanudaron lentamente las actividades econ\u00f3micas durante el verano. \u00abNo podemos cambiar los n\u00fameros de hoy y tampoco los de ma\u00f1ana, esos ya se decidieron por lo que hicimos, o no hicimos, hace dos semanas\u00bb, consider\u00f3 Trudeau.<\/p>\n\n\n\n<p>\u00abLo que podemos cambiar es donde estaremos en octubre, y rumbo al invierno. Es muy probable que no nos reunamos para el D\u00eda de Acci\u00f3n de Gracias, pero todav\u00eda tenemos una oportunidad para Navidad\u00bb, agreg\u00f3 el mandatario por cadena nacional.<\/p>\n\n\n\n<p>Trudeau exhort\u00f3 a los canadienses a seguir portando barbijos y a descargar la aplicaci\u00f3n de Covid-19 del gobierno que permite que una persona est\u00e9 al tanto de si estuvo en contacto cercano con alguien que ha dado positivo a la enfermedad. \u00abJuntos, tenemos el poder de poner bajo control esta segunda ola\u00bb, opin\u00f3.<\/p>\n\n\n\n<p>M\u00e1s de 9.000 canadienses han fallecido en seis meses y el gobierno ha dicho que el impacto econ\u00f3mico del coronavirus sobre los canadienses ya ha sido peor que el de la crisis financiera de 2008.<\/p>\n\n\n\n<p><\/p>\n\n\n\n<p>V\u00eda: <a href=\"https:\/\/www.lanacion.com.ar\/el-mundo\/coronavirus-justin-trudeau-dijo-que-en-canada-ya-esta-en-marcha-una-segunda-ola-de-contagios-nid2459372\">La Nacion<\/a><\/p>\n","protected":false},"excerpt":{"rendered":"<p>El primer ministro de\u00a0Canad\u00e1, Justin Trudeau,\u00a0sostuvo que\u00a0una segunda ola de contagios\u00a0por\u00a0coronavirus\u00abya est\u00e1 en marcha\u00bb en el pa\u00eds y advirti\u00f3 que podr\u00eda ser peor que la anterior si no se respetan las medidas de seguridad. Trudeau indic\u00f3 en un discurso que en las cuatros provincias m\u00e1s pobladas del pa\u00eds,\u00a0British Columbia, Alberta, Ontario y Quebec,\u00a0la segunda ola [&hellip;]<\/p>\n","protected":false},"author":1,"featured_media":7510,"comment_status":"closed","ping_status":"closed","sticky":false,"template":"","format":"standard","meta":{"footnotes":""},"categories":[14,2],"tags":[],"class_list":["post-7509","post","type-post","status-publish","format-standard","has-post-thumbnail","hentry","category-entertainment","category-portada"],"_links":{"self":[{"href":"https:\/\/ciudadliberal.cl\/index.php?rest_route=\/wp\/v2\/posts\/7509","targetHints":{"allow":["GET"]}}],"collection":[{"href":"https:\/\/ciudadliberal.cl\/index.php?rest_route=\/wp\/v2\/posts"}],"about":[{"href":"https:\/\/ciudadliberal.cl\/index.php?rest_route=\/wp\/v2\/types\/post"}],"author":[{"embeddable":true,"href":"https:\/\/ciudadliberal.cl\/index.php?rest_route=\/wp\/v2\/users\/1"}],"replies":[{"embeddable":true,"href":"https:\/\/ciudadliberal.cl\/index.php?rest_route=%2Fwp%2Fv2%2Fcomments&post=7509"}],"version-history":[{"count":1,"href":"https:\/\/ciudadliberal.cl\/index.php?rest_route=\/wp\/v2\/posts\/7509\/revisions"}],"predecessor-version":[{"id":7511,"href":"https:\/\/ciudadliberal.cl\/index.php?rest_route=\/wp\/v2\/posts\/7509\/revisions\/7511"}],"wp:featuredmedia":[{"embeddable":true,"href":"https:\/\/ciudadliberal.cl\/index.php?rest_route=\/wp\/v2\/media\/7510"}],"wp:attachment":[{"href":"https:\/\/ciudadliberal.cl\/index.php?rest_route=%2Fwp%2Fv2%2Fmedia&parent=7509"}],"wp:term":[{"taxonomy":"category","embeddable":true,"href":"https:\/\/ciudadliberal.cl\/index.php?rest_route=%2Fwp%2Fv2%2Fcategories&post=7509"},{"taxonomy":"post_tag","embeddable":true,"href":"https:\/\/ciudadliberal.cl\/index.php?rest_route=%2Fwp%2Fv2%2Ftags&post=7509"}],"curies":[{"name":"wp","href":"https:\/\/api.w.org\/{rel}","templated":true}]}}