{"id":7506,"date":"2020-09-25T10:56:33","date_gmt":"2020-09-25T14:56:33","guid":{"rendered":"https:\/\/ciudadliberal.cl\/?p=7506"},"modified":"2020-09-25T10:56:36","modified_gmt":"2020-09-25T14:56:36","slug":"mas-estado-y-gasto-publico-el-atractivo-debate-sobre-la-crisis-chilena","status":"publish","type":"post","link":"https:\/\/ciudadliberal.cl\/?p=7506","title":{"rendered":"\u00bfM\u00e1s Estado y gasto p\u00fablico? El atractivo debate sobre la crisis chilena"},"content":{"rendered":"\n<p>El Instituto Desaf\u00edos de la Democracia organiz\u00f3 un conversatorio que cont\u00f3 con la participaci\u00f3n de diversos expertos. \u00ab\u00bfEs la econom\u00eda social de mercado la respuesta a la crisis actual?\u00bb<\/p>\n\n\n\n<p><strong>Jeannette Von Wolsferdorff, Alejandra Mustakis, Claudia Sanhueza, Andr\u00e9s Velasco y Jos\u00e9 de Gregorio<\/strong>&nbsp;protagonizaron un entretenido debate este mi\u00e9rcoles. Los expertos participaron en el conversatorio \u201c<strong>\u00bfM\u00e1s Estado y gasto p\u00fablico? \u00bfEs la econom\u00eda social de mercado la respuesta a la crisis actual?<\/strong>\u00bb que organiz\u00f3&nbsp;el Instituto Desaf\u00edos de la Democracia. El encuentro fue conducido por&nbsp;Monserrat \u00c1lvarez, y gener\u00f3 m\u00faltiples coincidencias entre los invitados. De hecho, la mayor\u00eda de ellos respald\u00f3 la idea de cambiar la tendencia reciente, que sataniza el libre mercado o sacraliza una social democracia o una econom\u00eda social de mercado.<\/p>\n\n\n\n<p>Andr\u00e9s Velasco, ministro de Hacienda en el primer gobierno de Michelle Bachelet, plantea: \u201cHay que salir del clich\u00e9 y asumir un camino propio con olor a empanada y vino tinto. La soluci\u00f3n no es el mercado o el Estado.&nbsp;<strong>Sino c\u00f3mo generar una asociatividad virtuosa entre los dos mundos para dar un salto en desarrollo inclusivo<\/strong>&nbsp;explotando las m\u00faltiples potencialidades que tenemos como pa\u00eds\u201d. En ese mismo sentido, Von Wolsferdorff, directora del Observatorio Fiscal, llam\u00f3 a trabajar en dos l\u00edneas: \u201cUna reforma pro mercado, que termine con la concentraci\u00f3n de riqueza qu\u00e9 es sensible y que requiere regulaciones distintas y una visi\u00f3n sist\u00e9mica distinta, y&nbsp;<strong>una estrategia pa\u00eds para financiar el talento, generar un desarrollo equitativo y diversificar riqueza\u201d.<\/strong>&nbsp;<\/p>\n\n\n\n<p>Mustakis puso en debate la necesidad de generar mayor movilidad social \u201c<strong>asegurando a todos la posibilidad de tener una buena educaci\u00f3n y capacidad para emprender<\/strong>\u201d. La presidenta de la Asociaci\u00f3n Nacional de Emprendedores forma parte del Consejo Asesor para la Recuperaci\u00f3n de la Inversi\u00f3n, que encabeza el ministro de Obras P\u00fablicas, Alfredo Moreno.<\/p>\n\n\n\n<h3 class=\"wp-block-heading\">El an\u00e1lisis sobre una posible nueva Constituci\u00f3n<\/h3>\n\n\n\n<p>Respecto del rol que podr\u00eda cumplir una nueva Constituci\u00f3n en el desarrollo m\u00e1s inclusivo de Chile, todos los panelistas llamaron a dar un giro al debate. El economista De Gregorio afirm\u00f3 que \u201cse ha puesto demasiada fe en la nueva Constituci\u00f3n para corregir problemas econ\u00f3micos y sociales.\u00a0<strong>Pensar que la Constituci\u00f3n va a resolver problema de pensiones es un error. S\u00ed hay otras definiciones donde la Constituci\u00f3n juega un rol.<\/strong>\u00a0Por ejemplo, en torno al sistema pol\u00edtico, al famoso principio de subsidiariedad, o el rol que la damos a las regiones, al territorio, a la comunidad como espacio de desarrollo\u201d.<\/p>\n\n\n\n<p>Velasco complement\u00f3 en la misma l\u00ednea: \u201cYo voy a votar con entusiasmo por el Apruebo. Es la gran oportunidad para mejorar nuestro sistema pol\u00edtico. Pero tambi\u00e9n veo con preocupaci\u00f3n las falsas expectativas que se generan respecto de lo que las Constituciones hacen. No le vendamos humo a la gente. La Constituci\u00f3n no va a resolver los problemas de salud p\u00fablica, vivienda, educaci\u00f3n o pensiones.&nbsp;<strong>Quiero pensar que vamos a tener un pa\u00eds m\u00e1s democr\u00e1tico. Pero las decisiones respecto de grandes brechas sociales y econ\u00f3micas no las va a poder abordar la Constituyente.<\/strong>&nbsp;S\u00ed la pol\u00edtica y la institucionalidad pol\u00edtica\u201d.<\/p>\n\n\n\n<p>Claudia Sanhueza, directora del Centro de Econom\u00eda y Pol\u00edticas Sociales de la Universidad Mayor, concluy\u00f3 que \u201cse puede distribuir muchos derechos sociales, pero si no se redistribuye el poder a trav\u00e9s de la Constituci\u00f3n nada cambiar\u00e1 mayormente.\u00a0<strong>Espero que m\u00e1s all\u00e1 de establecer derechos, el proceso constitucional y una Nueva Constituci\u00f3n ayude a fortalecer nuestra democracia e institucionalidad democr\u00e1tica<\/strong>\u201d.<\/p>\n\n\n\n<p><\/p>\n\n\n\n<p>V\u00eda: <a href=\"https:\/\/chile.as.com\/chile\/2020\/09\/24\/actualidad\/1600976930_835832.html\">Chile.as<\/a><\/p>\n","protected":false},"excerpt":{"rendered":"<p>El Instituto Desaf\u00edos de la Democracia organiz\u00f3 un conversatorio que cont\u00f3 con la participaci\u00f3n de diversos expertos. \u00ab\u00bfEs la econom\u00eda social de mercado la respuesta a la crisis actual?\u00bb Jeannette Von Wolsferdorff, Alejandra Mustakis, Claudia Sanhueza, Andr\u00e9s Velasco y Jos\u00e9 de Gregorio&nbsp;protagonizaron un entretenido debate este mi\u00e9rcoles. Los expertos participaron en el conversatorio \u201c\u00bfM\u00e1s Estado [&hellip;]<\/p>\n","protected":false},"author":1,"featured_media":7507,"comment_status":"closed","ping_status":"closed","sticky":false,"template":"","format":"standard","meta":{"footnotes":""},"categories":[16,2],"tags":[],"class_list":["post-7506","post","type-post","status-publish","format-standard","has-post-thumbnail","hentry","category-internet","category-portada"],"_links":{"self":[{"href":"https:\/\/ciudadliberal.cl\/index.php?rest_route=\/wp\/v2\/posts\/7506","targetHints":{"allow":["GET"]}}],"collection":[{"href":"https:\/\/ciudadliberal.cl\/index.php?rest_route=\/wp\/v2\/posts"}],"about":[{"href":"https:\/\/ciudadliberal.cl\/index.php?rest_route=\/wp\/v2\/types\/post"}],"author":[{"embeddable":true,"href":"https:\/\/ciudadliberal.cl\/index.php?rest_route=\/wp\/v2\/users\/1"}],"replies":[{"embeddable":true,"href":"https:\/\/ciudadliberal.cl\/index.php?rest_route=%2Fwp%2Fv2%2Fcomments&post=7506"}],"version-history":[{"count":1,"href":"https:\/\/ciudadliberal.cl\/index.php?rest_route=\/wp\/v2\/posts\/7506\/revisions"}],"predecessor-version":[{"id":7508,"href":"https:\/\/ciudadliberal.cl\/index.php?rest_route=\/wp\/v2\/posts\/7506\/revisions\/7508"}],"wp:featuredmedia":[{"embeddable":true,"href":"https:\/\/ciudadliberal.cl\/index.php?rest_route=\/wp\/v2\/media\/7507"}],"wp:attachment":[{"href":"https:\/\/ciudadliberal.cl\/index.php?rest_route=%2Fwp%2Fv2%2Fmedia&parent=7506"}],"wp:term":[{"taxonomy":"category","embeddable":true,"href":"https:\/\/ciudadliberal.cl\/index.php?rest_route=%2Fwp%2Fv2%2Fcategories&post=7506"},{"taxonomy":"post_tag","embeddable":true,"href":"https:\/\/ciudadliberal.cl\/index.php?rest_route=%2Fwp%2Fv2%2Ftags&post=7506"}],"curies":[{"name":"wp","href":"https:\/\/api.w.org\/{rel}","templated":true}]}}