{"id":7458,"date":"2020-09-15T14:54:53","date_gmt":"2020-09-15T18:54:53","guid":{"rendered":"https:\/\/ciudadliberal.cl\/?p=7458"},"modified":"2020-09-15T14:54:56","modified_gmt":"2020-09-15T18:54:56","slug":"informe-oms-el-fracaso-colectivo-de-los-lideres-politicos-llevo-a-un-mundo-en-desorden","status":"publish","type":"post","link":"https:\/\/ciudadliberal.cl\/?p=7458","title":{"rendered":"Informe OMS: El fracaso colectivo de los l\u00edderes pol\u00edticos llev\u00f3 a un \u00abmundo en desorden\u00bb"},"content":{"rendered":"\n<p>Las inversiones financieras y pol\u00edticas ante una pandemia como la del Covid-19 fueron insuficientes, seg\u00fan la Junta de Monitoreo de la Preparaci\u00f3n Global.<\/p>\n\n\n\n<p>\u00abLo que hemos gastado es 500 veces m\u00e1s que lo que podr\u00edamos haber gastado si es que nos hubi\u00e9ramos preparado\u00bb, explic\u00f3 la asesora Jeanette Vega.<\/p>\n\n\n\n<p>El&nbsp;<strong>fracaso colectivo de los l\u00edderes pol\u00edticos<\/strong>&nbsp;para prestar atenci\u00f3n a las advertencias y prepararse para una pandemia de enfermedades infecciosas transform\u00f3 \u00abun mundo en riesgo\u00bb en un<strong>&nbsp;\u00abmundo en desorden\u00bb<\/strong>, seg\u00fan un informe sobre la preparaci\u00f3n internacional para epidemias, elaborado por la&nbsp;Organizaci\u00f3n Mundial de la Salud (OMS).<\/p>\n\n\n\n<p>\u00abLas inversiones financieras y pol\u00edticas en la preparaci\u00f3n han sido insuficientes y todos estamos pagando el precio\u00bb, se lee en el estudio de la Junta de Monitoreo de la Preparaci\u00f3n Global (GPMB),&nbsp;presidida por la ex directora general de la OMS,&nbsp;<strong>Gro Harlem Brundtland<\/strong>.<\/p>\n\n\n\n<p><strong>\u00abNo es que al mundo le haya faltado la oportunidad de dar estos pasos\u00bb<\/strong>, indica el reporte. \u00abHa habido numerosos llamados a la acci\u00f3n &#8230; durante la \u00faltima d\u00e9cada, pero ninguno ha generado los cambios necesarios\u00bb, afirm\u00f3<\/p>\n\n\n\n<p>El&nbsp;<a href=\"https:\/\/www.cooperativa.cl\/noticias\/sociedad\/salud\/coronavirus\/doctora-chilena-que-trabajo-en-informe-oms-estaban-las-senales-de-un\/2020-04-15\/101211.html\" target=\"_blank\" rel=\"noreferrer noopener\">informe de la junta de 2019<\/a>, publicado unos meses antes de que surgiera el nuevo coronavirus en China, dec\u00eda que&nbsp;<strong>exist\u00eda una amenaza real de \u00abuna pandemia de r\u00e1pida propagaci\u00f3n debido a un pat\u00f3geno respiratorio letal\u00bb<\/strong>&nbsp;y advirti\u00f3 que tal evento podr\u00eda matar a millones y causar estragos en el mundo.<\/p>\n\n\n\n<p>El informe de este a\u00f1o, titulado<strong>&nbsp;\u00abUn mundo en desorden\u00bb<\/strong>, dice que<strong>&nbsp;los l\u00edderes mundiales nunca antes \u00abhab\u00edan sido advertidos con tanta claridad de los peligros de una pandemia devastadora\u00bb<\/strong>&nbsp;y, sin embargo, no tomaron las medidas adecuadas.<\/p>\n\n\n\n<p>La pandemia de Covid-19 ha puesto de manifiesto \u00abun<strong>&nbsp;fracaso colectivo para tomar en serio la prevenci\u00f3n, la preparaci\u00f3n y la respuesta a una pandemia y priorizarlas en consecuencia\u00bb<\/strong>, se\u00f1al\u00f3 el documento.&nbsp;<\/p>\n\n\n\n<p>\u00abNo aprender las lecciones de Covid-19 o actuar sobre ellas con los recursos y el compromiso necesarios significar\u00e1 que la pr\u00f3xima pandemia, que seguramente llegar\u00e1, ser\u00e1 a\u00fan m\u00e1s da\u00f1ina\u00bb, agreg\u00f3.&nbsp;<\/p>\n\n\n\n<p><strong>\u00abEs un llamado a invertir&nbsp;en las pol\u00edticas cl\u00e1sicas de salud p\u00fablica no solamente a un nivel de pa\u00edses, sino que a nivel global\u00bb<\/strong>, explic\u00f3 a<strong>&nbsp;Cooperativa<\/strong>&nbsp;la doctora chilena&nbsp;<strong>Jeanette Vega<\/strong>, ex subsecretaria de Salud, asesora de la OMS y gerenta de Innovaci\u00f3n M\u00e9dica de la Red de Salud UC-Christus.<\/p>\n\n\n\n<p>La especialista expuso que&nbsp;<strong>\u00abdolorosamente en esta pandemia, aparte de las vidas humanas, hemos aprendido que lo que llevamos gastado hasta ahora es 500 veces m\u00e1s que lo que podr\u00edamos haber gastado si es que nos hubi\u00e9ramos preparado&nbsp;<\/strong>de manera suficiente para afrontar una pandemia u otra crisis global de este tipo\u00bb.<\/p>\n\n\n\n<p><strong>\u00abLo que hubi\u00e9ramos gastado para cinco a\u00f1os de preparaci\u00f3n estar\u00eda en el rango de los billones de d\u00f3lares, mientras que lo que hemos gastado hasta ahora est\u00e1 en el rango de los trillones de d\u00f3lares\u00bb<\/strong>, expuso.&nbsp;<\/p>\n\n\n\n<p>\u00abLo que muestra esta epidemia no es s\u00f3lo que hay una econom\u00eda que es global m\u00e1s que diferentes econom\u00edas por separadas, sino que tambi\u00e9n la fragilidad de nuestras econom\u00edas y nuestros mecanismos de cooperaci\u00f3n internacional para ayudarnos cuando tenemos estas emergencias\u00bb, a\u00f1adi\u00f3 Vega.<\/p>\n\n\n\n<p>Y adelant\u00f3 uno de los desaf\u00edos m\u00e1s trascendentales para los pr\u00f3ximos meses:\u00a0\u00abHay que hacerlo bien para las vacunas, porque si t\u00fa miras la capacidad mundial de producci\u00f3n de vacunas, es mucho menos que lo que se necesita\u00bb, advirti\u00f3.<\/p>\n\n\n\n<p><\/p>\n\n\n\n<p>V\u00eda: <a href=\"https:\/\/www.cooperativa.cl\/noticias\/sociedad\/salud\/coronavirus\/informe-oms-el-fracaso-colectivo-de-los-lideres-politicos-llevo-a-un\/2020-09-14\/075743.html\">Cooperativa<\/a><\/p>\n","protected":false},"excerpt":{"rendered":"<p>Las inversiones financieras y pol\u00edticas ante una pandemia como la del Covid-19 fueron insuficientes, seg\u00fan la Junta de Monitoreo de la Preparaci\u00f3n Global. \u00abLo que hemos gastado es 500 veces m\u00e1s que lo que podr\u00edamos haber gastado si es que nos hubi\u00e9ramos preparado\u00bb, explic\u00f3 la asesora Jeanette Vega. El&nbsp;fracaso colectivo de los l\u00edderes pol\u00edticos&nbsp;para prestar [&hellip;]<\/p>\n","protected":false},"author":1,"featured_media":7459,"comment_status":"closed","ping_status":"closed","sticky":false,"template":"","format":"standard","meta":{"footnotes":""},"categories":[14,2],"tags":[],"class_list":["post-7458","post","type-post","status-publish","format-standard","has-post-thumbnail","hentry","category-entertainment","category-portada"],"_links":{"self":[{"href":"https:\/\/ciudadliberal.cl\/index.php?rest_route=\/wp\/v2\/posts\/7458","targetHints":{"allow":["GET"]}}],"collection":[{"href":"https:\/\/ciudadliberal.cl\/index.php?rest_route=\/wp\/v2\/posts"}],"about":[{"href":"https:\/\/ciudadliberal.cl\/index.php?rest_route=\/wp\/v2\/types\/post"}],"author":[{"embeddable":true,"href":"https:\/\/ciudadliberal.cl\/index.php?rest_route=\/wp\/v2\/users\/1"}],"replies":[{"embeddable":true,"href":"https:\/\/ciudadliberal.cl\/index.php?rest_route=%2Fwp%2Fv2%2Fcomments&post=7458"}],"version-history":[{"count":1,"href":"https:\/\/ciudadliberal.cl\/index.php?rest_route=\/wp\/v2\/posts\/7458\/revisions"}],"predecessor-version":[{"id":7460,"href":"https:\/\/ciudadliberal.cl\/index.php?rest_route=\/wp\/v2\/posts\/7458\/revisions\/7460"}],"wp:featuredmedia":[{"embeddable":true,"href":"https:\/\/ciudadliberal.cl\/index.php?rest_route=\/wp\/v2\/media\/7459"}],"wp:attachment":[{"href":"https:\/\/ciudadliberal.cl\/index.php?rest_route=%2Fwp%2Fv2%2Fmedia&parent=7458"}],"wp:term":[{"taxonomy":"category","embeddable":true,"href":"https:\/\/ciudadliberal.cl\/index.php?rest_route=%2Fwp%2Fv2%2Fcategories&post=7458"},{"taxonomy":"post_tag","embeddable":true,"href":"https:\/\/ciudadliberal.cl\/index.php?rest_route=%2Fwp%2Fv2%2Ftags&post=7458"}],"curies":[{"name":"wp","href":"https:\/\/api.w.org\/{rel}","templated":true}]}}