{"id":7454,"date":"2020-09-14T11:48:34","date_gmt":"2020-09-14T15:48:34","guid":{"rendered":"https:\/\/ciudadliberal.cl\/?p=7454"},"modified":"2020-09-14T11:48:37","modified_gmt":"2020-09-14T15:48:37","slug":"cadem-solo-un-4-quiere-que-las-clases-presenciales-vuelvan-despues-de-fiestas-patrias","status":"publish","type":"post","link":"https:\/\/ciudadliberal.cl\/?p=7454","title":{"rendered":"Cadem: Solo un 4% quiere que las clases presenciales vuelvan despu\u00e9s de Fiestas Patrias"},"content":{"rendered":"\n<p>En paralelo, un 58% insiste en que los profesores sigan ense\u00f1ando de forma telem\u00e1tica.<\/p>\n\n\n\n<p>Adem\u00e1s, un 48% cree que los padres deben decidir sobre el retorno a las aulas, versus un 6% que le dar\u00eda esa facultad al Mineduc.<\/p>\n\n\n\n<p><strong>Solo un cuatro por ciento prefiere que vuelvan las clases presenciales despu\u00e9s del 18 de septiembre o durante octubre<\/strong>, y un 58 por ciento insiste en que las clases se mantengan en su modalidad online, de acuerdo a la \u00faltima encuesta de&nbsp;<a href=\"https:\/\/www.cadem.cl\/encuestas\/plaza-publica-no-348-14-de-septiembre\/\" target=\"_blank\" rel=\"noreferrer noopener\">Plaza P\u00fablica Cadem<\/a>.<\/p>\n\n\n\n<p>Por su parte,\u00a0<strong>un 36 por ciento se inclina por que el Gobierno d\u00e9 por terminado el a\u00f1o escolar<\/strong>\u00a0con anterioridad y permita la promoci\u00f3n transversal de los estudiantes,\u00a0idea que no ha tomado fuerza en el Mineduc.<\/p>\n\n\n\n<p>Sin embargo,\u00a0<strong>un 52 por ciento valora que se busquen soluciones para permitir el regreso de los estudiantes<\/strong>\u00a0a las aulas en comunas sin contagios, mientras que un 44 por ciento est\u00e1 de acuerdo con que vayan a clases los alumnos que pueden acceder a educaci\u00f3n al aire libre, y un 37 por ciento con que solo se reanuden las clases presenciales de los Cuartos Medios.<\/p>\n\n\n\n<p>Asimismo,<strong>&nbsp;un 36 por ciento favorece el retorno a clases de estudiantes con necesidades educativas especiales<\/strong>, un 30 por ciento en el caso de quienes viven en condiciones de hacinamiento y otro 30 por ciento est\u00e1 de acuerdo con el regreso de aquellos con mayor riesgo de deserci\u00f3n.<\/p>\n\n\n\n<p>Por lo dem\u00e1s,<strong>&nbsp;un 48 por ciento cree que los padres deben decidir si sus hijos pueden volver a las aulas<\/strong>, y un 25 por ciento le dar\u00eda la facultad al Ministerio de Salud, un 20 por ciento a cada comunidad educativa, y&nbsp;<strong>solo un 6 por ciento al Ministerio de Educaci\u00f3n<\/strong>.<\/p>\n\n\n\n<p>Sobre este \u00faltimo resultado, el director de Cadem,\u00a0<strong>Roberto Izikson<\/strong>, se\u00f1al\u00f3 a<em>\u00a0La Tercera\u00a0<\/em>que \u00abcreo que el Estado, el Gobierno, el Mineduc,\u00a0<strong>no han sido capaces de explicar en concreto cu\u00e1les son los beneficios de volver a clases<\/strong>, todav\u00eda en un contexto de coronavirus\u00bb.<\/p>\n\n\n\n<figure class=\"wp-block-image size-large\"><img loading=\"lazy\" decoding=\"async\" width=\"1019\" height=\"570\" src=\"https:\/\/ciudadliberal.cl\/wp-content\/uploads\/2020\/09\/foto_0000000220200914071244.jpg\" alt=\"\" class=\"wp-image-7455\" srcset=\"https:\/\/ciudadliberal.cl\/wp-content\/uploads\/2020\/09\/foto_0000000220200914071244.jpg 1019w, https:\/\/ciudadliberal.cl\/wp-content\/uploads\/2020\/09\/foto_0000000220200914071244-300x168.jpg 300w, https:\/\/ciudadliberal.cl\/wp-content\/uploads\/2020\/09\/foto_0000000220200914071244-768x430.jpg 768w, https:\/\/ciudadliberal.cl\/wp-content\/uploads\/2020\/09\/foto_0000000220200914071244-751x420.jpg 751w, https:\/\/ciudadliberal.cl\/wp-content\/uploads\/2020\/09\/foto_0000000220200914071244-640x358.jpg 640w, https:\/\/ciudadliberal.cl\/wp-content\/uploads\/2020\/09\/foto_0000000220200914071244-681x381.jpg 681w\" sizes=\"auto, (max-width: 1019px) 100vw, 1019px\" \/><\/figure>\n\n\n\n<h2 class=\"wp-block-heading\"><em>Positiva evaluaci\u00f3n de clases telem\u00e1ticas<\/em><\/h2>\n\n\n\n<p><strong>Las clases online fueron calificadas con notas 5 y 7 por un 56 por ciento de los padres<\/strong>, con un incremento al 58 por ciento en el caso de la Educaci\u00f3n Media y alcanzando un 63 por ciento entre padres con hijos universitarios.<\/p>\n\n\n\n<p>En la misma l\u00ednea,&nbsp;<strong>un 57 por ciento estima que la prioridad de los colegios ahora debe ser la educaci\u00f3n remota<\/strong>, versus un 41 por ciento que opina que deben concentrarse en una eventual apertura segura.<\/p>\n\n\n\n<p>\u00abA pesar de todas las dificultades,\u00a0<strong>que esto est\u00e9 tan bien calificado por los apoderados refleja que se ha hecho un buen trabajo<\/strong>. Lamentablemente el \u00fanico que no lo reconoce, al parecer, es el ministro de Educaci\u00f3n y el Gobierno\u00bb,\u00a0afirm\u00f3 al diario el presidente del Colegio de Profesores,<strong>\u00a0Mario Aguilar<\/strong>.<\/p>\n\n\n\n<p><\/p>\n\n\n\n<p>V\u00eda: <a href=\"https:\/\/www.cooperativa.cl\/noticias\/sociedad\/salud\/coronavirus\/cadem-solo-un-4-quiere-que-las-clases-presenciales-vuelvan-despues-de\/2020-09-14\/071244.html\">Cooperativa<\/a><\/p>\n","protected":false},"excerpt":{"rendered":"<p>En paralelo, un 58% insiste en que los profesores sigan ense\u00f1ando de forma telem\u00e1tica. Adem\u00e1s, un 48% cree que los padres deben decidir sobre el retorno a las aulas, versus un 6% que le dar\u00eda esa facultad al Mineduc. Solo un cuatro por ciento prefiere que vuelvan las clases presenciales despu\u00e9s del 18 de septiembre [&hellip;]<\/p>\n","protected":false},"author":1,"featured_media":7456,"comment_status":"closed","ping_status":"closed","sticky":false,"template":"","format":"standard","meta":{"footnotes":""},"categories":[16,2],"tags":[],"class_list":["post-7454","post","type-post","status-publish","format-standard","has-post-thumbnail","hentry","category-internet","category-portada"],"_links":{"self":[{"href":"https:\/\/ciudadliberal.cl\/index.php?rest_route=\/wp\/v2\/posts\/7454","targetHints":{"allow":["GET"]}}],"collection":[{"href":"https:\/\/ciudadliberal.cl\/index.php?rest_route=\/wp\/v2\/posts"}],"about":[{"href":"https:\/\/ciudadliberal.cl\/index.php?rest_route=\/wp\/v2\/types\/post"}],"author":[{"embeddable":true,"href":"https:\/\/ciudadliberal.cl\/index.php?rest_route=\/wp\/v2\/users\/1"}],"replies":[{"embeddable":true,"href":"https:\/\/ciudadliberal.cl\/index.php?rest_route=%2Fwp%2Fv2%2Fcomments&post=7454"}],"version-history":[{"count":1,"href":"https:\/\/ciudadliberal.cl\/index.php?rest_route=\/wp\/v2\/posts\/7454\/revisions"}],"predecessor-version":[{"id":7457,"href":"https:\/\/ciudadliberal.cl\/index.php?rest_route=\/wp\/v2\/posts\/7454\/revisions\/7457"}],"wp:featuredmedia":[{"embeddable":true,"href":"https:\/\/ciudadliberal.cl\/index.php?rest_route=\/wp\/v2\/media\/7456"}],"wp:attachment":[{"href":"https:\/\/ciudadliberal.cl\/index.php?rest_route=%2Fwp%2Fv2%2Fmedia&parent=7454"}],"wp:term":[{"taxonomy":"category","embeddable":true,"href":"https:\/\/ciudadliberal.cl\/index.php?rest_route=%2Fwp%2Fv2%2Fcategories&post=7454"},{"taxonomy":"post_tag","embeddable":true,"href":"https:\/\/ciudadliberal.cl\/index.php?rest_route=%2Fwp%2Fv2%2Ftags&post=7454"}],"curies":[{"name":"wp","href":"https:\/\/api.w.org\/{rel}","templated":true}]}}