{"id":7344,"date":"2020-08-19T10:08:41","date_gmt":"2020-08-19T14:08:41","guid":{"rendered":"https:\/\/ciudadliberal.cl\/?p=7344"},"modified":"2020-08-19T10:08:43","modified_gmt":"2020-08-19T14:08:43","slug":"justin-trudeau-nombra-a-chrystia-freeland-como-nueva-ministra-de-finanzas-de-canada","status":"publish","type":"post","link":"https:\/\/ciudadliberal.cl\/?p=7344","title":{"rendered":"Justin Trudeau nombra a Chrystia Freeland como nueva ministra de Finanzas de Canad\u00e1"},"content":{"rendered":"\n<p>El cambio en el gabinete se produjo despu\u00e9s de que el lunes renunciara el ministro de Finanzas, Bill Morneau, tras casi cinco a\u00f1os en el cargo.<\/p>\n\n\n\n<p>El primer ministro de&nbsp;<strong>Canad\u00e1<\/strong>, Justin Trudeau, reorganiz\u00f3 el martes 18 de agosto su gabinete al designar como ministra de Finanzas a&nbsp;<strong>Chrystia Freeland<\/strong>&nbsp;tras un esc\u00e1ndalo \u00e9tico que lo afect\u00f3 personalmente.<\/p>\n\n\n\n<p>Freeland, mano derecha de Trudeau, ser\u00e1 la primera mujer en ejercer ese cargo en momentos en que la pandemia de Covid-19 provoca en Canad\u00e1 la peor crisis econ\u00f3mica desde la Segunda Guerra Mundial.<\/p>\n\n\n\n<p>Exministra de Exteriores, que negoci\u00f3 el nuevo tratado comercial con&nbsp;M\u00e9xico y Estados Unidos (<strong>T-MEC<\/strong>), Freeland hab\u00eda sido promovida a vice primera ministra tras la reelecci\u00f3n de los liberales de Trudeau en octubre y conservar\u00e1 ese cargo. De 52 a\u00f1os, es considerada una potencial candidata a la sucesi\u00f3n de Trudeau.<\/p>\n\n\n\n<p>El cambio en el gabinete se produjo despu\u00e9s de que el lunes renunciara&nbsp;<a href=\"https:\/\/www.eleconomista.com.mx\/internacionales\/Bill-Morneau-anuncia-su-renuncia-como-ministro-canadiense-de-Finanzas-20200817-0094.html\" target=\"_blank\" rel=\"noreferrer noopener\">el ministro de Finanzas, Bill Morneau, tras casi cinco a\u00f1os en el cargo<\/a>.<\/p>\n\n\n\n<p>Morneau dijo que dimiti\u00f3 para facilitar la recuperaci\u00f3n econ\u00f3mica de Canad\u00e1 y consagrarse a su candidatura a la secretar\u00eda general de la OCDE.<\/p>\n\n\n\n<p>En las \u00faltimas semanas, medios de prensa dieron cuenta de divergencias entre Trudeau y Morneau sobre la forma de recuperar la econom\u00eda canadiense. El ahora exministro est\u00e1 adem\u00e1s involucrado en un esc\u00e1ndalo \u00e9tico que alcanz\u00f3 tambi\u00e9n al propio Trudeau.<\/p>\n\n\n\n<p>El comisario canadiense de \u00e9tica analiza los lazos de Morneau con la asociaci\u00f3n de caridad We Charity, que empleaba a su hija y a la que el gobierno le otorg\u00f3 directamente contratos.<\/p>\n\n\n\n<p>Esa investigaci\u00f3n apunta tambi\u00e9n a Trudeau. La esposa, la madre y un hermano del primer ministro recibieron unos 300.000 d\u00f3lares por participar en eventos de We Charity.<\/p>\n\n\n\n<p>Tanto Trudeau como Morneau pidieron disculpas por haber participado en conversaciones sobre la asignaci\u00f3n de un contratos a esa organizaci\u00f3n. El contrato qued\u00f3 sin efecto pero el gobierno de Trudeau perdi\u00f3 popularidad.<\/p>\n\n\n\n<p><\/p>\n\n\n\n<p>V\u00eda: <a href=\"https:\/\/www.eleconomista.com.mx\/internacionales\/Justin-Trudeau-nombra-a-Chrystia-Freeland-como-nueva-ministra-de-Finanzas-de-Canada-20200818-0108.html\">El Economista<\/a><\/p>\n","protected":false},"excerpt":{"rendered":"<p>El cambio en el gabinete se produjo despu\u00e9s de que el lunes renunciara el ministro de Finanzas, Bill Morneau, tras casi cinco a\u00f1os en el cargo. El primer ministro de&nbsp;Canad\u00e1, Justin Trudeau, reorganiz\u00f3 el martes 18 de agosto su gabinete al designar como ministra de Finanzas a&nbsp;Chrystia Freeland&nbsp;tras un esc\u00e1ndalo \u00e9tico que lo afect\u00f3 personalmente. [&hellip;]<\/p>\n","protected":false},"author":1,"featured_media":7345,"comment_status":"closed","ping_status":"closed","sticky":false,"template":"","format":"standard","meta":{"footnotes":""},"categories":[14,2],"tags":[],"class_list":["post-7344","post","type-post","status-publish","format-standard","has-post-thumbnail","hentry","category-entertainment","category-portada"],"_links":{"self":[{"href":"https:\/\/ciudadliberal.cl\/index.php?rest_route=\/wp\/v2\/posts\/7344","targetHints":{"allow":["GET"]}}],"collection":[{"href":"https:\/\/ciudadliberal.cl\/index.php?rest_route=\/wp\/v2\/posts"}],"about":[{"href":"https:\/\/ciudadliberal.cl\/index.php?rest_route=\/wp\/v2\/types\/post"}],"author":[{"embeddable":true,"href":"https:\/\/ciudadliberal.cl\/index.php?rest_route=\/wp\/v2\/users\/1"}],"replies":[{"embeddable":true,"href":"https:\/\/ciudadliberal.cl\/index.php?rest_route=%2Fwp%2Fv2%2Fcomments&post=7344"}],"version-history":[{"count":1,"href":"https:\/\/ciudadliberal.cl\/index.php?rest_route=\/wp\/v2\/posts\/7344\/revisions"}],"predecessor-version":[{"id":7346,"href":"https:\/\/ciudadliberal.cl\/index.php?rest_route=\/wp\/v2\/posts\/7344\/revisions\/7346"}],"wp:featuredmedia":[{"embeddable":true,"href":"https:\/\/ciudadliberal.cl\/index.php?rest_route=\/wp\/v2\/media\/7345"}],"wp:attachment":[{"href":"https:\/\/ciudadliberal.cl\/index.php?rest_route=%2Fwp%2Fv2%2Fmedia&parent=7344"}],"wp:term":[{"taxonomy":"category","embeddable":true,"href":"https:\/\/ciudadliberal.cl\/index.php?rest_route=%2Fwp%2Fv2%2Fcategories&post=7344"},{"taxonomy":"post_tag","embeddable":true,"href":"https:\/\/ciudadliberal.cl\/index.php?rest_route=%2Fwp%2Fv2%2Ftags&post=7344"}],"curies":[{"name":"wp","href":"https:\/\/api.w.org\/{rel}","templated":true}]}}