{"id":7340,"date":"2020-08-18T08:44:00","date_gmt":"2020-08-18T12:44:00","guid":{"rendered":"https:\/\/ciudadliberal.cl\/?p=7340"},"modified":"2020-08-17T17:48:56","modified_gmt":"2020-08-17T21:48:56","slug":"la-percepcion-de-los-chilenos-sobre-su-situacion-economica-se-dispara-a-maximos-desde-marzo-en-medio-de-frenesi-por-el-retiro-del-10","status":"publish","type":"post","link":"https:\/\/ciudadliberal.cl\/?p=7340","title":{"rendered":"La percepci\u00f3n de los chilenos sobre su situaci\u00f3n econ\u00f3mica se dispara a m\u00e1ximos desde marzo, en medio de frenes\u00ed por el retiro del 10%"},"content":{"rendered":"\n<p>Los m\u00e1s de US$ 8.000 millones liberados por las AFP apuntalaron las expectativas sobre el consumo. La pregunta del mill\u00f3n es cu\u00e1nto durar\u00e1 este mayor optimismo.<\/p>\n\n\n\n<p>Impactada fuertemente por pago de los fondos de pensiones y tambi\u00e9n por los bonos para la clase media, la percepci\u00f3n de los chilenos durante la semana del 13 de agosto cambi\u00f3 considerablemente, y lo hizo para mejor. Esto es lo que muestra la encuesta semanal elaborada por Cadem, donde el 54% de los encuestados calific\u00f3 de muy buena o buena su situaci\u00f3n econ\u00f3mica y la de su familia.<\/p>\n\n\n\n<p>Este dato representa un salto de 10 puntos porcentuales respecto a la semana previa del 3 de agosto, se inscribe como el registro m\u00e1s alto desde el 13 marzo pasado (cuando apenas empezaba a sentirse el impacto de la crisis del Covid-19) y adem\u00e1s es la primera vez en cinco meses que la evaluaci\u00f3n es m\u00e1s positiva que negativa.<\/p>\n\n\n\n<p>El gerente de Asuntos P\u00fablicos y Estudios Cuantitativos de Cadem, Roberto Izikson dijo que este hecho \u201ces bastante in\u00e9dito, porque desde 2014 a la fecha, solo en dos momentos la evaluaci\u00f3n ha sido m\u00e1s negativa que positiva: post 18 de octubre y post pandemia. Pero el post 18 de octubre fue acotado y solo dur\u00f3 dos semanas, en cambio en pandemia se ha mantenido por m\u00e1s de 5 meses,&nbsp;<strong>hasta el retiro del 10% donde volvi\u00f3 a ser positiva<\/strong>\u201d.<\/p>\n\n\n\n<p>Aunque reconoce que el retiro del 10%, seguido en forma m\u00e1s acotada por el bono clase media,&nbsp;<strong>han tenido un impacto tremendamente positivo en la situaci\u00f3n familiar<\/strong>, s\u00ed reconoce que existe un riesgo en que este dato se transforme un hecho meramente coyuntural y que pasado el mayor impacto del pago de los fondos de pensiones&nbsp;<strong>el resultado podr\u00eda revertirse<\/strong>.<\/p>\n\n\n\n<p>Para dimensionar el efecto del retiro de fondos en las personas, la encuesta muestra que el mayor salto se produjo entre quienes declararon pertenecer a la\u00a0<strong>clase media, pasando de 36% la semana del 6 a 51% la semana del 13<\/strong>. En orden, le siguieron quienes declararon pertenecer a la\u00a0<strong>clase baja,<\/strong>\u00a0pasando de un 26% a un 35%; y por \u00faltimo la clase alta, que aument\u00f3 3 puntos porcentuales respecto a la semana previa, hasta alcanzar el 68%.<\/p>\n\n\n\n<p>Algo similar a la clase media sucedi\u00f3 con quienes declararon estar cesantes. En este segmento las perspectivas mejoraron desde un 11% hasta un 26%. En menor medida le siguieron quienes dijeron estar trabajando, con un aumento de 12 pp entre una semana y la otra (63%), y luego quienes declararon ser due\u00f1os de casa y estudiantes, los que aumentaron 9 pp cada uno ( hasta 48% y 64% respectivamente).<\/p>\n\n\n\n<h2 class=\"wp-block-heading\">Respiro al consumo<\/h2>\n\n\n\n<p>Como consecuencia de esta mejor percepci\u00f3n econ\u00f3mica, que coincide con el levantamiento de las medidas de restricci\u00f3n en varias comunas de la Regi\u00f3n Metropolitana y la consiguiente apertura gradual del comercio, las perspectivas de consumo tambi\u00e9n mejoraron, al producirse un salto de 4 puntos porcentuales en el sondeo Cadem, hasta el 34% entre.<\/p>\n\n\n\n<p>Esta situaci\u00f3n ya empieza a reflejarse en otros indicadores. La semana pasada, en medio del boom por el pago y los dep\u00f3sitos de las AFP a los afiliados, la ventas en el comercio online en MercadoLibre, por ejemplo, aumentaron 25% respecto a la semana anterior, mientras que en la plataforma\u00a0Yapo\u00a0la demanda de inmuebles y autom\u00f3viles se dispar\u00f3 a niveles que incluso superan lo anotado en 2019.<\/p>\n\n\n\n<p>Algo parecido sucedi\u00f3 con\u00a0la venta de veh\u00edculos nuevos en las dos \u00faltimas semanas de julio, las que tras el inicio del desconfinamiento aumentaron a cifras que no se ve\u00edan desde marzo pasado justo cuando inici\u00f3 la crisis.<\/p>\n\n\n\n<p><strong>En tal contexto hay que se\u00f1alar que las gestoras ya han depositado m\u00e1s de US$ 8.000 millones a los afiliados<\/strong>.<\/p>\n\n\n\n<p>Desde la C\u00e1mara Nacional de Comercio (CNC), la gerenta de estudio,&nbsp;<strong>Bernardita Silva<\/strong>, dijo a Pulso que esta mejor\u00eda en la percepci\u00f3n de la econom\u00eda y el consumo debe mirarse con cautela.<\/p>\n\n\n\n<p>Ello porque se enmarca un contexto de&nbsp;<em>shock&nbsp;<\/em>transitorio que pone en segundo plano el grave contexto econ\u00f3mico que atraviesa el pa\u00eds, marcado por ca\u00eddas hist\u00f3ricas de la actividad y un desempleo que afecta a unas 2,7 millones de personas.<\/p>\n\n\n\n<p>Esta situaci\u00f3n, dijo Silva, se refleja en la misma encuesta Cadem con la consulta \u00bfC\u00f3mo calificar\u00eda usted la situaci\u00f3n actual del empleo en el pa\u00eds?, en la que el 90% la califica de mala o muy mala.<\/p>\n\n\n\n<p>Por eso, y en l\u00ednea con lo que ya anticipaban otros economistas, Silva estima que esta euforia durar\u00e1 el tiempo que los recursos provenientes del 10% o de los bonos que ha entregado el Estado est\u00e9n en el bolsillo de los beneficiarios<\/p>\n\n\n\n<p>Respecto a cu\u00e1nto durar\u00eda este cambio de percepci\u00f3n,\u00a0<strong>George Lever<\/strong>, gerente de Estudios de la C\u00e1mara de Comercio de Santiago (CCS) sostuvo que al ser una inyecci\u00f3n de liquidez \u201cconsiderable\u201d cuyo impacto en el consumo ya se ha podido apreciar en las \u00faltimas 2 semanas, \u201cel mayor efecto deber\u00eda extenderse al menos 3 o 4 meses, hasta que gran parte de estos recursos se extingan\u201d.<\/p>\n\n\n\n<p><\/p>\n\n\n\n<p>V\u00eda: <a href=\"https:\/\/www.latercera.com\/pulso\/noticia\/la-percepcion-de-los-chilenos-sobre-su-situacion-economica-se-dispara-a-maximos-desde-marzo-en-medio-de-frenesi-por-el-retiro-del-10\/F7ZGQUMJWBDC7JCUXNCMPWDBTY\/\">La Tercera<\/a><\/p>\n","protected":false},"excerpt":{"rendered":"<p>Los m\u00e1s de US$ 8.000 millones liberados por las AFP apuntalaron las expectativas sobre el consumo. La pregunta del mill\u00f3n es cu\u00e1nto durar\u00e1 este mayor optimismo. Impactada fuertemente por pago de los fondos de pensiones y tambi\u00e9n por los bonos para la clase media, la percepci\u00f3n de los chilenos durante la semana del 13 de [&hellip;]<\/p>\n","protected":false},"author":1,"featured_media":7341,"comment_status":"closed","ping_status":"closed","sticky":false,"template":"","format":"standard","meta":{"footnotes":""},"categories":[16,2],"tags":[],"class_list":["post-7340","post","type-post","status-publish","format-standard","has-post-thumbnail","hentry","category-internet","category-portada"],"_links":{"self":[{"href":"https:\/\/ciudadliberal.cl\/index.php?rest_route=\/wp\/v2\/posts\/7340","targetHints":{"allow":["GET"]}}],"collection":[{"href":"https:\/\/ciudadliberal.cl\/index.php?rest_route=\/wp\/v2\/posts"}],"about":[{"href":"https:\/\/ciudadliberal.cl\/index.php?rest_route=\/wp\/v2\/types\/post"}],"author":[{"embeddable":true,"href":"https:\/\/ciudadliberal.cl\/index.php?rest_route=\/wp\/v2\/users\/1"}],"replies":[{"embeddable":true,"href":"https:\/\/ciudadliberal.cl\/index.php?rest_route=%2Fwp%2Fv2%2Fcomments&post=7340"}],"version-history":[{"count":1,"href":"https:\/\/ciudadliberal.cl\/index.php?rest_route=\/wp\/v2\/posts\/7340\/revisions"}],"predecessor-version":[{"id":7342,"href":"https:\/\/ciudadliberal.cl\/index.php?rest_route=\/wp\/v2\/posts\/7340\/revisions\/7342"}],"wp:featuredmedia":[{"embeddable":true,"href":"https:\/\/ciudadliberal.cl\/index.php?rest_route=\/wp\/v2\/media\/7341"}],"wp:attachment":[{"href":"https:\/\/ciudadliberal.cl\/index.php?rest_route=%2Fwp%2Fv2%2Fmedia&parent=7340"}],"wp:term":[{"taxonomy":"category","embeddable":true,"href":"https:\/\/ciudadliberal.cl\/index.php?rest_route=%2Fwp%2Fv2%2Fcategories&post=7340"},{"taxonomy":"post_tag","embeddable":true,"href":"https:\/\/ciudadliberal.cl\/index.php?rest_route=%2Fwp%2Fv2%2Ftags&post=7340"}],"curies":[{"name":"wp","href":"https:\/\/api.w.org\/{rel}","templated":true}]}}