{"id":7333,"date":"2020-08-17T10:42:38","date_gmt":"2020-08-17T14:42:38","guid":{"rendered":"https:\/\/ciudadliberal.cl\/?p=7333"},"modified":"2020-08-17T10:42:42","modified_gmt":"2020-08-17T14:42:42","slug":"diputado-andres-molina-se-convierte-en-el-nuevo-presidente-de-evopoli","status":"publish","type":"post","link":"https:\/\/ciudadliberal.cl\/?p=7333","title":{"rendered":"Diputado Andr\u00e9s Molina se convierte en el nuevo presidente de Ev\u00f3poli"},"content":{"rendered":"\n<p>El diputado<strong>&nbsp;Andr\u00e9s Molina<\/strong>&nbsp;se convirti\u00f3, la noche este domingo, el&nbsp;<strong>nuevo presidente de Ev\u00f3poli<\/strong>.<\/p>\n\n\n\n<p>El parlamentario logr\u00f3 quedarse con la testera del partido que es parte de Chile Vamos luego de que su lista \u00abJugados por tus ideas, jugados por ti\u00bb, se quedara con las elecciones internas del conglomerado al obtener&nbsp;<strong>un 65% de los votos<\/strong>, superando a la lista \u00abNosotros somos Ev\u00f3poli\u00bb (23%) y \u00abSigamos evolucionando\u00bb (12%).<\/p>\n\n\n\n<p>De esta manera, Molina ser\u00e1 acompa\u00f1ado en la testera del partido por\u00a0Luz Poblete (secretaria general) y\u00a0 comovicepresidentes: los diputados Francisco Undurraga y Pablo Kast, Mar\u00eda de los \u00c1ngeles de la Paz, ex gobernadora de Valpara\u00edso, Italo Zunino, empresario agr\u00edcola de Los \u00c1ngeles y Alejandra Harrison, fundadora del partido en el Maule.<\/p>\n\n\n\n<p>La elecci\u00f3n se hizo a trav\u00e9s de mesas electr\u00f3nicas y presenciales, contando con la participaci\u00f3n de los&nbsp;2990 de 22435 militantes, un 13,4% del padr\u00f3n electoral.<\/p>\n\n\n\n<p>Cabe recordar que el anterior presidente de Ev\u00f3poli,\u00a0<strong>Hern\u00e1n Larra\u00edn-Matte<\/strong>, present\u00f3 su renuncia al cargo el pasado 19 de julio.<\/p>\n\n\n\n<p><\/p>\n\n\n\n<p>V\u00eda: <a href=\"https:\/\/www.t13.cl\/noticia\/politica\/diputado-andres-molina-se-convierte-nuevo-presidente-evopoli\">Teletrece<\/a><\/p>\n","protected":false},"excerpt":{"rendered":"<p>El diputado&nbsp;Andr\u00e9s Molina&nbsp;se convirti\u00f3, la noche este domingo, el&nbsp;nuevo presidente de Ev\u00f3poli. El parlamentario logr\u00f3 quedarse con la testera del partido que es parte de Chile Vamos luego de que su lista \u00abJugados por tus ideas, jugados por ti\u00bb, se quedara con las elecciones internas del conglomerado al obtener&nbsp;un 65% de los votos, superando a [&hellip;]<\/p>\n","protected":false},"author":1,"featured_media":7334,"comment_status":"closed","ping_status":"closed","sticky":false,"template":"","format":"standard","meta":{"footnotes":""},"categories":[16,2],"tags":[],"class_list":["post-7333","post","type-post","status-publish","format-standard","has-post-thumbnail","hentry","category-internet","category-portada"],"_links":{"self":[{"href":"https:\/\/ciudadliberal.cl\/index.php?rest_route=\/wp\/v2\/posts\/7333","targetHints":{"allow":["GET"]}}],"collection":[{"href":"https:\/\/ciudadliberal.cl\/index.php?rest_route=\/wp\/v2\/posts"}],"about":[{"href":"https:\/\/ciudadliberal.cl\/index.php?rest_route=\/wp\/v2\/types\/post"}],"author":[{"embeddable":true,"href":"https:\/\/ciudadliberal.cl\/index.php?rest_route=\/wp\/v2\/users\/1"}],"replies":[{"embeddable":true,"href":"https:\/\/ciudadliberal.cl\/index.php?rest_route=%2Fwp%2Fv2%2Fcomments&post=7333"}],"version-history":[{"count":1,"href":"https:\/\/ciudadliberal.cl\/index.php?rest_route=\/wp\/v2\/posts\/7333\/revisions"}],"predecessor-version":[{"id":7335,"href":"https:\/\/ciudadliberal.cl\/index.php?rest_route=\/wp\/v2\/posts\/7333\/revisions\/7335"}],"wp:featuredmedia":[{"embeddable":true,"href":"https:\/\/ciudadliberal.cl\/index.php?rest_route=\/wp\/v2\/media\/7334"}],"wp:attachment":[{"href":"https:\/\/ciudadliberal.cl\/index.php?rest_route=%2Fwp%2Fv2%2Fmedia&parent=7333"}],"wp:term":[{"taxonomy":"category","embeddable":true,"href":"https:\/\/ciudadliberal.cl\/index.php?rest_route=%2Fwp%2Fv2%2Fcategories&post=7333"},{"taxonomy":"post_tag","embeddable":true,"href":"https:\/\/ciudadliberal.cl\/index.php?rest_route=%2Fwp%2Fv2%2Ftags&post=7333"}],"curies":[{"name":"wp","href":"https:\/\/api.w.org\/{rel}","templated":true}]}}