{"id":7329,"date":"2020-08-15T22:41:57","date_gmt":"2020-08-16T02:41:57","guid":{"rendered":"https:\/\/ciudadliberal.cl\/?p=7329"},"modified":"2020-08-15T22:41:59","modified_gmt":"2020-08-16T02:41:59","slug":"putin-y-macron-analizan-situacion-en-el-libano-y-nexos-bilaterales","status":"publish","type":"post","link":"https:\/\/ciudadliberal.cl\/?p=7329","title":{"rendered":"Putin y Macron analizan situaci\u00f3n en El L\u00edbano y nexos bilaterales"},"content":{"rendered":"\n<p>El presidente ruso, Vladimir Putin, analiz\u00f3 por tel\u00e9fono con su similar franc\u00e9s, Emmanuel Macron, la situaci\u00f3n en El L\u00edbano, los nexos bilaterales y la visita a este pa\u00eds del estadista galo, inform\u00f3 el Kremlin.<br>Putin y Macron se refirieron a las medidas adoptadas por ambos estados para proporcionar asistencia humanitaria a la poblaci\u00f3n libanesa, tras una explosi\u00f3n en el puerto de Beirut el pasado d\u00eda 4.<\/p>\n\n\n\n<p>Macron comparti\u00f3 las impresiones de su reciente visita al L\u00edbano y los resultados de una videoconferencia organizada por Francia el domingo \u00faltimo para movilizar la ayuda internacional al pa\u00eds levantino.<\/p>\n\n\n\n<p>Adem\u00e1s, la parte rusa reafirm\u00f3 su posici\u00f3n de apoyo a la unidad nacional y la soberan\u00eda de El L\u00edbano, se\u00f1al\u00f3 el servicio de prensa presidencial.<\/p>\n\n\n\n<p>En la pl\u00e1tica se destac\u00f3 la necesidad de resolver todas las cuestiones controvertidas existentes por los propios libaneses sobre la base de un di\u00e1logo constructivo, sin injerencias externas.<\/p>\n\n\n\n<p>De igual forma, se discutieron aspectos de la soluci\u00f3n del conflicto interno de Ucrania, en particular, se dio una evaluaci\u00f3n positiva a las medidas para fortalecer el r\u00e9gimen de alto el fuego en el Donbass, pactadas el 22 de julio pasado por el Grupo de Contacto de Minsk.<\/p>\n\n\n\n<p>El presidente ruso reiter\u00f3 la importancia del estricto cumplimiento por Ucrania de sus obligaciones en aspectos pol\u00edticos de los Acuerdos de Minsk, incluido un di\u00e1logo directo entre Kiev y las rep\u00fablicas rebeldes de Donetsk y Lugansk para legalizar su estatus especial.<\/p>\n\n\n\n<p>Tambi\u00e9n se analiz\u00f3 el tema de Belar\u00fas, donde la oposici\u00f3n realiza protestas e ignora el resultado de los comicios del domingo, con un 80,23 por ciento de los votos a favor del mandatario Alexander Lukashenko.<\/p>\n\n\n\n<p>En el contexto de la preparaci\u00f3n de una posible visita del presidente de Francia a Rusia, se expres\u00f3 el inter\u00e9s mutuo de desarrollar lazos en los \u00e1mbitos pol\u00edtico, comercial, econ\u00f3mico y humanitario, para fortalecer la seguridad y estabilidad europeas.<\/p>\n\n\n\n<p>Putin y Macron se refirieron a la importancia de una mayor cooperaci\u00f3n para contrarrestar la propagaci\u00f3n de la infecci\u00f3n de la pandemia de Covid-19, luego que Rusia anunci\u00f3 contar con una vacuna contra ese virus.<\/p>\n\n\n\n<p>El estadista ruso aprovech\u00f3 la ocasi\u00f3n para transmitir sus m\u00e1s sinceras condolencias por la reciente muerte de ciudadanos franceses en el suroeste de N\u00edger, destac\u00f3 el servicio de prensa del Kremlin.<\/p>\n\n\n\n<p><\/p>\n\n\n\n<p>V\u00eda: <a href=\"https:\/\/www.prensa-latina.cu\/index.php?o=rn&amp;id=388969&amp;SEO=putin-y-macron-analizan-situacion-en-el-libano-y-nexos-bilaterales\">Prensa Latina<\/a><\/p>\n","protected":false},"excerpt":{"rendered":"<p>El presidente ruso, Vladimir Putin, analiz\u00f3 por tel\u00e9fono con su similar franc\u00e9s, Emmanuel Macron, la situaci\u00f3n en El L\u00edbano, los nexos bilaterales y la visita a este pa\u00eds del estadista galo, inform\u00f3 el Kremlin.Putin y Macron se refirieron a las medidas adoptadas por ambos estados para proporcionar asistencia humanitaria a la poblaci\u00f3n libanesa, tras una [&hellip;]<\/p>\n","protected":false},"author":1,"featured_media":7330,"comment_status":"closed","ping_status":"closed","sticky":false,"template":"","format":"standard","meta":{"footnotes":""},"categories":[14,2],"tags":[],"class_list":["post-7329","post","type-post","status-publish","format-standard","has-post-thumbnail","hentry","category-entertainment","category-portada"],"_links":{"self":[{"href":"https:\/\/ciudadliberal.cl\/index.php?rest_route=\/wp\/v2\/posts\/7329","targetHints":{"allow":["GET"]}}],"collection":[{"href":"https:\/\/ciudadliberal.cl\/index.php?rest_route=\/wp\/v2\/posts"}],"about":[{"href":"https:\/\/ciudadliberal.cl\/index.php?rest_route=\/wp\/v2\/types\/post"}],"author":[{"embeddable":true,"href":"https:\/\/ciudadliberal.cl\/index.php?rest_route=\/wp\/v2\/users\/1"}],"replies":[{"embeddable":true,"href":"https:\/\/ciudadliberal.cl\/index.php?rest_route=%2Fwp%2Fv2%2Fcomments&post=7329"}],"version-history":[{"count":1,"href":"https:\/\/ciudadliberal.cl\/index.php?rest_route=\/wp\/v2\/posts\/7329\/revisions"}],"predecessor-version":[{"id":7331,"href":"https:\/\/ciudadliberal.cl\/index.php?rest_route=\/wp\/v2\/posts\/7329\/revisions\/7331"}],"wp:featuredmedia":[{"embeddable":true,"href":"https:\/\/ciudadliberal.cl\/index.php?rest_route=\/wp\/v2\/media\/7330"}],"wp:attachment":[{"href":"https:\/\/ciudadliberal.cl\/index.php?rest_route=%2Fwp%2Fv2%2Fmedia&parent=7329"}],"wp:term":[{"taxonomy":"category","embeddable":true,"href":"https:\/\/ciudadliberal.cl\/index.php?rest_route=%2Fwp%2Fv2%2Fcategories&post=7329"},{"taxonomy":"post_tag","embeddable":true,"href":"https:\/\/ciudadliberal.cl\/index.php?rest_route=%2Fwp%2Fv2%2Ftags&post=7329"}],"curies":[{"name":"wp","href":"https:\/\/api.w.org\/{rel}","templated":true}]}}