{"id":7254,"date":"2020-07-29T11:01:15","date_gmt":"2020-07-29T15:01:15","guid":{"rendered":"https:\/\/ciudadliberal.cl\/?p=7254"},"modified":"2020-07-29T11:01:17","modified_gmt":"2020-07-29T15:01:17","slug":"onu-informa-que-riesgo-de-posible-violencia-no-es-base-solida-para-que-los-gobiernos-prohiban-las-manifestaciones","status":"publish","type":"post","link":"https:\/\/ciudadliberal.cl\/?p=7254","title":{"rendered":"ONU informa que riesgo de posible violencia \u201cno es base s\u00f3lida\u201d para que los gobiernos proh\u00edban las manifestaciones"},"content":{"rendered":"\n<p>El comit\u00e9 de Derechos Humanos de Naciones Unidas, agreg\u00f3, adem\u00e1s, que participantes de las manifestaciones tienen derecho a usar m\u00e1scara o capuchas para cubrirse la cara.<\/p>\n\n\n\n<p>Esta ma\u00f1ana, el comit\u00e9 de&nbsp;<strong>Derechos Humanos de Naciones Unidas&nbsp;<\/strong>public\u00f3 su interpretaci\u00f3n sobre el derecho de las personas de reunirse de manera pac\u00edfica y defini\u00f3 los alcances de las reuniones que se aplican tanto las instancias f\u00edsicas como a las virtuales, y las obligaciones que deben tener los gobiernos.<\/p>\n\n\n\n<p>As\u00ed, la instancia declar\u00f3 que&nbsp;<strong>\u201ces un derecho humano fundamental para las personas unirse a una asamblea pac\u00edfica para expresarse, celebrar o expresar sus quejas.<\/strong>&nbsp;Junto con otros derechos relacionados con la libertad pol\u00edtica, constituye la base misma de una sociedad democr\u00e1tica en la que los cambios pueden llevarse a cabo mediante la discusi\u00f3n y la persuasi\u00f3n, en lugar del uso de la fuerza\u201d.<\/p>\n\n\n\n<p>Christof Heyns, miembro del comit\u00e9, agreg\u00f3 que \u201ctodos, incluidos los ni\u00f1os, extranjeros, mujeres, trabajadores migrantes, solicitantes de asilo y refugiados, pueden ejercer el derecho de reuni\u00f3n pac\u00edfica, que puede tomar muchas formas: en espacios p\u00fablicos y privados, al aire libre, en interiores y en de forma digital\u201d.<\/p>\n\n\n\n<p>El comit\u00e9 agreg\u00f3 que en este sentido los gobiernos tienen obligaciones positivas en cuanto al Pacto Internacional de Derechos Civiles y Pol\u00edticos (PIDCP), para facilitar las asambleas pac\u00edficas y proteger a los participantes de posibles abusos. Pero adem\u00e1s, tienen deberes negativos como no prohibir, restringir, bloquear o interrumpir las asambleas sin ninguna justificaci\u00f3n.<\/p>\n\n\n\n<p><strong>\u201cLas referencias generalizadas al orden p\u00fablico o la seguridad p\u00fablica, o un riesgo no especificado de violencia potencial no son bases s\u00f3lidas para que los gobiernos proh\u00edban las asambleas pac\u00edficas\u201d,<\/strong>\u00a0dijo Heyns, que a\u00f1adi\u00f3 que \u201ccualquier restricci\u00f3n a la participaci\u00f3n en asambleas pac\u00edficas debe basarse en una evaluaci\u00f3n diferenciada o individualizada de la conducta de los participantes. Las restricciones generales a la participaci\u00f3n en asambleas pac\u00edficas no son apropiadas \u201c.<\/p>\n\n\n\n<p>Sobre esto mismo, asegur\u00f3 que los&nbsp;<strong>participantes de las manifestaciones tienen derecho a usar m\u00e1scara o capuchas para cubrirse la cara y que los gobiernos no deben recopilar datos personales para hostigar o intimidar a quienes participen.&nbsp;<\/strong>Tampoco pueden, sostuvieron, bloquear redes de Internet o cerrar sitios web como forma de hostigamiento frente a una reuni\u00f3n.<\/p>\n\n\n\n<p>Tambi\u00e9n se hizo hincapi\u00e9 en el derecho de los periodistas y observadores de derechos humanos a supervisar y documentar cualquier reuni\u00f3n, incluidas las violentas e ilegales.<\/p>\n\n\n\n<p>El Comit\u00e9 de Derechos Humanos de Naciones Unidas est\u00e1 compuesto por 18 expertos individuales que monitorean la implementaci\u00f3n del Pacto Internacional de Derechos Civiles y Pol\u00edticos (PIDCP), y emiti\u00f3 una gu\u00eda legal integral, tambi\u00e9n conocida como \u2018comentario general\u2019, sobre el art\u00edculo 21 del PIDCP sobre cuestiones fundamentales derecho de reuni\u00f3n pac\u00edfica.<\/p>\n\n\n\n<p>El comentario general del documento, aclara c\u00f3mo debe ser entendido el t\u00e9rmino \u201casamblea pac\u00edfica\u201d y establece est\u00e1ndares para ayudar a los 173 pa\u00edses que han ratificado el PIDCP a cumplir con sus obligaciones bajo el Pacto.<\/p>\n\n\n\n<p>V\u00eda: <a href=\"https:\/\/www.latercera.com\/nacional\/noticia\/onu-informa-que-riesgo-de-posible-violencia-no-es-base-solida-para-que-los-gobiernos-prohiban-las-manifestaciones\/J5754DL5SVHM7IQ53QPDL5XPHM\/\">La Tercera<\/a><\/p>\n","protected":false},"excerpt":{"rendered":"<p>El comit\u00e9 de Derechos Humanos de Naciones Unidas, agreg\u00f3, adem\u00e1s, que participantes de las manifestaciones tienen derecho a usar m\u00e1scara o capuchas para cubrirse la cara. Esta ma\u00f1ana, el comit\u00e9 de&nbsp;Derechos Humanos de Naciones Unidas&nbsp;public\u00f3 su interpretaci\u00f3n sobre el derecho de las personas de reunirse de manera pac\u00edfica y defini\u00f3 los alcances de las reuniones [&hellip;]<\/p>\n","protected":false},"author":1,"featured_media":7255,"comment_status":"closed","ping_status":"closed","sticky":false,"template":"","format":"standard","meta":{"footnotes":""},"categories":[16,2],"tags":[],"class_list":["post-7254","post","type-post","status-publish","format-standard","has-post-thumbnail","hentry","category-internet","category-portada"],"_links":{"self":[{"href":"https:\/\/ciudadliberal.cl\/index.php?rest_route=\/wp\/v2\/posts\/7254","targetHints":{"allow":["GET"]}}],"collection":[{"href":"https:\/\/ciudadliberal.cl\/index.php?rest_route=\/wp\/v2\/posts"}],"about":[{"href":"https:\/\/ciudadliberal.cl\/index.php?rest_route=\/wp\/v2\/types\/post"}],"author":[{"embeddable":true,"href":"https:\/\/ciudadliberal.cl\/index.php?rest_route=\/wp\/v2\/users\/1"}],"replies":[{"embeddable":true,"href":"https:\/\/ciudadliberal.cl\/index.php?rest_route=%2Fwp%2Fv2%2Fcomments&post=7254"}],"version-history":[{"count":1,"href":"https:\/\/ciudadliberal.cl\/index.php?rest_route=\/wp\/v2\/posts\/7254\/revisions"}],"predecessor-version":[{"id":7256,"href":"https:\/\/ciudadliberal.cl\/index.php?rest_route=\/wp\/v2\/posts\/7254\/revisions\/7256"}],"wp:featuredmedia":[{"embeddable":true,"href":"https:\/\/ciudadliberal.cl\/index.php?rest_route=\/wp\/v2\/media\/7255"}],"wp:attachment":[{"href":"https:\/\/ciudadliberal.cl\/index.php?rest_route=%2Fwp%2Fv2%2Fmedia&parent=7254"}],"wp:term":[{"taxonomy":"category","embeddable":true,"href":"https:\/\/ciudadliberal.cl\/index.php?rest_route=%2Fwp%2Fv2%2Fcategories&post=7254"},{"taxonomy":"post_tag","embeddable":true,"href":"https:\/\/ciudadliberal.cl\/index.php?rest_route=%2Fwp%2Fv2%2Ftags&post=7254"}],"curies":[{"name":"wp","href":"https:\/\/api.w.org\/{rel}","templated":true}]}}