{"id":7250,"date":"2020-07-27T17:37:24","date_gmt":"2020-07-27T21:37:24","guid":{"rendered":"https:\/\/ciudadliberal.cl\/?p=7250"},"modified":"2020-07-27T17:37:26","modified_gmt":"2020-07-27T21:37:26","slug":"diputado-mirosevic-sobre-10-este-es-un-triunfo-de-la-gente","status":"publish","type":"post","link":"https:\/\/ciudadliberal.cl\/?p=7250","title":{"rendered":"Diputado Mirosevic Sobre 10% : Este es un Triunfo de la Gente"},"content":{"rendered":"\n<p>Tras un arduo debate en el Congreso Nacional, que se prolong\u00f3 tras diversos intentos fallidos de diversos proyectos de ley, el proceso legislativo del retiro excepcional de fondos de la cuenta de capitalizaci\u00f3n individual en las AFP culmin\u00f3 este jueves en el Congreso Nacional, pasando a manos del presidente de la Republica.<\/p>\n\n\n\n<p>La moci\u00f3n parlamentaria fue aprobada en su tercer tramite constitucional en la C\u00e1mara de Diputados por 116 votos a favor. Una amplia mayor\u00eda en comparaci\u00f3n a su primer tr\u00e1mite, tambi\u00e9n en la C\u00e1mara de Diputados, en que solo fue aprobada por 95 votos.<\/p>\n\n\n\n<p>El proyecto definitivo estableci\u00f3 que expl\u00edcitamente la universalidad de este retiro para cualquier persona que posea ahorros en su cuenta de AFP, incluyendo a pensionados, dejando el monto retirado libre de impuestos, retenciones judiciales o administrativas u otros grav\u00e1menes, exceptuando las deudas por pensi\u00f3n alimenticia, y con posibilidad de retiro hasta 365 d\u00edas despu\u00e9s de publicada en el Diario Oficial.<\/p>\n\n\n\n<p>Para quienes posean menos de un mill\u00f3n ahorrado, podr\u00e1n retirar la totalidad de su monto. Para quienes posean entre uno y diez millones acumulados, podr\u00e1n retirar solo un mill\u00f3n. Para quienes posean m\u00e1s de diez millones acumulados, podr\u00e1n retirar su 10% con un tope de 4,5 millones. Este pago se har\u00e1 en dos cuotas, la primera 10 d\u00edas luego de hecha la solicitud ante su AFP y la segunda 30 d\u00edas despu\u00e9s del primer pago.<\/p>\n\n\n\n<p>El Diputado Vlado Mirosevic se manifest\u00f3 a favor de la iniciativa en ambas oportunidades, destacando la necesidad de esta medida para quienes han resultado mas golpeados por la crisis econ\u00f3mica que esta dejando el Covid-19 y que no han podido ser abarcados por las pol\u00edticas p\u00fablicas.<\/p>\n\n\n\n<p>\u2018\u2018Estamos frente a un momento hist\u00f3rico, la primera derrota para las AFP, luego de que acumularon tantos privilegios y regulaciones a su favor y no para los cotizantes. Los chilenos se han vuelto a emocionar, se les hab\u00eda olvidado que este pa\u00eds tambi\u00e9n les pertenece. Es la primera llama de un cambio tranquilo hacia una verdadera seguridad social. Un mensaje para la gente: Este triunfo es \u00fanicamente de ustedes, a ustedes les pertenece, gracias por eso\u2019\u2019 \u2013 indico desde el hemiciclo.<\/p>\n\n\n\n<p>El proyecto fue promulgado este viernes por el Presidente de la Rep\u00fablica, ahora contin\u00faa con su tramitaci\u00f3n administrativa a la espera de ser publicado en el diario Oficial, durante la pr\u00f3xima semana, momento desde el cual, las AFP deber\u00e1n habilitar tanto presencial como virtualmente el acceso a solicitud de retiro e informaciones, para esto debe contar con su c\u00e9dula de identidad vigente, clave de acceso a su portal de AFP y una cuenta bancaria a la cual se efectuar\u00e1 el dep\u00f3sito. En caso de faltar alguna de estas, se deber\u00e1 concurrir a las sucursales con el mayor resguardo posible, recordar que la solicitud podr\u00e1 efectuarse hasta 365 d\u00edas desde publicada la ley.<\/p>\n\n\n\n<p><\/p>\n\n\n\n<p>V\u00eda: <a href=\"https:\/\/www.aricaldia.cl\/diputado-mirosevic-sobre-10-este-es-un-triunfo-de-la-gente\/\">Arica al d\u00eda<\/a><\/p>\n","protected":false},"excerpt":{"rendered":"<p>Tras un arduo debate en el Congreso Nacional, que se prolong\u00f3 tras diversos intentos fallidos de diversos proyectos de ley, el proceso legislativo del retiro excepcional de fondos de la cuenta de capitalizaci\u00f3n individual en las AFP culmin\u00f3 este jueves en el Congreso Nacional, pasando a manos del presidente de la Republica. La moci\u00f3n parlamentaria [&hellip;]<\/p>\n","protected":false},"author":1,"featured_media":7251,"comment_status":"closed","ping_status":"closed","sticky":false,"template":"","format":"standard","meta":{"footnotes":""},"categories":[16,2],"tags":[],"class_list":["post-7250","post","type-post","status-publish","format-standard","has-post-thumbnail","hentry","category-internet","category-portada"],"_links":{"self":[{"href":"https:\/\/ciudadliberal.cl\/index.php?rest_route=\/wp\/v2\/posts\/7250","targetHints":{"allow":["GET"]}}],"collection":[{"href":"https:\/\/ciudadliberal.cl\/index.php?rest_route=\/wp\/v2\/posts"}],"about":[{"href":"https:\/\/ciudadliberal.cl\/index.php?rest_route=\/wp\/v2\/types\/post"}],"author":[{"embeddable":true,"href":"https:\/\/ciudadliberal.cl\/index.php?rest_route=\/wp\/v2\/users\/1"}],"replies":[{"embeddable":true,"href":"https:\/\/ciudadliberal.cl\/index.php?rest_route=%2Fwp%2Fv2%2Fcomments&post=7250"}],"version-history":[{"count":1,"href":"https:\/\/ciudadliberal.cl\/index.php?rest_route=\/wp\/v2\/posts\/7250\/revisions"}],"predecessor-version":[{"id":7252,"href":"https:\/\/ciudadliberal.cl\/index.php?rest_route=\/wp\/v2\/posts\/7250\/revisions\/7252"}],"wp:featuredmedia":[{"embeddable":true,"href":"https:\/\/ciudadliberal.cl\/index.php?rest_route=\/wp\/v2\/media\/7251"}],"wp:attachment":[{"href":"https:\/\/ciudadliberal.cl\/index.php?rest_route=%2Fwp%2Fv2%2Fmedia&parent=7250"}],"wp:term":[{"taxonomy":"category","embeddable":true,"href":"https:\/\/ciudadliberal.cl\/index.php?rest_route=%2Fwp%2Fv2%2Fcategories&post=7250"},{"taxonomy":"post_tag","embeddable":true,"href":"https:\/\/ciudadliberal.cl\/index.php?rest_route=%2Fwp%2Fv2%2Ftags&post=7250"}],"curies":[{"name":"wp","href":"https:\/\/api.w.org\/{rel}","templated":true}]}}