{"id":7200,"date":"2020-07-15T15:02:32","date_gmt":"2020-07-15T19:02:32","guid":{"rendered":"https:\/\/ciudadliberal.cl\/?p=7200"},"modified":"2020-07-15T15:02:41","modified_gmt":"2020-07-15T19:02:41","slug":"ahorro-previsional-con-95-votos-retiro-del-10-avanzo-en-la-camara-baja-y-paso-al-senado","status":"publish","type":"post","link":"https:\/\/ciudadliberal.cl\/?p=7200","title":{"rendered":"Ahorro previsional: Con 95 votos, retiro del 10% avanz\u00f3 en la C\u00e1mara Baja y pas\u00f3 al Senado"},"content":{"rendered":"\n<p>La C\u00e1mara de Diputados y Diputadas aprob\u00f3 el proyecto que permite retirar hasta el 10 por ciento de los ahorros previsionales, por lo que ahora pasar\u00e1 al Senado.<\/p>\n\n\n\n<p>La iniciativa -que requer\u00eda 93 votos favorables- fue aprobada en general por 95 votos a favor, 36 en contra y 22 abstenciones.<\/p>\n\n\n\n<p>La reforma autoriza a retirar un 10 por ciento de los ahorros previsionales, con un m\u00e1ximo de 150 unidades de fomento (4,3 millones de pesos), y un m\u00ednimo de 35 unidades de fomento (un mill\u00f3n de pesos).<\/p>\n\n\n\n<p>Con esto el proyecto de ley fue despachada al Senado, donde, preliminarmente, la oposici\u00f3n ya se encuentra cuadrada para aprobar la iniativa.<\/p>\n\n\n\n<p>Nueva derrota para el Gobierno<br>Esta se transform\u00f3 en una nueva derrota para el Gobierno, que luego de diversas modificaciones a los proyectos del Ejecutivo para ir en ayuda de la clase media, no lograron convencer a parlamentarios oficialistas y opositores de votar en contra del proyecto.<\/p>\n\n\n\n<p>Previo a la aprobaci\u00f3n del proyecto, el ministro de Hacienda, Ignacio Briones, y el ministro del Interior, Gonzalo Blumel, realizaron sus respectivas intervenciones en la C\u00e1mara Baja, reafirmando que el retiro de fondos previsionales traer\u00e1 consecuencias.<\/p>\n\n\n\n<p><\/p>\n\n\n\n<p>V\u00eda: <a href=\"https:\/\/www.cooperativa.cl\/noticias\/economia\/sistema-previsional\/afp\/ahorro-previsional-con-95-votos-retiro-del-10-avanzo-en-la-camara\/2020-07-15\/132642.html\">Cooperativa<\/a><\/p>\n","protected":false},"excerpt":{"rendered":"<p>La C\u00e1mara de Diputados y Diputadas aprob\u00f3 el proyecto que permite retirar hasta el 10 por ciento de los ahorros previsionales, por lo que ahora pasar\u00e1 al Senado. La iniciativa -que requer\u00eda 93 votos favorables- fue aprobada en general por 95 votos a favor, 36 en contra y 22 abstenciones. La reforma autoriza a retirar [&hellip;]<\/p>\n","protected":false},"author":1,"featured_media":7201,"comment_status":"closed","ping_status":"closed","sticky":false,"template":"","format":"standard","meta":{"footnotes":""},"categories":[16,2],"tags":[],"class_list":["post-7200","post","type-post","status-publish","format-standard","has-post-thumbnail","hentry","category-internet","category-portada"],"_links":{"self":[{"href":"https:\/\/ciudadliberal.cl\/index.php?rest_route=\/wp\/v2\/posts\/7200","targetHints":{"allow":["GET"]}}],"collection":[{"href":"https:\/\/ciudadliberal.cl\/index.php?rest_route=\/wp\/v2\/posts"}],"about":[{"href":"https:\/\/ciudadliberal.cl\/index.php?rest_route=\/wp\/v2\/types\/post"}],"author":[{"embeddable":true,"href":"https:\/\/ciudadliberal.cl\/index.php?rest_route=\/wp\/v2\/users\/1"}],"replies":[{"embeddable":true,"href":"https:\/\/ciudadliberal.cl\/index.php?rest_route=%2Fwp%2Fv2%2Fcomments&post=7200"}],"version-history":[{"count":1,"href":"https:\/\/ciudadliberal.cl\/index.php?rest_route=\/wp\/v2\/posts\/7200\/revisions"}],"predecessor-version":[{"id":7202,"href":"https:\/\/ciudadliberal.cl\/index.php?rest_route=\/wp\/v2\/posts\/7200\/revisions\/7202"}],"wp:featuredmedia":[{"embeddable":true,"href":"https:\/\/ciudadliberal.cl\/index.php?rest_route=\/wp\/v2\/media\/7201"}],"wp:attachment":[{"href":"https:\/\/ciudadliberal.cl\/index.php?rest_route=%2Fwp%2Fv2%2Fmedia&parent=7200"}],"wp:term":[{"taxonomy":"category","embeddable":true,"href":"https:\/\/ciudadliberal.cl\/index.php?rest_route=%2Fwp%2Fv2%2Fcategories&post=7200"},{"taxonomy":"post_tag","embeddable":true,"href":"https:\/\/ciudadliberal.cl\/index.php?rest_route=%2Fwp%2Fv2%2Ftags&post=7200"}],"curies":[{"name":"wp","href":"https:\/\/api.w.org\/{rel}","templated":true}]}}