{"id":7193,"date":"2020-07-14T13:23:43","date_gmt":"2020-07-14T17:23:43","guid":{"rendered":"https:\/\/ciudadliberal.cl\/?p=7193"},"modified":"2020-07-14T13:23:46","modified_gmt":"2020-07-14T17:23:46","slug":"la-revolucion-francesa-inspiradora-de-todas-las-republicas-democraticas-del-mundo","status":"publish","type":"post","link":"https:\/\/ciudadliberal.cl\/?p=7193","title":{"rendered":"La Revoluci\u00f3n Francesa, inspiradora de todas las rep\u00fablicas democr\u00e1ticas del mundo"},"content":{"rendered":"\n<p>A 231 a\u00f1os de la toma de la Bastilla, los principios y valores de los revolucionarios franceses tienen una absoluta vigencia<\/p>\n\n\n\n<p>El 14 de julio de 1789, los revolucionarios franceses que se opon\u00edan al rey Luis XVI tomaron la fortaleza medieval conocida como la Bastilla, en la que solo hab\u00eda siete prisioneros, pero que era el s\u00edmbolo m\u00e1s acabado de la opresi\u00f3n de la monarqu\u00eda sobre el pueblo. Aunque fue el \u00edcono y la cuna de las democracias modernas, hoy, en ese lugar solo hay una plaza y un momento que recuerdan la asunci\u00f3n del poder pol\u00edtico por parte de los ciudadanos al grito de Libertad, Igualdad y Fraternidad, que se convirti\u00f3 en universal.<\/p>\n\n\n\n<p>Desde 1880, el 14 de julio es el D\u00eda Nacional de\u00a0<a href=\"http:\/\/www.diariopopular.com.ar\/francia-a431\">Francia<\/a>\u00a0y se celebra, no solo en ese pa\u00eds, sino tambi\u00e9n en casi todo el mundo. Es que los grandes pensadores del Iluminismo franc\u00e9s, sentaron las bases de las rep\u00fablicas democr\u00e1ticas y representativas modernas de todo el mundo. En su obra \u00abEl Esp\u00edritu de las Leyes\u00bb, Montesquieu establece un principio que ser\u00eda adoptado por todos los pa\u00edses democr\u00e1ticos del mundo, desde Estados Unidos hasta la Argentina: la divisi\u00f3n de poderes. Por ello, las rep\u00fablicas tienen divididas sus funciones en Poder Ejecutivo, Poder Legislativo y Poder Judicial, lo que permite la interacci\u00f3n y el control entre esas tres funciones con el fin de evitar abusos sobre los ciudadanos por parte de los Gobiernos. Por eso, a pesar de que ya han pasado 231 a\u00f1os de la Revoluci\u00f3n Francesa, sus principios y valores conservan absoluta vigencia.<\/p>\n\n\n\n<p><\/p>\n\n\n\n<p><a href=\"https:\/\/www.diariopopular.com.ar\/general\/la-revolucion-francesa-inspiradora-todas-las-republicas-democraticas-del-mundo-n488874\">V\u00eda<\/a><\/p>\n","protected":false},"excerpt":{"rendered":"<p>A 231 a\u00f1os de la toma de la Bastilla, los principios y valores de los revolucionarios franceses tienen una absoluta vigencia El 14 de julio de 1789, los revolucionarios franceses que se opon\u00edan al rey Luis XVI tomaron la fortaleza medieval conocida como la Bastilla, en la que solo hab\u00eda siete prisioneros, pero que era [&hellip;]<\/p>\n","protected":false},"author":1,"featured_media":7194,"comment_status":"closed","ping_status":"closed","sticky":false,"template":"","format":"standard","meta":{"footnotes":""},"categories":[14,2],"tags":[],"class_list":["post-7193","post","type-post","status-publish","format-standard","has-post-thumbnail","hentry","category-entertainment","category-portada"],"_links":{"self":[{"href":"https:\/\/ciudadliberal.cl\/index.php?rest_route=\/wp\/v2\/posts\/7193","targetHints":{"allow":["GET"]}}],"collection":[{"href":"https:\/\/ciudadliberal.cl\/index.php?rest_route=\/wp\/v2\/posts"}],"about":[{"href":"https:\/\/ciudadliberal.cl\/index.php?rest_route=\/wp\/v2\/types\/post"}],"author":[{"embeddable":true,"href":"https:\/\/ciudadliberal.cl\/index.php?rest_route=\/wp\/v2\/users\/1"}],"replies":[{"embeddable":true,"href":"https:\/\/ciudadliberal.cl\/index.php?rest_route=%2Fwp%2Fv2%2Fcomments&post=7193"}],"version-history":[{"count":1,"href":"https:\/\/ciudadliberal.cl\/index.php?rest_route=\/wp\/v2\/posts\/7193\/revisions"}],"predecessor-version":[{"id":7195,"href":"https:\/\/ciudadliberal.cl\/index.php?rest_route=\/wp\/v2\/posts\/7193\/revisions\/7195"}],"wp:featuredmedia":[{"embeddable":true,"href":"https:\/\/ciudadliberal.cl\/index.php?rest_route=\/wp\/v2\/media\/7194"}],"wp:attachment":[{"href":"https:\/\/ciudadliberal.cl\/index.php?rest_route=%2Fwp%2Fv2%2Fmedia&parent=7193"}],"wp:term":[{"taxonomy":"category","embeddable":true,"href":"https:\/\/ciudadliberal.cl\/index.php?rest_route=%2Fwp%2Fv2%2Fcategories&post=7193"},{"taxonomy":"post_tag","embeddable":true,"href":"https:\/\/ciudadliberal.cl\/index.php?rest_route=%2Fwp%2Fv2%2Ftags&post=7193"}],"curies":[{"name":"wp","href":"https:\/\/api.w.org\/{rel}","templated":true}]}}