{"id":6821,"date":"2020-03-13T19:18:57","date_gmt":"2020-03-13T23:18:57","guid":{"rendered":"https:\/\/ciudadliberal.cl\/?p=6821"},"modified":"2020-03-13T19:18:57","modified_gmt":"2020-03-13T23:18:57","slug":"renuncio-la-ministra-de-la-mujer-isabel-pla","status":"publish","type":"post","link":"https:\/\/ciudadliberal.cl\/?p=6821","title":{"rendered":"Renunci\u00f3 la ministra de la Mujer, Isabel Pl\u00e1"},"content":{"rendered":"<p>\u00abHe cumplido un ciclo\u00bb, dijo la secretaria de Estado tras presentarle su dimisi\u00f3n al Presidente Pi\u00f1era, menos de una semana despu\u00e9s del 8M.<\/p>\n<p>El Mandatario le agradeci\u00f3 \u00abmuy sinceramente el valioso y fecundo trabajo realizado\u00bb.<\/p>\n<p>Hace algunos d\u00edas hab\u00eda trascendido que se encontraba \u00abinc\u00f3moda\u00bb en el cargo.<\/p>\n<p>A dos a\u00f1os de asumir el cargo, y menos de una semana despu\u00e9s de la multitudinaria protesta del 8M, renunci\u00f3 la ministra de la Mujer y Equidad de G\u00e9nero, Isabel Pl\u00e1 (UDI).<\/p>\n<p>Durante los \u00faltimos d\u00edas hab\u00eda trascendido la \u00abincomodidad\u00bb de la secretaria de Estado, especialmente tras el estallido de la crisis de octubre, que la hizo foco de cr\u00edticas por su largo silencio frente a los hechos de violencia sexual contra manifestantes mujeres. Esto le vali\u00f3 tambi\u00e9n amenazas y funas.<\/p>\n<p>Pese a ello, a inicios de esta semana, la militante gremialista aseguraba encontrarse \u00abfirme\u00bb en el cargo.<\/p>\n<p>Isabel Pl\u00e1 lleg\u00f3 esta tarde, hacia las 17:00 horas, al Palacio de La Moneda para reunirse con Sebasti\u00e1n Pi\u00f1era y, hacia las 18:00, la Presidencia confirm\u00f3 su salida a trav\u00e9s de un comunicado.<\/p>\n<p>\u00abEl Presidente Sebasti\u00e1n Pi\u00f1era ha aceptado la renuncia de Isabel Pl\u00e1 como ministra de la Mujer y Equidad de G\u00e9nero, y ha designado como ministra subrogante a la actual subsecretaria Carolina Cuevas\u00bb, informa la nota.<\/p>\n<p>Cuevas es ingeniera comercial de la Universidad de Chile y mag\u00edster en direcci\u00f3n y desarrollo de servicios en la Universidad Adolfo Ib\u00e1\u00f1ez.<\/p>\n<p>El comunicado termina se\u00f1alando que \u00abel Presidente Pi\u00f1era agradece muy sinceramente el valioso y fecundo trabajo realizado por Isabel Pl\u00e1, impulsando en estos dos a\u00f1os la agenda mujer con iniciativas transformadoras en la promoci\u00f3n de una plena igualdad de derechos y deberes, oportunidades y dignidad entre mujeres y hombres, y una pol\u00edtica de tolerancia cero con todo tipo de violencia y abusos contra la mujer\u00bb.<\/p>\n<p>\u00abHe cumplido un ciclo\u00bb<br \/>\nA su salida de Palacio, la ministra dijo agradecer \u00abpor la confianza\u00bb de Pi\u00f1era, por invitarla a formar parte del gabinete y asumir \u00abuna causa tan justa y tan urgente como los cambios que piden las mujeres por reconocimiento pleno a su dignidad\u00bb.<\/p>\n<p>\u00abEn estos a\u00f1os avanzamos y dimos pasos sustantivos para acortar brechas. M\u00e1s temprano que tarde esos cambios, que ya est\u00e1n en marcha, incidir\u00e1n en la calidad de vida de las chilenas\u00bb, agreg\u00f3 Pl\u00e1.<\/p>\n<p>Consultada por los motivos espec\u00edficos que explican su salida, respondi\u00f3: \u00abHe cumplido un ciclo, lo conversamos con el Presidente&#8230; He cumplido un ciclo liderando estos cambios y estoy segura de que la ministra que el Presidente nombre pr\u00f3ximamente va a tener la experiencia y el compromiso para seguir adelante con la tarea que iniciamos en marzo del a\u00f1o 2018. Muchas gracias, ser\u00e1 hasta una pr\u00f3xima oportunidad\u00bb, se despidi\u00f3, sin aceptar m\u00e1s preguntas.<\/p>\n<p>Isabel Pl\u00e1 es la segunda ministra que renuncia al gabinete en las \u00faltimas semanas: se suma a la ex titular de Educaci\u00f3n Marcela Cubillos \u2013tambi\u00e9n UDI-, que dimiti\u00f3 el 28 de febrero y que, seg\u00fan se confirm\u00f3 esta semana, ser\u00e1 la nueva directora ejecutiva del centro Libertad y Desarrollo.<\/p>\n<p>&nbsp;<\/p>\n<p>Fuente: <a href=\"https:\/\/www.cooperativa.cl\/noticias\/pais\/gobierno\/gabinete\/renuncio-la-ministra-de-la-mujer-isabel-pla\/2020-03-13\/170931.html\">Cooperativa<\/a><\/p>\n","protected":false},"excerpt":{"rendered":"<p>\u00abHe cumplido un ciclo\u00bb, dijo la secretaria de Estado tras presentarle su dimisi\u00f3n al Presidente Pi\u00f1era, menos de una semana despu\u00e9s del 8M. El Mandatario le agradeci\u00f3 \u00abmuy sinceramente el valioso y fecundo trabajo realizado\u00bb. Hace algunos d\u00edas hab\u00eda trascendido que se encontraba \u00abinc\u00f3moda\u00bb en el cargo. A dos a\u00f1os de asumir el cargo, y [&hellip;]<\/p>\n","protected":false},"author":1,"featured_media":6822,"comment_status":"closed","ping_status":"closed","sticky":false,"template":"","format":"standard","meta":{"footnotes":""},"categories":[16,2],"tags":[],"class_list":["post-6821","post","type-post","status-publish","format-standard","has-post-thumbnail","hentry","category-internet","category-portada"],"_links":{"self":[{"href":"https:\/\/ciudadliberal.cl\/index.php?rest_route=\/wp\/v2\/posts\/6821","targetHints":{"allow":["GET"]}}],"collection":[{"href":"https:\/\/ciudadliberal.cl\/index.php?rest_route=\/wp\/v2\/posts"}],"about":[{"href":"https:\/\/ciudadliberal.cl\/index.php?rest_route=\/wp\/v2\/types\/post"}],"author":[{"embeddable":true,"href":"https:\/\/ciudadliberal.cl\/index.php?rest_route=\/wp\/v2\/users\/1"}],"replies":[{"embeddable":true,"href":"https:\/\/ciudadliberal.cl\/index.php?rest_route=%2Fwp%2Fv2%2Fcomments&post=6821"}],"version-history":[{"count":1,"href":"https:\/\/ciudadliberal.cl\/index.php?rest_route=\/wp\/v2\/posts\/6821\/revisions"}],"predecessor-version":[{"id":6823,"href":"https:\/\/ciudadliberal.cl\/index.php?rest_route=\/wp\/v2\/posts\/6821\/revisions\/6823"}],"wp:featuredmedia":[{"embeddable":true,"href":"https:\/\/ciudadliberal.cl\/index.php?rest_route=\/wp\/v2\/media\/6822"}],"wp:attachment":[{"href":"https:\/\/ciudadliberal.cl\/index.php?rest_route=%2Fwp%2Fv2%2Fmedia&parent=6821"}],"wp:term":[{"taxonomy":"category","embeddable":true,"href":"https:\/\/ciudadliberal.cl\/index.php?rest_route=%2Fwp%2Fv2%2Fcategories&post=6821"},{"taxonomy":"post_tag","embeddable":true,"href":"https:\/\/ciudadliberal.cl\/index.php?rest_route=%2Fwp%2Fv2%2Ftags&post=6821"}],"curies":[{"name":"wp","href":"https:\/\/api.w.org\/{rel}","templated":true}]}}