{"id":6818,"date":"2020-03-12T22:27:10","date_gmt":"2020-03-13T02:27:10","guid":{"rendered":"https:\/\/ciudadliberal.cl\/?p=6818"},"modified":"2020-03-12T22:27:10","modified_gmt":"2020-03-13T02:27:10","slug":"coronavirus-gobierno-ratifico-el-plebiscito-y-aseguro-todo-el-esfuerzo-para-su-convocatoria","status":"publish","type":"post","link":"https:\/\/ciudadliberal.cl\/?p=6818","title":{"rendered":"Coronavirus: Gobierno ratific\u00f3 el Plebiscito y asegur\u00f3 \u00abtodo el esfuerzo\u00bb para su convocatoria"},"content":{"rendered":"<p>\u00abLas garant\u00edas sanitarias est\u00e1n\u00bb y el Estado est\u00e1 haciendo \u00abtodo el esfuerzo\u00bb para que haya \u00abla mayor concurrencia posible\u00bb, asegur\u00f3 Ma\u00f1alich.<\/p>\n<p>El refer\u00e9ndum est\u00e1 convocado para el 26 de abril.<\/p>\n<p>El ministro de Salud, Jaime Ma\u00f1alich, ratific\u00f3 la realizaci\u00f3n del plebiscito convocado para el 26 de abril pese a la incertidumbre por la declaraci\u00f3n de pandemia del Coronavirus en el mundo y el aumento de casos en Chile.<\/p>\n<p>\u00abLas garant\u00edas sanitarias est\u00e1n. Nosotros estamos pidiendo al Servel permisos para montar puestos sanitarios en los lugares de votaci\u00f3n\u00bb asegur\u00f3 el titular de Salud.<\/p>\n<p>Ma\u00f1alich puntualiz\u00f3 en que las mesas de votaci\u00f3n no ser\u00e1n cambiadas, y corresponder\u00e1n a las que ya han sido asignadas por las autoridades. Por lo que se dispondr\u00e1 todos los esfuerzos desde el Gobierno para su pleno desarrollo.<\/p>\n<p>\u00abYa sabemos que la vinculaci\u00f3n entre un votante y su mesa de votaci\u00f3n no puede ser cambiada, o sea nosotros no podemos generar mesas diferentes a las asignadas por ley. Por lo tanto, lo que vamos a hacer, es poner todo el esfuerzo desde el Ministerio de Salud y todas las organizaciones del Estado para que este plebiscito se realice con la mayor concurrencia posible\u00bb, se\u00f1al\u00f3.<\/p>\n<p>&nbsp;<\/p>\n<p>Fuente: <a href=\"https:\/\/www.cooperativa.cl\/noticias\/sociedad\/salud\/gripes\/coronavirus-gobierno-ratifico-el-plebiscito-y-aseguro-todo-el\/2020-03-12\/132456.html\">Cooperativa<\/a><\/p>\n","protected":false},"excerpt":{"rendered":"<p>\u00abLas garant\u00edas sanitarias est\u00e1n\u00bb y el Estado est\u00e1 haciendo \u00abtodo el esfuerzo\u00bb para que haya \u00abla mayor concurrencia posible\u00bb, asegur\u00f3 Ma\u00f1alich. El refer\u00e9ndum est\u00e1 convocado para el 26 de abril. El ministro de Salud, Jaime Ma\u00f1alich, ratific\u00f3 la realizaci\u00f3n del plebiscito convocado para el 26 de abril pese a la incertidumbre por la declaraci\u00f3n de [&hellip;]<\/p>\n","protected":false},"author":1,"featured_media":6819,"comment_status":"closed","ping_status":"closed","sticky":false,"template":"","format":"standard","meta":{"footnotes":""},"categories":[194,16,2],"tags":[],"class_list":["post-6818","post","type-post","status-publish","format-standard","has-post-thumbnail","hentry","category-estallido-social-chile","category-internet","category-portada"],"_links":{"self":[{"href":"https:\/\/ciudadliberal.cl\/index.php?rest_route=\/wp\/v2\/posts\/6818","targetHints":{"allow":["GET"]}}],"collection":[{"href":"https:\/\/ciudadliberal.cl\/index.php?rest_route=\/wp\/v2\/posts"}],"about":[{"href":"https:\/\/ciudadliberal.cl\/index.php?rest_route=\/wp\/v2\/types\/post"}],"author":[{"embeddable":true,"href":"https:\/\/ciudadliberal.cl\/index.php?rest_route=\/wp\/v2\/users\/1"}],"replies":[{"embeddable":true,"href":"https:\/\/ciudadliberal.cl\/index.php?rest_route=%2Fwp%2Fv2%2Fcomments&post=6818"}],"version-history":[{"count":1,"href":"https:\/\/ciudadliberal.cl\/index.php?rest_route=\/wp\/v2\/posts\/6818\/revisions"}],"predecessor-version":[{"id":6820,"href":"https:\/\/ciudadliberal.cl\/index.php?rest_route=\/wp\/v2\/posts\/6818\/revisions\/6820"}],"wp:featuredmedia":[{"embeddable":true,"href":"https:\/\/ciudadliberal.cl\/index.php?rest_route=\/wp\/v2\/media\/6819"}],"wp:attachment":[{"href":"https:\/\/ciudadliberal.cl\/index.php?rest_route=%2Fwp%2Fv2%2Fmedia&parent=6818"}],"wp:term":[{"taxonomy":"category","embeddable":true,"href":"https:\/\/ciudadliberal.cl\/index.php?rest_route=%2Fwp%2Fv2%2Fcategories&post=6818"},{"taxonomy":"post_tag","embeddable":true,"href":"https:\/\/ciudadliberal.cl\/index.php?rest_route=%2Fwp%2Fv2%2Ftags&post=6818"}],"curies":[{"name":"wp","href":"https:\/\/api.w.org\/{rel}","templated":true}]}}