{"id":6815,"date":"2020-03-11T20:28:46","date_gmt":"2020-03-12T00:28:46","guid":{"rendered":"https:\/\/ciudadliberal.cl\/?p=6815"},"modified":"2020-03-11T20:28:46","modified_gmt":"2020-03-12T00:28:46","slug":"macron-critica-a-eslovenia-y-austria-por-cerrar-su-frontera-con-italia","status":"publish","type":"post","link":"https:\/\/ciudadliberal.cl\/?p=6815","title":{"rendered":"Macron critica a Eslovenia y Austria por cerrar su frontera con Italia"},"content":{"rendered":"<p>El presidente franc\u00e9s, Emmanuel Macron, critic\u00f3 este martes la decisi\u00f3n de Eslovenia de cerrar su frontera terrestre con Italia por la crisis del coronavirus y las restricciones impuestas por Austria.<\/p>\n<p>\u00abSinceramente, creo que son malas decisiones\u00bb, indic\u00f3 Macron ante la prensa tras la teleconferencia que mantuvo con el resto de los l\u00edderes de la Uni\u00f3n Europea para coordinar las medidas contra el coronavirus.<\/p>\n<p>El presidente se refiri\u00f3 as\u00ed al anuncio de Eslovenia de que cerrar\u00e1 su frontera terrestre con Italia, mientras que Austria anunci\u00f3 una limitaci\u00f3n dr\u00e1stica de la entrada en su territorio de los viajeros que procedan de Italia.<\/p>\n<p>Macron asegur\u00f3 que hay que seguir tomando medidas para frenar la difusi\u00f3n del virus, pero indic\u00f3 que \u00abtoda iniciativa no cooperativa en el seno de la UE es contraproductiva\u00bb.<\/p>\n<p>\u00abTodos los pa\u00edses est\u00e1n afectados. Cerrar las fronteras no es una respuesta eficaz\u00bb, se\u00f1al\u00f3.<\/p>\n<p>El presidente franc\u00e9s defendi\u00f3 la actuaci\u00f3n de su Gobierno, la consider\u00f3 \u00abproporcional\u00bb y se\u00f1al\u00f3 que \u00abs\u00f3lo estamos en el inicio de la epidemia\u00bb lo que justifica que todav\u00eda no se tomen medidas m\u00e1s dr\u00e1sticas.<\/p>\n<p>\u00abSi tom\u00e1ramos medidas desproporcionadas, no podr\u00edamos mantenerlas durante mucho tiempo, ser\u00eda contraproducente\u00bb, asegur\u00f3 Macron, que se\u00f1al\u00f3 que \u00abactualmente en Francia no se necesita ir m\u00e1s lejos de lo que se ha decidido\u00bb.<\/p>\n<p>El presidente defendi\u00f3 la coordinaci\u00f3n europea acordada con el resto de los l\u00edderes, que pasa por una ayuda a la investigaci\u00f3n y por flexibilizar el Pacto de Estabilidad para que cada Estado pueda ayudar a los sectores m\u00e1s afectados por la crisis del COVID-19.<\/p>\n<p>Para que cada pa\u00eds pueda tomar las medidas internas que considere necesarias se permitir\u00e1 una mayor flexibilidad en cuanto al cumplimiento de las reglas comunitarias de deuda y de d\u00e9ficit presupuestario, se\u00f1al\u00f3 Macron en una intervenci\u00f3n ante la prensa tras mantener una videoconferencia con sus socios.<\/p>\n<p>Adem\u00e1s, se destinar\u00e1n fondos precisos a la investigaci\u00f3n para avanzar tanto en el diagn\u00f3stico como en la b\u00fasqueda de un remedio y de una vacuna contra el COVID-19, agreg\u00f3.<\/p>\n<p>Fuente: <a href=\"https:\/\/www.eldiario.es\/sociedad\/Macron-Eslovenia-Austria-frontera-Italia_0_1004400610.html\">El Diario<\/a><\/p>\n","protected":false},"excerpt":{"rendered":"<p>El presidente franc\u00e9s, Emmanuel Macron, critic\u00f3 este martes la decisi\u00f3n de Eslovenia de cerrar su frontera terrestre con Italia por la crisis del coronavirus y las restricciones impuestas por Austria. \u00abSinceramente, creo que son malas decisiones\u00bb, indic\u00f3 Macron ante la prensa tras la teleconferencia que mantuvo con el resto de los l\u00edderes de la Uni\u00f3n [&hellip;]<\/p>\n","protected":false},"author":1,"featured_media":6816,"comment_status":"closed","ping_status":"closed","sticky":false,"template":"","format":"standard","meta":{"footnotes":""},"categories":[23,14,2],"tags":[],"class_list":["post-6815","post","type-post","status-publish","format-standard","has-post-thumbnail","hentry","category-macron","category-entertainment","category-portada"],"_links":{"self":[{"href":"https:\/\/ciudadliberal.cl\/index.php?rest_route=\/wp\/v2\/posts\/6815","targetHints":{"allow":["GET"]}}],"collection":[{"href":"https:\/\/ciudadliberal.cl\/index.php?rest_route=\/wp\/v2\/posts"}],"about":[{"href":"https:\/\/ciudadliberal.cl\/index.php?rest_route=\/wp\/v2\/types\/post"}],"author":[{"embeddable":true,"href":"https:\/\/ciudadliberal.cl\/index.php?rest_route=\/wp\/v2\/users\/1"}],"replies":[{"embeddable":true,"href":"https:\/\/ciudadliberal.cl\/index.php?rest_route=%2Fwp%2Fv2%2Fcomments&post=6815"}],"version-history":[{"count":1,"href":"https:\/\/ciudadliberal.cl\/index.php?rest_route=\/wp\/v2\/posts\/6815\/revisions"}],"predecessor-version":[{"id":6817,"href":"https:\/\/ciudadliberal.cl\/index.php?rest_route=\/wp\/v2\/posts\/6815\/revisions\/6817"}],"wp:featuredmedia":[{"embeddable":true,"href":"https:\/\/ciudadliberal.cl\/index.php?rest_route=\/wp\/v2\/media\/6816"}],"wp:attachment":[{"href":"https:\/\/ciudadliberal.cl\/index.php?rest_route=%2Fwp%2Fv2%2Fmedia&parent=6815"}],"wp:term":[{"taxonomy":"category","embeddable":true,"href":"https:\/\/ciudadliberal.cl\/index.php?rest_route=%2Fwp%2Fv2%2Fcategories&post=6815"},{"taxonomy":"post_tag","embeddable":true,"href":"https:\/\/ciudadliberal.cl\/index.php?rest_route=%2Fwp%2Fv2%2Ftags&post=6815"}],"curies":[{"name":"wp","href":"https:\/\/api.w.org\/{rel}","templated":true}]}}