{"id":6809,"date":"2020-03-09T06:13:39","date_gmt":"2020-03-09T10:13:39","guid":{"rendered":"https:\/\/ciudadliberal.cl\/?p=6809"},"modified":"2020-03-09T06:13:39","modified_gmt":"2020-03-09T10:13:39","slug":"multitudinaria-asistencia-marco-el-desarrollo-de-la-marcha-por-el-8m-en-santiago","status":"publish","type":"post","link":"https:\/\/ciudadliberal.cl\/?p=6809","title":{"rendered":"Multitudinaria asistencia marc\u00f3 el desarrollo de la marcha por el 8M en Santiago"},"content":{"rendered":"<p>Desde la Coordinadora Feminista cifraron en dos millones de personas la asistencia a la jornada de movilizaci\u00f3n.<\/p>\n<p>Carabineros, en tanto, calcul\u00f3 que fueron 135 mil las asistentes a la jornada de protesta.<\/p>\n<p>Una multitudinaria marcha por el D\u00eda Internacional de la Mujer se llev\u00f3 a cabo en Santiago.<\/p>\n<p>Durante horas de la ma\u00f1ana, fueron miles las mujeres que se movilizaron desde diferentes puntos de Santiago, para finalmente congregarse en Plaza Baquedano, que se ve\u00eda desbordada de gente.<\/p>\n<p>La marcha comenz\u00f3 pasadas las 12:00 del d\u00eda y, con consignas \u00abcontra la violencia patriarcal\u00bb y contra el Gobierno, miles de mujeres avanzaron en direcci\u00f3n a La Moneda.<\/p>\n<p>Alondra Carrillo, vocera de la Coordinadora Feminista 8M, calific\u00f3 la marcha como \u00abuna movilizaci\u00f3n masiva. Le decimos al Presidente Pi\u00f1era y a la ministra (de la Mujer) Pl\u00e1: no le tenemos miedo, nosotras nos protegemos entre nosotras. Que se vaya el Gobierno de Sebasti\u00e1n Pi\u00f1era (&#8230;) Eso es parte del contenido de esta movilizaci\u00f3n\u00bb.<\/p>\n<p>Desde la Coordinadora Feminista cifraron en dos millones de personas la asistencia a la jornada de movilizaci\u00f3n, mientras que Carabineros, con una proyecci\u00f3n preliminar, se\u00f1al\u00f3 que la asistencia fue de 135 mil personas en Santiago y 35 mil en regiones.<\/p>\n<p>Fuente: <a href=\"https:\/\/www.cooperativa.cl\/noticias\/pais\/mujer\/multitudinaria-asistencia-marco-el-desarrollo-de-la-marcha-por-el-8m-en\/2020-03-08\/162639.html\">Cooperativa<\/a><\/p>\n","protected":false},"excerpt":{"rendered":"<p>Desde la Coordinadora Feminista cifraron en dos millones de personas la asistencia a la jornada de movilizaci\u00f3n. Carabineros, en tanto, calcul\u00f3 que fueron 135 mil las asistentes a la jornada de protesta. Una multitudinaria marcha por el D\u00eda Internacional de la Mujer se llev\u00f3 a cabo en Santiago. Durante horas de la ma\u00f1ana, fueron miles [&hellip;]<\/p>\n","protected":false},"author":1,"featured_media":6810,"comment_status":"closed","ping_status":"closed","sticky":false,"template":"","format":"standard","meta":{"footnotes":""},"categories":[16,2],"tags":[],"class_list":["post-6809","post","type-post","status-publish","format-standard","has-post-thumbnail","hentry","category-internet","category-portada"],"_links":{"self":[{"href":"https:\/\/ciudadliberal.cl\/index.php?rest_route=\/wp\/v2\/posts\/6809","targetHints":{"allow":["GET"]}}],"collection":[{"href":"https:\/\/ciudadliberal.cl\/index.php?rest_route=\/wp\/v2\/posts"}],"about":[{"href":"https:\/\/ciudadliberal.cl\/index.php?rest_route=\/wp\/v2\/types\/post"}],"author":[{"embeddable":true,"href":"https:\/\/ciudadliberal.cl\/index.php?rest_route=\/wp\/v2\/users\/1"}],"replies":[{"embeddable":true,"href":"https:\/\/ciudadliberal.cl\/index.php?rest_route=%2Fwp%2Fv2%2Fcomments&post=6809"}],"version-history":[{"count":1,"href":"https:\/\/ciudadliberal.cl\/index.php?rest_route=\/wp\/v2\/posts\/6809\/revisions"}],"predecessor-version":[{"id":6811,"href":"https:\/\/ciudadliberal.cl\/index.php?rest_route=\/wp\/v2\/posts\/6809\/revisions\/6811"}],"wp:featuredmedia":[{"embeddable":true,"href":"https:\/\/ciudadliberal.cl\/index.php?rest_route=\/wp\/v2\/media\/6810"}],"wp:attachment":[{"href":"https:\/\/ciudadliberal.cl\/index.php?rest_route=%2Fwp%2Fv2%2Fmedia&parent=6809"}],"wp:term":[{"taxonomy":"category","embeddable":true,"href":"https:\/\/ciudadliberal.cl\/index.php?rest_route=%2Fwp%2Fv2%2Fcategories&post=6809"},{"taxonomy":"post_tag","embeddable":true,"href":"https:\/\/ciudadliberal.cl\/index.php?rest_route=%2Fwp%2Fv2%2Ftags&post=6809"}],"curies":[{"name":"wp","href":"https:\/\/api.w.org\/{rel}","templated":true}]}}