{"id":6771,"date":"2020-02-25T16:37:14","date_gmt":"2020-02-25T20:37:14","guid":{"rendered":"https:\/\/ciudadliberal.cl\/?p=6771"},"modified":"2020-02-25T16:37:14","modified_gmt":"2020-02-25T20:37:14","slug":"banco-mundial-advierte-que-el-coronavirus-afectara-el-crecimiento-global","status":"publish","type":"post","link":"https:\/\/ciudadliberal.cl\/?p=6771","title":{"rendered":"Banco Mundial advierte que el coronavirus afectar\u00e1 el crecimiento global"},"content":{"rendered":"<p>El coronavirus es el tema n\u00famero uno en el banco, dijo el presidente de la entidad David Malpass.<\/p>\n<p>El presidente del Banco Mundial, David Malpass, dijo que el crecimiento econ\u00f3mico global en el primer semestre de 2020 probablemente no alcanzar\u00e1 el ritmo del 2,5% que el prestamista pronostic\u00f3 para todo el a\u00f1o.<\/p>\n<p>\u00abLa buena noticia es que fue ligeramente superior a la tasa de crecimiento en 2019, pero la mala noticia es que, por un lado, el primer semestre probablemente sea m\u00e1s lento debido al coronavirus\u00bb, dijo Malpass este martes en una reuni\u00f3n de economistas en Washington.<\/p>\n<p>\u00abPero, adem\u00e1s, incluso con un crecimiento real del 2,5% para el mundo, esto simplemente no es suficiente crecimiento para levantar efectivamente a los pa\u00edses en desarrollo\u00bb, a\u00f1adi\u00f3.<\/p>\n<p>El coronavirus es el tema n\u00famero uno en el banco, dijo Malpass en la conferencia de la Asociaci\u00f3n Nacional para la Econom\u00eda Empresarial en Washington.<\/p>\n<p>\u00abEstamos buscando formas de responder o poner a disposici\u00f3n recursos para los pa\u00edses en desarrollo\u00bb, dijo. \u00abTambi\u00e9n estamos coordinando muy de cerca con la OMS, la Organizaci\u00f3n Mundial de la Salud, que est\u00e1 en la primera l\u00ednea del virus, y tenemos una gama de herramientas que el banco puede usar a medida que se propaga la pandemia\u00bb, a\u00f1adi\u00f3.<\/p>\n<p>Malpass tambi\u00e9n destac\u00f3 el crecimiento europeo como notable por su debilidad, al se\u00f1alar que la lentitud es de particular preocupaci\u00f3n para \u00c1frica debido a que su capacidad de crecimiento est\u00e1 estrechamente asociada con el ritmo de expansi\u00f3n de Europa. Tambi\u00e9n dijo que la pol\u00edtica del Banco Central Europeo no funciona porque distorsiona los mercados y subsidia las partes menos productivas de la econom\u00eda.<\/p>\n<p>Pol\u00edtica del BCE<br \/>\nMalpass dijo que si bien el lento crecimiento podr\u00eda interpretarse como evidencia de que el est\u00edmulo no ha sido suficiente, prefiere interpretar que el resultado muestra que la pol\u00edtica en realidad no ha sido estimulante.<\/p>\n<p>\u00abEl balance del BCE se ha expandido muchas veces en estos \u00faltimos a\u00f1os, pero ya no hay una conexi\u00f3n directa con el crecimiento del cr\u00e9dito bancario del sector privado\u00bb, dijo. \u00abGran parte de la oferta de capital a corto plazo en Europa es absorbida por el banco central para comprar y mantener bonos del gobierno a largo plazo. El resultado es una pol\u00edtica del banco central que no proporciona un est\u00edmulo monetario, indic\u00f3\u00bb.<\/p>\n<p>En las proyecciones publicadas a principios del mes pasado antes de que el coronavirus comenzara a extenderse ampliamente, el Banco Mundial dijo que es probable que el crecimiento econ\u00f3mico mundial repunte lentamente este a\u00f1o y el pr\u00f3ximo. La expansi\u00f3n se acelerar\u00e1 marginalmente a 2,5% este a\u00f1o desde 2,4% en 2019, dijo el prestamista en su \u00faltimo informe de Perspectivas de la Econom\u00eda Mundial.<\/p>\n<p>La directora gerente del Fondo Monetario Internacional, Kristalina Georgieva, dijo a funcionarios del Grupo de los 20 reunidos en Arabia Saudita el fin de semana pasado que el brote hab\u00eda llevado al fondo a recortar 0,1 punto porcentual de su pron\u00f3stico de crecimiento global, pero que tambi\u00e9n observa escenarios m\u00e1s \u00abcalamitosos\u00bb.<\/p>\n<p>&nbsp;<\/p>\n<p>Fuente: <a href=\"https:\/\/www.latercera.com\/pulso\/noticia\/banco-mundial-advierte-coronavirus-afectara-crecimiento-global\/1020878\/\">La Tercera<\/a><\/p>\n","protected":false},"excerpt":{"rendered":"<p>El coronavirus es el tema n\u00famero uno en el banco, dijo el presidente de la entidad David Malpass. El presidente del Banco Mundial, David Malpass, dijo que el crecimiento econ\u00f3mico global en el primer semestre de 2020 probablemente no alcanzar\u00e1 el ritmo del 2,5% que el prestamista pronostic\u00f3 para todo el a\u00f1o. \u00abLa buena noticia [&hellip;]<\/p>\n","protected":false},"author":1,"featured_media":6772,"comment_status":"closed","ping_status":"closed","sticky":false,"template":"","format":"standard","meta":{"footnotes":""},"categories":[14,2],"tags":[],"class_list":["post-6771","post","type-post","status-publish","format-standard","has-post-thumbnail","hentry","category-entertainment","category-portada"],"_links":{"self":[{"href":"https:\/\/ciudadliberal.cl\/index.php?rest_route=\/wp\/v2\/posts\/6771","targetHints":{"allow":["GET"]}}],"collection":[{"href":"https:\/\/ciudadliberal.cl\/index.php?rest_route=\/wp\/v2\/posts"}],"about":[{"href":"https:\/\/ciudadliberal.cl\/index.php?rest_route=\/wp\/v2\/types\/post"}],"author":[{"embeddable":true,"href":"https:\/\/ciudadliberal.cl\/index.php?rest_route=\/wp\/v2\/users\/1"}],"replies":[{"embeddable":true,"href":"https:\/\/ciudadliberal.cl\/index.php?rest_route=%2Fwp%2Fv2%2Fcomments&post=6771"}],"version-history":[{"count":1,"href":"https:\/\/ciudadliberal.cl\/index.php?rest_route=\/wp\/v2\/posts\/6771\/revisions"}],"predecessor-version":[{"id":6773,"href":"https:\/\/ciudadliberal.cl\/index.php?rest_route=\/wp\/v2\/posts\/6771\/revisions\/6773"}],"wp:featuredmedia":[{"embeddable":true,"href":"https:\/\/ciudadliberal.cl\/index.php?rest_route=\/wp\/v2\/media\/6772"}],"wp:attachment":[{"href":"https:\/\/ciudadliberal.cl\/index.php?rest_route=%2Fwp%2Fv2%2Fmedia&parent=6771"}],"wp:term":[{"taxonomy":"category","embeddable":true,"href":"https:\/\/ciudadliberal.cl\/index.php?rest_route=%2Fwp%2Fv2%2Fcategories&post=6771"},{"taxonomy":"post_tag","embeddable":true,"href":"https:\/\/ciudadliberal.cl\/index.php?rest_route=%2Fwp%2Fv2%2Ftags&post=6771"}],"curies":[{"name":"wp","href":"https:\/\/api.w.org\/{rel}","templated":true}]}}