{"id":6768,"date":"2020-02-24T09:06:47","date_gmt":"2020-02-24T13:06:47","guid":{"rendered":"https:\/\/ciudadliberal.cl\/?p=6768"},"modified":"2020-02-24T09:06:47","modified_gmt":"2020-02-24T13:06:47","slug":"bajar-la-dieta-parlamentaria-sin-afectar-a-los-funcionarios-publicos-una-dificultad-a-resolver","status":"publish","type":"post","link":"https:\/\/ciudadliberal.cl\/?p=6768","title":{"rendered":"Bajar la dieta parlamentaria sin afectar a los funcionarios p\u00fablicos: una dificultad a resolver"},"content":{"rendered":"<p>\u00abComo son la cabeza de la escala administrativa, (una menor remuneraci\u00f3n) afecta de paso a los dem\u00e1s sueldos de la escala\u00bb, explica el diputado RN Diego Schalper.<\/p>\n<p>\u00abHay que afectar a toda la repartici\u00f3n\u00bb, opina su correligionario Jorge Rathgeb.<\/p>\n<p>\u00abSer\u00eda incongruente\u00bb, retruca el senador Felipe Harboe (PPD).<\/p>\n<p>La reforma constitucional para rebajar los sueldos de los parlamentarios y las altas autoridades del Estado, aprobada por la C\u00e1mara de Diputados el pasado 27 de noviembre, sigue con problemas debido a que se busca una f\u00f3rmula para que no afecte a los dem\u00e1s empleados p\u00fablicos.<\/p>\n<p>Este proyecto contempla una reducci\u00f3n de un 50 por ciento de la remuneraci\u00f3n hasta que un organismo distinto al Congreso, como el Banco Central, lo fije.<\/p>\n<p>En la Comisi\u00f3n de Constituci\u00f3n y Justicia del Senado trabajan desde el 3 de diciembre en la soluci\u00f3n para que esta reducci\u00f3n no afecte a los trabajadores p\u00fablicos.<\/p>\n<p>El senador Felipe Harboe (PPD), presidente de la instancia, se\u00f1al\u00f3 que \u00abser\u00eda incongruente\u00bb que la rebaja de la dieta parlamentario afecte a los funcionarios p\u00fablicos.<\/p>\n<p>\u00abEsta reforma podr\u00eda afectar a cerca de 100 mil funcionarios p\u00fablicos. Lo que nosotros queremos es rebajarnos las dietas los senadores, ministros, diputados, subsecretarios, los m\u00e1s altos sueldos (&#8230;) Pero que no afecte a los trabajadores del sector p\u00fablico, (porque) ser\u00eda incongruente\u00bb, dijo Harboe.<\/p>\n<p>El diputado Jorge Alessandri (UDI) indic\u00f3 que \u00abno tiene nada de malo que un ministro gane menos que una persona en su Ministerio que ha hecho carrera, que lleva 35 a\u00f1os ah\u00ed. No me complica eso y si hay que cambiar una ley para que eso sea posible, cambiemos la ley, porque es distinto ser de confianza del Presidente que haber hecho carrera 30 a\u00f1os para llegar a un Ministerio\u00bb.<\/p>\n<p>\u00abLos que le responden al Presidente o al electorado, bajarse el sueldo me parece lo correcto\u00bb, insisti\u00f3.<\/p>\n<p>\u00abNo se midieron las consecuencias\u00bb<br \/>\nDesde el oficialismo, el diputado RN Diego Schalper se\u00f1al\u00f3 que, al haber legislado r\u00e1pido, \u00abno se midieron las consecuencias\u00bb de la rebaja de sueldo de las autoridades.<\/p>\n<p>\u00abCuando las cosas se hacen mal, evidentemente uno se olvida de las consecuencias. Entonces, una de las consecuencias que tendr\u00eda el esquema actual es que, efectivamente, afectar\u00eda el sueldo de otras autoridades p\u00fablicas, y como son la cabeza de la escala administrativa, de paso afecta los dem\u00e1s sueldos de la escala\u00bb, se\u00f1al\u00f3 el diputado.<\/p>\n<p>Schalper advirti\u00f3 que \u00abesto hay que hacerlo bien, midiendo las consecuencias y no realizando las cosas apurados\u00bb.<\/p>\n<p>Su correligionario, el diputado RN Jorge Rathgeb, cree que se deber\u00edan disminuir todas las remuneraciones en las reparticiones p\u00fablicas donde se bajar\u00e1 el sueldo de sus autoridades.<\/p>\n<p>\u00abHay que afectar a toda la repartici\u00f3n. De otra manera no podr\u00edamos entender que los que tienen mayores responsabilidades queden con una remuneraci\u00f3n inferior o la misma de quienes tienen menos responsabilidades y toman decisi\u00f3n menos importantes. Hay que hacer una reforma, tenemos que escuchar a la gente en la calle\u00bb, dijo Rathgeb.<\/p>\n<p>Mat\u00edas Walker (DC) indic\u00f3 que \u00abeso lo va a determinar una comisi\u00f3n externa. Nosotros lo que estamos proponiendo es que una comisi\u00f3n externa haga borr\u00f3n y cuenta nueva y que en forma objetiva establezca par\u00e1metros para las remuneraciones de los altos cargos del Estado\u00bb.<\/p>\n<p>\u00abEllos fijar\u00e1n una escala, ellos fijar\u00e1n criterios, ellos determinar\u00e1n por ejemplo si la asignaci\u00f3n profesional en el caso del Parlamento y otros cargos del Estado tiene que tener una asignaci\u00f3n especial o no\u00bb, sostuvo.<\/p>\n<p>Se espera que este proyecto de ley se termine de tramitar en la Comisi\u00f3n de Constituci\u00f3n del Senado a fines de marzo.<\/p>\n<p>Fuente: <a href=\"https:\/\/www.cooperativa.cl\/noticias\/pais\/politica\/agenda-legislativa\/bajar-la-dieta-parlamentaria-sin-afectar-a-los-funcionarios-publicos\/2020-02-23\/143228.html\">Cooperativa<\/a><\/p>\n","protected":false},"excerpt":{"rendered":"<p>\u00abComo son la cabeza de la escala administrativa, (una menor remuneraci\u00f3n) afecta de paso a los dem\u00e1s sueldos de la escala\u00bb, explica el diputado RN Diego Schalper. \u00abHay que afectar a toda la repartici\u00f3n\u00bb, opina su correligionario Jorge Rathgeb. \u00abSer\u00eda incongruente\u00bb, retruca el senador Felipe Harboe (PPD). La reforma constitucional para rebajar los sueldos de [&hellip;]<\/p>\n","protected":false},"author":1,"featured_media":6769,"comment_status":"closed","ping_status":"closed","sticky":false,"template":"","format":"standard","meta":{"footnotes":""},"categories":[16,2],"tags":[],"class_list":["post-6768","post","type-post","status-publish","format-standard","has-post-thumbnail","hentry","category-internet","category-portada"],"_links":{"self":[{"href":"https:\/\/ciudadliberal.cl\/index.php?rest_route=\/wp\/v2\/posts\/6768","targetHints":{"allow":["GET"]}}],"collection":[{"href":"https:\/\/ciudadliberal.cl\/index.php?rest_route=\/wp\/v2\/posts"}],"about":[{"href":"https:\/\/ciudadliberal.cl\/index.php?rest_route=\/wp\/v2\/types\/post"}],"author":[{"embeddable":true,"href":"https:\/\/ciudadliberal.cl\/index.php?rest_route=\/wp\/v2\/users\/1"}],"replies":[{"embeddable":true,"href":"https:\/\/ciudadliberal.cl\/index.php?rest_route=%2Fwp%2Fv2%2Fcomments&post=6768"}],"version-history":[{"count":1,"href":"https:\/\/ciudadliberal.cl\/index.php?rest_route=\/wp\/v2\/posts\/6768\/revisions"}],"predecessor-version":[{"id":6770,"href":"https:\/\/ciudadliberal.cl\/index.php?rest_route=\/wp\/v2\/posts\/6768\/revisions\/6770"}],"wp:featuredmedia":[{"embeddable":true,"href":"https:\/\/ciudadliberal.cl\/index.php?rest_route=\/wp\/v2\/media\/6769"}],"wp:attachment":[{"href":"https:\/\/ciudadliberal.cl\/index.php?rest_route=%2Fwp%2Fv2%2Fmedia&parent=6768"}],"wp:term":[{"taxonomy":"category","embeddable":true,"href":"https:\/\/ciudadliberal.cl\/index.php?rest_route=%2Fwp%2Fv2%2Fcategories&post=6768"},{"taxonomy":"post_tag","embeddable":true,"href":"https:\/\/ciudadliberal.cl\/index.php?rest_route=%2Fwp%2Fv2%2Ftags&post=6768"}],"curies":[{"name":"wp","href":"https:\/\/api.w.org\/{rel}","templated":true}]}}