{"id":6765,"date":"2020-02-22T15:08:13","date_gmt":"2020-02-22T19:08:13","guid":{"rendered":"https:\/\/ciudadliberal.cl\/?p=6765"},"modified":"2020-02-22T15:08:13","modified_gmt":"2020-02-22T19:08:13","slug":"tricel-rechazo-peticion-de-bianchi-y-guillier-para-aumentar-su-medio-segundo-en-la-franja","status":"publish","type":"post","link":"https:\/\/ciudadliberal.cl\/?p=6765","title":{"rendered":"Tricel rechaz\u00f3 petici\u00f3n de Bianchi y Guillier para aumentar su medio segundo en la franja"},"content":{"rendered":"<p>Los senadores independientes mantendr\u00e1n un tiempo televisivo irrisorio para dar a conocer su postura frente al plebiscito constitucional.<\/p>\n<p>Se acogi\u00f3, en tanto, dar m\u00e1s plazo a las organizaciones para definir su participaci\u00f3n en los espacios de los partidos pol\u00edticos.<\/p>\n<p>Asimismo, el Tribunal Calificador de Elecciones fall\u00f3 a favor de que puedan ser integradas agrupaciones sociales m\u00e1s all\u00e1 de las contempladas en la ley.<\/p>\n<p>El Tribunal Calificador de Elecciones (Tricel) rechaz\u00f3 el recurso presentado por los senadores independientes Alejandro Guillier y Carlos Bianchi para extender su tiempo en la franja televisiva de cara al plebiscito de abril.<\/p>\n<p>Guillier y Bianchi (adem\u00e1s de Karim Bianchi) integraron el comando \u00abSomos Chile\u00bb, al cual se les dispuso 0,5 segundos para realizar su campa\u00f1a por la opci\u00f3n Apruebo en la franja, que se emitir\u00e1 diariamente entre el 27 de marzo y 23 de abril.<\/p>\n<p>Fallo a favor de organizaciones de la sociedad civil<br \/>\nOtra de las decisiones tomadas durante esta jornada, ante presentaciones de partidos como la DC y el PPD, fueron la modificaci\u00f3n del plazo para que los independientes informen su participaci\u00f3n en la franja junto a los partidos, que ahora vencer\u00e1 el 6 de marzo; y el fallo a favor de que se puedan integrar organizaciones de la sociedad civil m\u00e1s all\u00e1 de las se\u00f1aladas en la Ley 20.500, la cual margina a gremios, sindicatos y personas naturales -como acad\u00e9micos y escritores-.<\/p>\n<p>El presidente del PPD, Heraldo Mu\u00f1oz, se manifest\u00f3 \u00abmuy complacido por el triunfo del PPD en su impugnaci\u00f3n en su impugnaci\u00f3n ante el Tricel por la decisiones del CNTV, de modo que es un gran triunfo para los independientes y organizaciones de la sociedad civil para que tengan voz y presencia en la franja\u00bb.<\/p>\n<p>El abogado de la DC, Sebasti\u00e1n Llant\u00e9n, coment\u00f3 que \u00abel fallo del Tribunal Calificador de Elecciones acogi\u00f3 las solicitudes hechas por el Partido Dem\u00f3crata Cristiano, en orden a incluir organizaciones que no est\u00e1n en el registro de la Ley 20.500 y adem\u00e1s en orden a ampliar el plazo para la inscripci\u00f3n de estas organizaciones ante el Consejo Nacional de Televisi\u00f3n\u00bb.<\/p>\n<p>\u00abCon esto, se ha cumplido nuestro objetivo de ampliar la participaci\u00f3n en la franja electoral, para que esta tenga un verdadero car\u00e1cter democr\u00e1tico y participativo, y nos da un tiempo m\u00e1s razonable para poder tener este di\u00e1logo con las organizaciones de la sociedad civil, incluirlas y poder entre todos respaldar la opci\u00f3n Apruebo y la convenci\u00f3n constitucional\u00bb, recalc\u00f3.<\/p>\n<p>En los alegatos de hoy participaron representantes de la Mesa T\u00e9cnica de la Sociedad Civil. La abogada Camila Musante sostuvo, antes de conocer el fallo, que \u00abestamos contra el tiempo, por eso creemos que el Tricel debe declarar admisible nuestra reclamaci\u00f3n, porque, si no, nos deja de manos atadas\u00bb.<\/p>\n<p>\u00abLa oportunidad procesal para reclamar es \u00e9sta, o quedamos fuera de la franja completamente todas las organizaciones que no est\u00e9n dentro del marco legal de la Ley 20.500\u00bb, dijo entonces, respecto a la reclamaci\u00f3n que finalmente fue acogida por el Tricel.<\/p>\n<p>Al mismo tiempo, el presidente de la Fundaci\u00f3n Participa, Daniel Ib\u00e1\u00f1ez, dec\u00eda espoerar que \u00abluego del s\u00f3lido alegato de nuestro equipo jur\u00eddico, el Tribunal restablezca el derecho y entregue a las organizaciones de la sociedad civil la oportunidad de participar de manera aut\u00f3noma, igualitaria\u00bb.<\/p>\n<p>Fuente: <a href=\"https:\/\/www.cooperativa.cl\/noticias\/pais\/politica\/constitucion\/tricel-rechazo-peticion-de-bianchi-y-guillier-para-aumentar-su-medio\/2020-02-21\/204943.html\">Cooperativa<\/a><\/p>\n","protected":false},"excerpt":{"rendered":"<p>Los senadores independientes mantendr\u00e1n un tiempo televisivo irrisorio para dar a conocer su postura frente al plebiscito constitucional. Se acogi\u00f3, en tanto, dar m\u00e1s plazo a las organizaciones para definir su participaci\u00f3n en los espacios de los partidos pol\u00edticos. Asimismo, el Tribunal Calificador de Elecciones fall\u00f3 a favor de que puedan ser integradas agrupaciones sociales [&hellip;]<\/p>\n","protected":false},"author":1,"featured_media":6766,"comment_status":"closed","ping_status":"closed","sticky":false,"template":"","format":"standard","meta":{"footnotes":""},"categories":[16,2],"tags":[],"class_list":["post-6765","post","type-post","status-publish","format-standard","has-post-thumbnail","hentry","category-internet","category-portada"],"_links":{"self":[{"href":"https:\/\/ciudadliberal.cl\/index.php?rest_route=\/wp\/v2\/posts\/6765","targetHints":{"allow":["GET"]}}],"collection":[{"href":"https:\/\/ciudadliberal.cl\/index.php?rest_route=\/wp\/v2\/posts"}],"about":[{"href":"https:\/\/ciudadliberal.cl\/index.php?rest_route=\/wp\/v2\/types\/post"}],"author":[{"embeddable":true,"href":"https:\/\/ciudadliberal.cl\/index.php?rest_route=\/wp\/v2\/users\/1"}],"replies":[{"embeddable":true,"href":"https:\/\/ciudadliberal.cl\/index.php?rest_route=%2Fwp%2Fv2%2Fcomments&post=6765"}],"version-history":[{"count":1,"href":"https:\/\/ciudadliberal.cl\/index.php?rest_route=\/wp\/v2\/posts\/6765\/revisions"}],"predecessor-version":[{"id":6767,"href":"https:\/\/ciudadliberal.cl\/index.php?rest_route=\/wp\/v2\/posts\/6765\/revisions\/6767"}],"wp:featuredmedia":[{"embeddable":true,"href":"https:\/\/ciudadliberal.cl\/index.php?rest_route=\/wp\/v2\/media\/6766"}],"wp:attachment":[{"href":"https:\/\/ciudadliberal.cl\/index.php?rest_route=%2Fwp%2Fv2%2Fmedia&parent=6765"}],"wp:term":[{"taxonomy":"category","embeddable":true,"href":"https:\/\/ciudadliberal.cl\/index.php?rest_route=%2Fwp%2Fv2%2Fcategories&post=6765"},{"taxonomy":"post_tag","embeddable":true,"href":"https:\/\/ciudadliberal.cl\/index.php?rest_route=%2Fwp%2Fv2%2Ftags&post=6765"}],"curies":[{"name":"wp","href":"https:\/\/api.w.org\/{rel}","templated":true}]}}