{"id":6762,"date":"2020-02-20T16:36:39","date_gmt":"2020-02-20T20:36:39","guid":{"rendered":"https:\/\/ciudadliberal.cl\/?p=6762"},"modified":"2020-02-20T16:36:39","modified_gmt":"2020-02-20T20:36:39","slug":"urgen-a-trudeau-actuar-sobre-protestas-indigenas-en-canada","status":"publish","type":"post","link":"https:\/\/ciudadliberal.cl\/?p=6762","title":{"rendered":"Urgen a Trudeau actuar sobre protestas ind\u00edgenas en Canad\u00e1"},"content":{"rendered":"<p>Autoridades de las provincias de Quebec y Saskatchewan presionan al primer ministro para que \u00abintervenga\u00bb contra los manifestantes.<\/p>\n<p>La presi\u00f3n aument\u00f3 este mi\u00e9rcoles (19.02.2020) para que el primer ministro de Canad\u00e1, Justin Trudeau, fuerce el fin de los bloqueos ind\u00edgenas en las v\u00edas ferroviarias del pa\u00eds, despu\u00e9s de que las compa\u00f1\u00edas ferroviarias anunciaran el despido temporal de centenares de trabajadores.<\/p>\n<p>La empresa Via Rail inform\u00f3 del despido temporal de 1.000 empleados \u00abpor la cancelaci\u00f3n de los servicios\u00bb en gran parte de su red de transporte de pasajeros, como resultado de los bloqueos que protagonizan desde hace casi dos semanas grupos ind\u00edgenas que protestan contra la construcci\u00f3n de un gasoducto.<\/p>\n<p>Via Rail explic\u00f3 que desde el pasado 6 de febrero se ha visto obligada a cancelar 530 trenes de pasajeros.<\/p>\n<p>El martes, Canadian National (CN), la compa\u00f1\u00eda de transporte y due\u00f1a de la infraestructura ferroviaria, anunci\u00f3 el despido temporal de 450 empleados, tambi\u00e9n por los bloqueos.<\/p>\n<p>Tan solo la interrupci\u00f3n de la v\u00eda al paso de la localidad de Bellville, unos 200 kil\u00f3metros al este de Toronto, por parte de un grupo de ind\u00edgenas mohawk ha forzado a CN y Via Rail a la suspensi\u00f3n del transporte de mercanc\u00edas y pasajeros en la mitad oriental de Canad\u00e1.<\/p>\n<p>Los mohawk iniciaron el bloqueo a inicios de febrero en solidaridad con un grupo de ind\u00edgenas wet&#8217;suwet&#8217;en, en la costa del Pac\u00edfico de Canad\u00e1, que se opone a la construcci\u00f3n en su territorio del gasoducto Coastal GasLink, un proyecto de 670 kil\u00f3metros de longitud con una inversi\u00f3n de 6.000 millones de d\u00f3lares canadienses (4.500 millones de d\u00f3lares estadounidenses).<\/p>\n<p>&nbsp;<\/p>\n<p><strong>Nuevos bloqueos en las \u00faltimas horas<\/strong><\/p>\n<p>Trudeau declar\u00f3 este mi\u00e9rcoles que el bloqueo de las v\u00edas f\u00e9rreas es \u00abinaceptable\u00bb, aunque insisti\u00f3 en que quiere resolver la situaci\u00f3n con di\u00e1logo y no con la fuerza, como solicita el principal partido de la oposici\u00f3n y algunos de los primeros ministros de provincias afectadas.<\/p>\n<p>Mientras, otro grupo ind\u00edgena en la provincia de Alberta inici\u00f3 este mi\u00e9rcoles el bloqueo de una v\u00eda de tren en la poblaci\u00f3n de Edmonton, unos 3.400 kil\u00f3metros al noroeste de Toronto, en solidaridad con los wet&#8217;suwet&#8217;en.<\/p>\n<p>Ante el agravamiento de la situaci\u00f3n, el primer ministro de Quebec, Francois Legault, solicit\u00f3 a Trudeau que establezca una \u00abfecha l\u00edmite\u00bb para intervenir: \u00abTrudeau tiene que poner una fecha l\u00edmite en los pr\u00f3ximos d\u00edas, no en las pr\u00f3ximas semanas porque ahora mismo tenemos empleos en riesgo\u00bb, declar\u00f3.<\/p>\n<p>Por su parte, el primer ministro de la provincia de Saskatchewan, Scott Moe, critic\u00f3 con dureza a Trudeau y convoc\u00f3 una reuni\u00f3n urgente con sus hom\u00f3logos provinciales para discutir la crisis.<\/p>\n<p>Durante casi dos semanas, manifestantes de todo el pa\u00eds se han unidos a las protestas, llevando el tr\u00e1fico de carga y de pasajeros a un estancamiento en algunas partes del Canad\u00e1.<\/p>\n<p>Fuente: <a href=\"https:\/\/www.dw.com\/es\/urgen-a-trudeau-actuar-sobre-protestas-ind%C3%ADgenas-en-canad%C3%A1\/a-52438767\">Deutsche Welle<\/a><\/p>\n","protected":false},"excerpt":{"rendered":"<p>Autoridades de las provincias de Quebec y Saskatchewan presionan al primer ministro para que \u00abintervenga\u00bb contra los manifestantes. La presi\u00f3n aument\u00f3 este mi\u00e9rcoles (19.02.2020) para que el primer ministro de Canad\u00e1, Justin Trudeau, fuerce el fin de los bloqueos ind\u00edgenas en las v\u00edas ferroviarias del pa\u00eds, despu\u00e9s de que las compa\u00f1\u00edas ferroviarias anunciaran el despido [&hellip;]<\/p>\n","protected":false},"author":1,"featured_media":6763,"comment_status":"closed","ping_status":"closed","sticky":false,"template":"","format":"standard","meta":{"footnotes":""},"categories":[14,2,193],"tags":[],"class_list":["post-6762","post","type-post","status-publish","format-standard","has-post-thumbnail","hentry","category-entertainment","category-portada","category-trudeau"],"_links":{"self":[{"href":"https:\/\/ciudadliberal.cl\/index.php?rest_route=\/wp\/v2\/posts\/6762","targetHints":{"allow":["GET"]}}],"collection":[{"href":"https:\/\/ciudadliberal.cl\/index.php?rest_route=\/wp\/v2\/posts"}],"about":[{"href":"https:\/\/ciudadliberal.cl\/index.php?rest_route=\/wp\/v2\/types\/post"}],"author":[{"embeddable":true,"href":"https:\/\/ciudadliberal.cl\/index.php?rest_route=\/wp\/v2\/users\/1"}],"replies":[{"embeddable":true,"href":"https:\/\/ciudadliberal.cl\/index.php?rest_route=%2Fwp%2Fv2%2Fcomments&post=6762"}],"version-history":[{"count":1,"href":"https:\/\/ciudadliberal.cl\/index.php?rest_route=\/wp\/v2\/posts\/6762\/revisions"}],"predecessor-version":[{"id":6764,"href":"https:\/\/ciudadliberal.cl\/index.php?rest_route=\/wp\/v2\/posts\/6762\/revisions\/6764"}],"wp:featuredmedia":[{"embeddable":true,"href":"https:\/\/ciudadliberal.cl\/index.php?rest_route=\/wp\/v2\/media\/6763"}],"wp:attachment":[{"href":"https:\/\/ciudadliberal.cl\/index.php?rest_route=%2Fwp%2Fv2%2Fmedia&parent=6762"}],"wp:term":[{"taxonomy":"category","embeddable":true,"href":"https:\/\/ciudadliberal.cl\/index.php?rest_route=%2Fwp%2Fv2%2Fcategories&post=6762"},{"taxonomy":"post_tag","embeddable":true,"href":"https:\/\/ciudadliberal.cl\/index.php?rest_route=%2Fwp%2Fv2%2Ftags&post=6762"}],"curies":[{"name":"wp","href":"https:\/\/api.w.org\/{rel}","templated":true}]}}