{"id":6759,"date":"2020-02-20T16:25:13","date_gmt":"2020-02-20T20:25:13","guid":{"rendered":"https:\/\/ciudadliberal.cl\/?p=6759"},"modified":"2020-02-20T16:25:13","modified_gmt":"2020-02-20T20:25:13","slug":"francia-cerrara-en-junio-su-central-nuclear-mas-antigua","status":"publish","type":"post","link":"https:\/\/ciudadliberal.cl\/?p=6759","title":{"rendered":"Francia cerrar\u00e1 en junio su central nuclear m\u00e1s antigua"},"content":{"rendered":"<p>PAR\u00cdS (AP) \u2014 La central nuclear francesa de Fessenheim, situada cerca de la frontera con Alemania, cerrar\u00e1 a final de junio, indic\u00f3 el mi\u00e9rcoles el primer ministro de Francia, Edouard Philippe. Uno de los reactores cerrar\u00e1 este fin de semana.<\/p>\n<p>Se trata de la \u201cprimera fase\u201d de la estrategia energ\u00e9tica trazada en 2018 por el presidente, Emmanuel Macron, seg\u00fan un comunicado oficial. El plan pretende contempla reajustar la proporci\u00f3n de electricidad procedente de energ\u00eda nuclear y la generada por fuentes renovables. Las plantas de carb\u00f3n cerrar\u00e1n para 2022 para reducir gases de efecto invernadero, indic\u00f3 el comunicado.<\/p>\n<p>El reactor n\u00famero 1 de Fessenheim se detendr\u00e1 el s\u00e1bado y todo el complejo quedar\u00e1 parado el 30 de junio.<\/p>\n<p>Hace tiempo que Alemania pide el cierre de la planta, la m\u00e1s antigua de Francia. Ser\u00e1 la primera instalaci\u00f3n nuclear cerrada dentro del plan de Macron.<\/p>\n<p>Francia depende m\u00e1s de la energ\u00eda nuclear que ning\u00fan otro pa\u00eds, ya que las centrales producen unas tres cuartas partes de electricidad. Al presentar el plan energ\u00e9tico del pa\u00eds para los 30 a\u00f1os siguientes, Macron dijo en 2018 que 14 de los 58 reactores activos en 19 plantas habr\u00edan cerrado para 2035. Para entonces, Francia habr\u00eda reducido al 50% la electricidad obtenida en centrales nucleares.<\/p>\n<p>&nbsp;<\/p>\n<p>Fuente: <a href=\"https:\/\/www.infobae.com\/america\/agencias\/2020\/02\/19\/francia-cerrara-en-junio-su-central-nuclear-mas-antigua\/\">Infobae<\/a><\/p>\n","protected":false},"excerpt":{"rendered":"<p>PAR\u00cdS (AP) \u2014 La central nuclear francesa de Fessenheim, situada cerca de la frontera con Alemania, cerrar\u00e1 a final de junio, indic\u00f3 el mi\u00e9rcoles el primer ministro de Francia, Edouard Philippe. Uno de los reactores cerrar\u00e1 este fin de semana. Se trata de la \u201cprimera fase\u201d de la estrategia energ\u00e9tica trazada en 2018 por el [&hellip;]<\/p>\n","protected":false},"author":1,"featured_media":6760,"comment_status":"closed","ping_status":"closed","sticky":false,"template":"","format":"standard","meta":{"footnotes":""},"categories":[23,14,2],"tags":[],"class_list":["post-6759","post","type-post","status-publish","format-standard","has-post-thumbnail","hentry","category-macron","category-entertainment","category-portada"],"_links":{"self":[{"href":"https:\/\/ciudadliberal.cl\/index.php?rest_route=\/wp\/v2\/posts\/6759","targetHints":{"allow":["GET"]}}],"collection":[{"href":"https:\/\/ciudadliberal.cl\/index.php?rest_route=\/wp\/v2\/posts"}],"about":[{"href":"https:\/\/ciudadliberal.cl\/index.php?rest_route=\/wp\/v2\/types\/post"}],"author":[{"embeddable":true,"href":"https:\/\/ciudadliberal.cl\/index.php?rest_route=\/wp\/v2\/users\/1"}],"replies":[{"embeddable":true,"href":"https:\/\/ciudadliberal.cl\/index.php?rest_route=%2Fwp%2Fv2%2Fcomments&post=6759"}],"version-history":[{"count":1,"href":"https:\/\/ciudadliberal.cl\/index.php?rest_route=\/wp\/v2\/posts\/6759\/revisions"}],"predecessor-version":[{"id":6761,"href":"https:\/\/ciudadliberal.cl\/index.php?rest_route=\/wp\/v2\/posts\/6759\/revisions\/6761"}],"wp:featuredmedia":[{"embeddable":true,"href":"https:\/\/ciudadliberal.cl\/index.php?rest_route=\/wp\/v2\/media\/6760"}],"wp:attachment":[{"href":"https:\/\/ciudadliberal.cl\/index.php?rest_route=%2Fwp%2Fv2%2Fmedia&parent=6759"}],"wp:term":[{"taxonomy":"category","embeddable":true,"href":"https:\/\/ciudadliberal.cl\/index.php?rest_route=%2Fwp%2Fv2%2Fcategories&post=6759"},{"taxonomy":"post_tag","embeddable":true,"href":"https:\/\/ciudadliberal.cl\/index.php?rest_route=%2Fwp%2Fv2%2Ftags&post=6759"}],"curies":[{"name":"wp","href":"https:\/\/api.w.org\/{rel}","templated":true}]}}