{"id":6753,"date":"2020-02-18T21:25:24","date_gmt":"2020-02-19T01:25:24","guid":{"rendered":"https:\/\/ciudadliberal.cl\/?p=6753"},"modified":"2020-02-18T21:26:50","modified_gmt":"2020-02-19T01:26:50","slug":"plebiscito-abril-2020-facebook-activa-despliegue-con-partidos-politicos","status":"publish","type":"post","link":"https:\/\/ciudadliberal.cl\/?p=6753","title":{"rendered":"Plebiscito abril 2020: Facebook activa despliegue con partidos pol\u00edticos"},"content":{"rendered":"<p>Representantes de la compa\u00f1\u00eda viajaron a Chile y sostuvieron reuniones con la UDI, RN, el PC y RD. \u00bfEl objetivo? Abordar sus nuevas pol\u00edticas para combatir la desinformaci\u00f3n y transparentar el financiamiento de publicidad en periodo electoral.<\/p>\n<p>\u201cEstamos contactando a los equipos de comunicaci\u00f3n de los distintos partidos pol\u00edticos de Chile con el prop\u00f3sito de establecer un canal de di\u00e1logo directo que contribuya a fortalecer la integridad y transparencia de la plataforma durante el proceso electoral que comienza con el refer\u00e9ndum y culminar\u00e1 el a\u00f1o pr\u00f3ximo con las elecciones presidenciales. Por lo que estamos ofreciendo a todos los actores pol\u00edticos por igual la posibilidad de contactarnos para agendar una reuni\u00f3n\u201d.<\/p>\n<p>Esa fue la invitaci\u00f3n que ejecutivos de Facebook extendieron en los \u00faltimos d\u00edas a partidos tanto de oposici\u00f3n como del oficialismo. La convocatoria se da en el marco de un despliegue de la compa\u00f1\u00eda de cara al intenso proceso eleccionario que se iniciar\u00e1 el pr\u00f3ximo 26 de abril con el plebiscito.<\/p>\n<p>En ese contexto, este lunes y martes se dieron las primeras reuniones entre los equipos de comunicaciones de colectividades como RN, la UDI, el PC y RD y los representantes de la firma que se encuentran en el pa\u00eds: El\u00edas Matzschke, gerente de pol\u00edticas p\u00fablicas de Facebook para el Cono Sur; Ayelen Laurencena y Nicol\u00e1s Comini, del equipo de pol\u00edtica y gobierno de la compa\u00f1\u00eda; y Pablo Bello, a cargo de las pol\u00edticas sobre servicios de mensajer\u00eda privada en Am\u00e9rica Latina y quien fuera subsecretario de Telecomunicaciones del primer gobierno de Michelle Bachelet. Asimismo, Facebook se contact\u00f3 con la DC y el PS y ten\u00eda previsto, seg\u00fan transmitieron a las colectividades, reunirse este martes con representantes del gobierno.<\/p>\n<p>\u201cNos dieron a conocer sus pol\u00edticas en periodos electorales, sus nuevos est\u00e1ndares de transparencia y lo que van a hacer respecto de las campa\u00f1as pol\u00edticas o posibles candidaturas\u201d, explic\u00f3 el secretario general de la UDI, Jorge Fuentes.<\/p>\n<p>El esfuerzo de la compa\u00f1\u00eda -que controla adem\u00e1s las plataformas de WhatsApp e Instagram- en el pa\u00eds se da justamente a pocos d\u00edas de que el fundador de la red social, Mark Zuckerberg, pidiera disculpas nuevamente, esta vez ante la Uni\u00f3n Europea, por no haber hecho lo suficiente para proteger los datos de sus usuarios. Esto, luego de que se revelara que la empresa Cambridge Analytica accedi\u00f3 a informaci\u00f3n privada de millones de usuarios de esa red social, la que fue utilizada para, por ejemplo, favorecer la campa\u00f1a de Donald Trump en las pasadas elecciones de EE.UU. y la opci\u00f3n de dejar la Uni\u00f3n Europea en el marco del Brexit.<\/p>\n<p>El esc\u00e1ndalo abri\u00f3 un debate sobre el uso de datos de los usuarios y su impacto en procesos electorales, adem\u00e1s de poner en entredicho la credibilidad de Facebook al permitir la divulgaci\u00f3n de noticias falsas -fake news- en su plataforma. Ante el complejo escenario, la semana pasada la firma estableci\u00f3 una alianza con la agencia Reuters para verificar el contenido publicado en sus plataformas de cara a los comicios presidenciales de EE.UU. de este a\u00f1o.<\/p>\n<p>Fue precisamente la preocupaci\u00f3n sobre la veracidad de la informaci\u00f3n que circula en su plataforma lo que transmitieron los ejecutivos de Facebook a los representantes de los partidos en una serie de reuniones que tuvieron lugar en el Hotel W. \u201cNos comentaron que est\u00e1n preocupados por el tema de las fake news, pero nos explicaron que tienen un procedimiento est\u00e1ndar para detectar las noticias maliciosas o falsas\u201d, sostuvo Pablo Matamoros, quien asisti\u00f3 por RN.<\/p>\n<p>El tema tambi\u00e9n fue abordado con el encargado de estrategia digital del PC, Ignacio Rojas, quien dijo que \u201cle hicimos presente nuestra inquietud respecto de c\u00f3mo campa\u00f1as de ultraderecha como la de Bolsonaro y Trump se han basado en la masificaci\u00f3n de mentiras pagadas. Nos preocupa que eso se pueda dar en Chile\u201d.<\/p>\n<p>En tanto, la compa\u00f1\u00eda convoc\u00f3 a distintos medios de comunicaci\u00f3n a una cita, este jueves, para abordar la \u201cintegridad de la plataforma\u201d y sus \u201ciniciativas para combatir la desinformaci\u00f3n\u201d.<\/p>\n<p>&nbsp;<\/p>\n<p><strong>Transparencia<\/strong><\/p>\n<p>Otro punto que se abord\u00f3 en las reuniones fue el de la transparencia en el financiamiento de publicaciones con contenido pol\u00edtico.<\/p>\n<p>En ese sentido, los ejecutivos de Facebook le consultaron a cada colectividad si estar\u00edan dispuestas a, de forma voluntaria, transparentar el nombre de qui\u00e9nes financien sus publicaciones en el marco de la campa\u00f1a para el plebiscito. Esta pol\u00edtica, de hecho, ya aplica en Estados Unidos.<\/p>\n<p>La invitaci\u00f3n fue bien recibida entre los partidos. \u201cComo RN estamos de acuerdo en que el gasto que se haga en cualquiera de las plataformas sea lo m\u00e1s transparente posible\u201d, dijo Matamoros.<\/p>\n<p>A su vez, Rojas se\u00f1al\u00f3 que \u201cel PC va a transparentar que es el mismo partido el que financiar\u00e1 su publicidad en redes sociales\u201d.<\/p>\n","protected":false},"excerpt":{"rendered":"<p>Representantes de la compa\u00f1\u00eda viajaron a Chile y sostuvieron reuniones con la UDI, RN, el PC y RD. \u00bfEl objetivo? Abordar sus nuevas pol\u00edticas para combatir la desinformaci\u00f3n y transparentar el financiamiento de publicidad en periodo electoral. \u201cEstamos contactando a los equipos de comunicaci\u00f3n de los distintos partidos pol\u00edticos de Chile con el prop\u00f3sito de [&hellip;]<\/p>\n","protected":false},"author":1,"featured_media":6754,"comment_status":"closed","ping_status":"closed","sticky":false,"template":"","format":"standard","meta":{"footnotes":""},"categories":[194,195,16,2],"tags":[],"class_list":["post-6753","post","type-post","status-publish","format-standard","has-post-thumbnail","hentry","category-estallido-social-chile","category-plebiscito2020","category-internet","category-portada"],"_links":{"self":[{"href":"https:\/\/ciudadliberal.cl\/index.php?rest_route=\/wp\/v2\/posts\/6753","targetHints":{"allow":["GET"]}}],"collection":[{"href":"https:\/\/ciudadliberal.cl\/index.php?rest_route=\/wp\/v2\/posts"}],"about":[{"href":"https:\/\/ciudadliberal.cl\/index.php?rest_route=\/wp\/v2\/types\/post"}],"author":[{"embeddable":true,"href":"https:\/\/ciudadliberal.cl\/index.php?rest_route=\/wp\/v2\/users\/1"}],"replies":[{"embeddable":true,"href":"https:\/\/ciudadliberal.cl\/index.php?rest_route=%2Fwp%2Fv2%2Fcomments&post=6753"}],"version-history":[{"count":1,"href":"https:\/\/ciudadliberal.cl\/index.php?rest_route=\/wp\/v2\/posts\/6753\/revisions"}],"predecessor-version":[{"id":6755,"href":"https:\/\/ciudadliberal.cl\/index.php?rest_route=\/wp\/v2\/posts\/6753\/revisions\/6755"}],"wp:featuredmedia":[{"embeddable":true,"href":"https:\/\/ciudadliberal.cl\/index.php?rest_route=\/wp\/v2\/media\/6754"}],"wp:attachment":[{"href":"https:\/\/ciudadliberal.cl\/index.php?rest_route=%2Fwp%2Fv2%2Fmedia&parent=6753"}],"wp:term":[{"taxonomy":"category","embeddable":true,"href":"https:\/\/ciudadliberal.cl\/index.php?rest_route=%2Fwp%2Fv2%2Fcategories&post=6753"},{"taxonomy":"post_tag","embeddable":true,"href":"https:\/\/ciudadliberal.cl\/index.php?rest_route=%2Fwp%2Fv2%2Ftags&post=6753"}],"curies":[{"name":"wp","href":"https:\/\/api.w.org\/{rel}","templated":true}]}}