{"id":6750,"date":"2020-02-17T11:27:36","date_gmt":"2020-02-17T15:27:36","guid":{"rendered":"https:\/\/ciudadliberal.cl\/?p=6750"},"modified":"2020-02-17T11:27:36","modified_gmt":"2020-02-17T15:27:36","slug":"ivan-flores-anticipa-tremenda-tarea-para-futuros-presidentes-de-la-camara-y-el-senado","status":"publish","type":"post","link":"https:\/\/ciudadliberal.cl\/?p=6750","title":{"rendered":"Iv\u00e1n Flores anticipa \u00abtremenda tarea\u00bb para futuros presidentes de la C\u00e1mara y el Senado"},"content":{"rendered":"<p>Las testeras de ambas corporaciones se renovar\u00e1 a mediados de marzo, a la vuelta del receso legislativo.<\/p>\n<p>A la DC le corresponde repetir la presidencia en la C\u00e1mara Baja y ya surgen tres nombres; mientras que el PPD har\u00e1 lo mismo en el Senado.<\/p>\n<p>A mediados de marzo, a la vuelta del receso legislativo, la C\u00e1mara de Diputados y el Senado deber\u00e1n renovar sus presidencias y mesas directivas que encabezar\u00e1 ambas corporaciones durante el a\u00f1o.<\/p>\n<p>Los actuales presidentes, Iv\u00e1n Flores (DC) y Jaime Quintana (PPD), cumplieron roles relevantes en las primeras semanas del estallido social iniciado en octubre al promover la tramitaci\u00f3n de proyectos cuando a\u00fan no se ve\u00eda un rumbo claro en el Gobierno.<\/p>\n<p>En el nuevo per\u00edodo legislativo, la testera de la C\u00e1mara Baja le corresponde a la Democracia Cristiana, que se repetir\u00e1 el plato, de acuerdo con el \u00abpacto de gobernabilidad\u00bb acordado en la oposici\u00f3n, considerando su mayor\u00eda en ambas c\u00e1maras.<\/p>\n<p>En ese marco, en la Falange aparecen tres candidatos: Gabriel Silber, quien ya vio frustrada su candidatura el a\u00f1o pasado por una denuncia an\u00f3nima de supuesta violencia intrafamiliar, y quien se ha mostrado colaborativo con el Gobierno; V\u00edctor Torres, quien tiende a conversar los conflictos al interior de la DC, pero que en votos \u2013de tendencia m\u00e1s de izquierda- est\u00e1 m\u00e1s alineado al PS y al Frente Amplio.<\/p>\n<p>El otro nombre es Mat\u00edas Walker, quien ha tenido un rol destacado en la presidencia de la Comisi\u00f3n de Constituci\u00f3n al forzar la tramitaci\u00f3n de proyectos, como la paridad de g\u00e9nero y los esca\u00f1os reservados para pueblos originarios, y quien aparece de perfil duro si le toca enfrentarse a La Moneda.<\/p>\n<p>Flores anticip\u00f3 que \u00aba quien le toque asumir la conducci\u00f3n de la C\u00e1mara, lo mismo que en el Senado, van a tener una tremenda tarea, porque con el senador Quintana hemos dado una pelea, nos hemos planteado en las reuniones que hemos tenido con el Presidente de la Rep\u00fablica, hemos dado adentro y afuera la pelea\u00bb.<\/p>\n<p>\u00abEsto no puede suspenderse, todo lo contrario, tiene que profundizarse porque hoy los cambios exigen estrategias distintas y tendremos que ser colaborativos cuando las respuestas sean adecuadas, ser duros cuando no se nos escuche, ni m\u00e1s ni menos\u00bb, plante\u00f3.<\/p>\n<p>El PPD tambi\u00e9n se repetir\u00e1 el plato en el Senado y escogi\u00f3 a Adriana Mu\u00f1oz<br \/>\nEn el Senado ya est\u00e1 definido que la oposici\u00f3n ir\u00e1 con la PPD Adriana Mu\u00f1oz, en reemplazo de su correligionario Jaime Quintana.<\/p>\n<p>\u00abEl Senado fue una parte muy activa en el proceso constituyente, tambi\u00e9n en el despacho de la ley de Presupuesto, particularmente en establecer unos pisos m\u00ednimos en materia de seguridad social para nuestros adultos mayores. No obstante, hay muchas materias, particularmente en el plano social, que a\u00fan est\u00e1n pendientes y donde las mesas que asuman a partir de mediados de marzo, van a tener un rol central\u00bb, coment\u00f3 Quintana.<\/p>\n<p>La senadora Mu\u00f1oz tuvo un duro rol en la Comisi\u00f3n de Trabajo, donde ha seguido tramitando el proyecto de las 40 horas, pese al desacuerdo del Gobierno; e incluso ella ya advirti\u00f3 su disconformidad para con la reforma de pensiones del Ejecutivo y el acuerdo con la bancada DC que permiti\u00f3 su avance en la C\u00e1mara Baja, iniciativa que consider\u00f3 como \u00abcaluguitas de menta\u00bb.<\/p>\n<p>&nbsp;<\/p>\n<p>Fuente: <a href=\"https:\/\/www.cooperativa.cl\/noticias\/pais\/politica\/camara-de-diputados\/ivan-flores-anticipa-tremenda-tarea-para-futuros-presidentes-de-la\/2020-02-17\/094238.html\">Cooperativa<\/a><\/p>\n","protected":false},"excerpt":{"rendered":"<p>Las testeras de ambas corporaciones se renovar\u00e1 a mediados de marzo, a la vuelta del receso legislativo. A la DC le corresponde repetir la presidencia en la C\u00e1mara Baja y ya surgen tres nombres; mientras que el PPD har\u00e1 lo mismo en el Senado. A mediados de marzo, a la vuelta del receso legislativo, la [&hellip;]<\/p>\n","protected":false},"author":1,"featured_media":6751,"comment_status":"closed","ping_status":"closed","sticky":false,"template":"","format":"standard","meta":{"footnotes":""},"categories":[16,2],"tags":[],"class_list":["post-6750","post","type-post","status-publish","format-standard","has-post-thumbnail","hentry","category-internet","category-portada"],"_links":{"self":[{"href":"https:\/\/ciudadliberal.cl\/index.php?rest_route=\/wp\/v2\/posts\/6750","targetHints":{"allow":["GET"]}}],"collection":[{"href":"https:\/\/ciudadliberal.cl\/index.php?rest_route=\/wp\/v2\/posts"}],"about":[{"href":"https:\/\/ciudadliberal.cl\/index.php?rest_route=\/wp\/v2\/types\/post"}],"author":[{"embeddable":true,"href":"https:\/\/ciudadliberal.cl\/index.php?rest_route=\/wp\/v2\/users\/1"}],"replies":[{"embeddable":true,"href":"https:\/\/ciudadliberal.cl\/index.php?rest_route=%2Fwp%2Fv2%2Fcomments&post=6750"}],"version-history":[{"count":1,"href":"https:\/\/ciudadliberal.cl\/index.php?rest_route=\/wp\/v2\/posts\/6750\/revisions"}],"predecessor-version":[{"id":6752,"href":"https:\/\/ciudadliberal.cl\/index.php?rest_route=\/wp\/v2\/posts\/6750\/revisions\/6752"}],"wp:featuredmedia":[{"embeddable":true,"href":"https:\/\/ciudadliberal.cl\/index.php?rest_route=\/wp\/v2\/media\/6751"}],"wp:attachment":[{"href":"https:\/\/ciudadliberal.cl\/index.php?rest_route=%2Fwp%2Fv2%2Fmedia&parent=6750"}],"wp:term":[{"taxonomy":"category","embeddable":true,"href":"https:\/\/ciudadliberal.cl\/index.php?rest_route=%2Fwp%2Fv2%2Fcategories&post=6750"},{"taxonomy":"post_tag","embeddable":true,"href":"https:\/\/ciudadliberal.cl\/index.php?rest_route=%2Fwp%2Fv2%2Ftags&post=6750"}],"curies":[{"name":"wp","href":"https:\/\/api.w.org\/{rel}","templated":true}]}}