{"id":6740,"date":"2020-02-14T10:55:11","date_gmt":"2020-02-14T14:55:11","guid":{"rendered":"https:\/\/ciudadliberal.cl\/?p=6740"},"modified":"2020-02-14T10:55:24","modified_gmt":"2020-02-14T14:55:24","slug":"6740","status":"publish","type":"post","link":"https:\/\/ciudadliberal.cl\/?p=6740","title":{"rendered":"Tres segundos para J. A. Kast, 14 para Ev\u00f3poli y solo \u00abcuadros\u00bb para parlamentarios independientes: los tiempos para la franja del plebiscito"},"content":{"rendered":"<p>Hoy el Consejo Nacional de Televisi\u00f3n (CNTV) entreg\u00f3 los tiempos que los partidos y comandos tendr\u00e1n para promover el \u00abApruebo\u00bb y \u00abRechazo\u00bb. El tiempo fue otorgado en relaci\u00f3n a los votos obtenidos en las elecciones de 2017.<\/p>\n<p>La creatividad y la rapidez deber\u00e1n ser las consignas principales que deber\u00e1n ocupar los partidos y comandos que participen de la franja televisiva de cara al plebiscito del 26 de abril.<\/p>\n<p>Esto ya que hoy el Consejo Nacional de Televisi\u00f3n (CNTV) entreg\u00f3 los tiempos que los partidos y comandos tendr\u00e1n para promover el \u201cApruebo\u201d y \u201cRechazo\u201d. Y en el desglose de los minutos, segundos y \u201ccuadros\u201d (menos de un segundo) se da cuenta de esta situaci\u00f3n.<\/p>\n<p>Cabe recordar que se dispuso dos bloques de 15 minutos para hacer propaganda, la que se emitir\u00e1 entre el 27 de marzo y el 23 de abril de este a\u00f1o. Y los segundos fueron otorgados en relaci\u00f3n a los votos obtenidos en las elecciones de 2017.<\/p>\n<p>Por ejemplo, el Partido Republicano de Jos\u00e9 Antonio Kast tendr\u00e1 5 segundos para promover el \u201cRechazo\u201d a la nueva Constituci\u00f3n; de los cuales su tienda podr\u00e1 ocupar solo 3 segundos, ya que los dos restantes deben ir a organizaciones sociales, tal como lo defini\u00f3 el CNTV.<\/p>\n<p>Al comando \u201cSomos Chile\u201d, integrado por los senadores Carlos Bianchi y Alejandro Guillier, m\u00e1s el diputado Karim Bianchi, se le asign\u00f3 \u201c17 cuadros\u201d para el \u201cApruebo\u201d, lo que equivale a 0,56 segundos. Pero por la regla anterior, los tres parlamentarios solo podr\u00e1n utilizar 11 cuadros.<\/p>\n<p>Ev\u00f3poli fue otra tienda que tambi\u00e9n obtuvo pocos minutos en pantalla para promover la nueva Carta Fundamental. El CNTV estableci\u00f3 22 segundos para la colectividad de Hern\u00e1n Larra\u00edn Matte, de los cuales deben ceder 7 segundos a la sociedad civil.<\/p>\n<p>El caso m\u00e1s llamativo es el del independiente Ren\u00e9 Alinco, quien dispondr\u00e1 de solo 12 cuadros, es decir, 0,41 segundos para promover su apoyo al \u201cApruebo\u201d.<\/p>\n<p>La UDI, por el lado contrario, ser\u00e1 la colectividad con m\u00e1s minutos en pantalla para promover la opci\u00f3n \u201cRechazo\u201d, con 3 min. 43 segundos, teniendo para ellos 2 minutos y 28 segundos. Esto ya que aunque RN tiene derecho a m\u00e1s minutos por la cantidad de votos obtenidos, la tienda de Mario Desbordes se inscribi\u00f3 en ambas opciones, por lo que debe dividir su tiempo en pantalla.<\/p>\n<p>Para quienes promuevan el \u201cApruebo\u201d en RN se les otorg\u00f3 40 seg (27 efectivos), en tanto para el \u201cRechazo\u201d habr\u00e1n 3 minutos (2 minutos efectivos).<\/p>\n<p>&nbsp;<\/p>\n<p>Fuente:<a href=\"https:\/\/www.latercera.com\/politica\/noticia\/tres-segundos-j-kast-14-evopoli-solo-cuadros-independientes-los-tiempos-la-franja-del-plebiscito\/1009221\/\"> La Tercera<\/a><\/p>\n","protected":false},"excerpt":{"rendered":"<p>Hoy el Consejo Nacional de Televisi\u00f3n (CNTV) entreg\u00f3 los tiempos que los partidos y comandos tendr\u00e1n para promover el \u00abApruebo\u00bb y \u00abRechazo\u00bb. El tiempo fue otorgado en relaci\u00f3n a los votos obtenidos en las elecciones de 2017. La creatividad y la rapidez deber\u00e1n ser las consignas principales que deber\u00e1n ocupar los partidos y comandos que [&hellip;]<\/p>\n","protected":false},"author":1,"featured_media":6741,"comment_status":"closed","ping_status":"closed","sticky":false,"template":"","format":"standard","meta":{"footnotes":""},"categories":[194,16,2],"tags":[],"class_list":["post-6740","post","type-post","status-publish","format-standard","has-post-thumbnail","hentry","category-estallido-social-chile","category-internet","category-portada"],"_links":{"self":[{"href":"https:\/\/ciudadliberal.cl\/index.php?rest_route=\/wp\/v2\/posts\/6740","targetHints":{"allow":["GET"]}}],"collection":[{"href":"https:\/\/ciudadliberal.cl\/index.php?rest_route=\/wp\/v2\/posts"}],"about":[{"href":"https:\/\/ciudadliberal.cl\/index.php?rest_route=\/wp\/v2\/types\/post"}],"author":[{"embeddable":true,"href":"https:\/\/ciudadliberal.cl\/index.php?rest_route=\/wp\/v2\/users\/1"}],"replies":[{"embeddable":true,"href":"https:\/\/ciudadliberal.cl\/index.php?rest_route=%2Fwp%2Fv2%2Fcomments&post=6740"}],"version-history":[{"count":2,"href":"https:\/\/ciudadliberal.cl\/index.php?rest_route=\/wp\/v2\/posts\/6740\/revisions"}],"predecessor-version":[{"id":6743,"href":"https:\/\/ciudadliberal.cl\/index.php?rest_route=\/wp\/v2\/posts\/6740\/revisions\/6743"}],"wp:featuredmedia":[{"embeddable":true,"href":"https:\/\/ciudadliberal.cl\/index.php?rest_route=\/wp\/v2\/media\/6741"}],"wp:attachment":[{"href":"https:\/\/ciudadliberal.cl\/index.php?rest_route=%2Fwp%2Fv2%2Fmedia&parent=6740"}],"wp:term":[{"taxonomy":"category","embeddable":true,"href":"https:\/\/ciudadliberal.cl\/index.php?rest_route=%2Fwp%2Fv2%2Fcategories&post=6740"},{"taxonomy":"post_tag","embeddable":true,"href":"https:\/\/ciudadliberal.cl\/index.php?rest_route=%2Fwp%2Fv2%2Ftags&post=6740"}],"curies":[{"name":"wp","href":"https:\/\/api.w.org\/{rel}","templated":true}]}}