{"id":6658,"date":"2020-01-24T12:01:13","date_gmt":"2020-01-24T16:01:13","guid":{"rendered":"https:\/\/ciudadliberal.cl\/?p=6658"},"modified":"2020-01-24T12:01:13","modified_gmt":"2020-01-24T16:01:13","slug":"la-ue-prepara-los-ultimos-detalles-para-la-salida-de-reino-unido","status":"publish","type":"post","link":"https:\/\/ciudadliberal.cl\/?p=6658","title":{"rendered":"La UE prepara los \u00faltimos detalles para la salida de Reino Unido"},"content":{"rendered":"<p>El pleno de la Euroc\u00e1mara debe ratificar el mi\u00e9rcoles el acuerdo, un tr\u00e1mite que se anuncia f\u00e1cil despu\u00e9s que la comisi\u00f3n parlamentaria competente lo aprobara el jueves por 23 votos contra 3.<\/p>\n<p>Los l\u00edderes de las instituciones europeas rubricaron este viernes el acuerdo del Brexit antes de su prevista ratificaci\u00f3n por la Euroc\u00e1mara, a una semana de que el Reino Unido y la Uni\u00f3n Europea (UE) pongan fin a casi medio siglo de tumultuosa relaci\u00f3n.<\/p>\n<p>El presidente del Consejo Europeo \u201cCharles Michel y yo acabamos de firmar el Acuerdo de Retirada del Reino Unido de la UE, abriendo el camino a su ratificaci\u00f3n por la Euroc\u00e1mara\u201d, tuite\u00f3 la titular de la Comisi\u00f3n Europea, Ursula von der Leyen.<\/p>\n<p>En las im\u00e1genes oficiales de la ceremonia, a la que no se permiti\u00f3 el acceso de prensa, los rostros serios de ambos, acompa\u00f1ados en segundo plano por el negociador europeo Michel Barnier, protagonizan la firma del Tratado de Retirada, que ahora debe viajar a Londres para su r\u00fabrica por el primer ministro Boris Johnson.<\/p>\n<p>El gobierno brit\u00e1nico explic\u00f3 que Johnson firmar\u00e1 el acuerdo \u201cdurante la tarde\u201d, antes de que regrese a Bruselas, donde se conservar\u00e1 el original en los archivos de las instituciones junto a otros tratados internacionales. Una copia se enviar\u00e1 a Londres, precis\u00f3.<\/p>\n<p>El Reino Unido se encamina a abandonar el bloque el 31 de enero como decidieron los brit\u00e1nicos en un refer\u00e9ndum en 2016 y tras m\u00e1s de tres a\u00f1os de negociaciones y dos elecciones legislativas brit\u00e1nicas para tratar de sacar adelante el acuerdo.<\/p>\n<p>La Reina Isabel II dio el jueves su asentimiento real el proyecto de ley que regula los t\u00e9rminos del Brexit, elaborado por el gobierno de Johnson, despu\u00e9s de su aprobaci\u00f3n por el Parlamento brit\u00e1nico.<\/p>\n<p>La pelota est\u00e1 ahora en el lado europeo. El pleno de la Euroc\u00e1mara debe ratificar el mi\u00e9rcoles el acuerdo, un tr\u00e1mite que se anuncia f\u00e1cil despu\u00e9s que la comisi\u00f3n parlamentaria competente lo aprobara el jueves por 23 votos contra 3.<\/p>\n<p>\u201cEs un momento hist\u00f3rico, aunque no sea agradable ni bueno para nosotros\u201d, dijo el jueves Antonio Tajani, presidente de la comisi\u00f3n de Asuntos Constitucionales durante el debate, con unos eurodiputados brit\u00e1nicos divididos entre la alegr\u00eda y la tristeza.<\/p>\n<p>El laborista Richard Corbett denunci\u00f3 que el \u201cBrexit ya no es desde hace tiempo la voluntad del pueblo brit\u00e1nico\u201d, mientras que Rupert Lowe, del Partido del Brexit, llam\u00f3 a la UE a \u201ccomportarse de manera justa\u201d con los brit\u00e1nicos cuando negocie la relaci\u00f3n futura.<\/p>\n<p>&nbsp;<\/p>\n<p><strong>Nueva p\u00e1gina<\/strong><\/p>\n<p>El Reino Unido pondr\u00e1 fin a 47 a\u00f1os de membres\u00eda al bloque el 31 de enero, protagonizando el primer divorcio de un pa\u00eds en m\u00e1s de seis d\u00e9cadas de proyecto europeo, aunque seguir\u00e1 cumpliendo con las reglas hasta finales de a\u00f1o sin participar en las decisiones.<\/p>\n<p>Durante este per\u00edodo de transici\u00f3n, que busca evitar una ruptura abrupta y que puede prorrogarse, Londres y Bruselas deber\u00e1n alcanzar un acuerdo sobre la futura relaci\u00f3n a ambos lados del Canal de la Mancha, sobre todo en el aspecto comercial.<\/p>\n<p>\u201cLas cosas cambiar\u00e1n inevitablemente pero nuestra amistad permanecer\u00e1. Empezamos un nuevo cap\u00edtulo como socios y aliados\u201d, tuite\u00f3 el jefe del Consejo, quien expres\u00f3 sus \u201cganas\u201d de escribir junto al Reino Unido \u201cesta nueva p\u00e1gina\u201d.<\/p>\n<p>La Comisi\u00f3n Europea espera tener su mandato de negociaci\u00f3n en febrero, pero teniendo en cuenta el tiempo necesario para la ratificaci\u00f3n de un acuerdo, Londres y Bruselas dispondr\u00edan de ocho meses -de marzo a octubre- para alcanzarlo, \u201cuna misi\u00f3n imposible\u201d, seg\u00fan un diplom\u00e1tico europeo.<\/p>\n<p>El 1 de julio ser\u00e1 la primera fecha clave de la nueva etapa en el Brexit. La UE y el Reino Unido deber\u00e1n decidir para entonces si prolongan la transici\u00f3n y por tanto la negociaci\u00f3n comercial uno o dos a\u00f1os. El premier brit\u00e1nico ya avanz\u00f3 que rechaza esa opci\u00f3n.<\/p>\n<p>&nbsp;<\/p>\n<p>Fuente: <a href=\"https:\/\/www.latercera.com\/mundo\/noticia\/la-ue-prepara-los-ultimos-detalles-la-salida-reino-unido\/985387\/\">La Tercera<\/a><\/p>\n","protected":false},"excerpt":{"rendered":"<p>El pleno de la Euroc\u00e1mara debe ratificar el mi\u00e9rcoles el acuerdo, un tr\u00e1mite que se anuncia f\u00e1cil despu\u00e9s que la comisi\u00f3n parlamentaria competente lo aprobara el jueves por 23 votos contra 3. Los l\u00edderes de las instituciones europeas rubricaron este viernes el acuerdo del Brexit antes de su prevista ratificaci\u00f3n por la Euroc\u00e1mara, a una [&hellip;]<\/p>\n","protected":false},"author":1,"featured_media":6659,"comment_status":"closed","ping_status":"closed","sticky":false,"template":"","format":"standard","meta":{"footnotes":""},"categories":[14,2],"tags":[],"class_list":["post-6658","post","type-post","status-publish","format-standard","has-post-thumbnail","hentry","category-entertainment","category-portada"],"_links":{"self":[{"href":"https:\/\/ciudadliberal.cl\/index.php?rest_route=\/wp\/v2\/posts\/6658","targetHints":{"allow":["GET"]}}],"collection":[{"href":"https:\/\/ciudadliberal.cl\/index.php?rest_route=\/wp\/v2\/posts"}],"about":[{"href":"https:\/\/ciudadliberal.cl\/index.php?rest_route=\/wp\/v2\/types\/post"}],"author":[{"embeddable":true,"href":"https:\/\/ciudadliberal.cl\/index.php?rest_route=\/wp\/v2\/users\/1"}],"replies":[{"embeddable":true,"href":"https:\/\/ciudadliberal.cl\/index.php?rest_route=%2Fwp%2Fv2%2Fcomments&post=6658"}],"version-history":[{"count":1,"href":"https:\/\/ciudadliberal.cl\/index.php?rest_route=\/wp\/v2\/posts\/6658\/revisions"}],"predecessor-version":[{"id":6660,"href":"https:\/\/ciudadliberal.cl\/index.php?rest_route=\/wp\/v2\/posts\/6658\/revisions\/6660"}],"wp:featuredmedia":[{"embeddable":true,"href":"https:\/\/ciudadliberal.cl\/index.php?rest_route=\/wp\/v2\/media\/6659"}],"wp:attachment":[{"href":"https:\/\/ciudadliberal.cl\/index.php?rest_route=%2Fwp%2Fv2%2Fmedia&parent=6658"}],"wp:term":[{"taxonomy":"category","embeddable":true,"href":"https:\/\/ciudadliberal.cl\/index.php?rest_route=%2Fwp%2Fv2%2Fcategories&post=6658"},{"taxonomy":"post_tag","embeddable":true,"href":"https:\/\/ciudadliberal.cl\/index.php?rest_route=%2Fwp%2Fv2%2Ftags&post=6658"}],"curies":[{"name":"wp","href":"https:\/\/api.w.org\/{rel}","templated":true}]}}