{"id":6646,"date":"2020-01-20T13:00:36","date_gmt":"2020-01-20T17:00:36","guid":{"rendered":"https:\/\/ciudadliberal.cl\/?p=6646"},"modified":"2020-01-20T13:00:36","modified_gmt":"2020-01-20T17:00:36","slug":"demre-informa-que-hay-86-personas-inhabilitadas-para-dar-la-segunda-psu-entre-ellas-estan-los-voceros-de-la-aces","status":"publish","type":"post","link":"https:\/\/ciudadliberal.cl\/?p=6646","title":{"rendered":"Demre informa que hay 86 personas inhabilitadas para dar la segunda PSU: Entre ellas est\u00e1n los voceros de la ACES"},"content":{"rendered":"<p>Esos inscritos quedaron excluidos por entorpecer el desarrollo del examen, pero tendr\u00e1n hasta el martes para apelar a la medida. La nueva versi\u00f3n del test ser\u00e1 el 27 y 28 de enero, en 37 ciudades del pa\u00eds.<\/p>\n<p>El Demre de la Universidad de Chile, el organismo que aplica la Prueba de Selecci\u00f3n Universitaria (PSU), inform\u00f3 que hay 86 personas que quedaron inhabilitadas para rendir la segunda prueba del 27 y 28 de enero, debido a que realizaron las protestas que obligaron a suspender el examen en muchos colegios el 6 y 7 de enero.<\/p>\n<p>El s\u00e1bado, esas personas recibieron un correo electr\u00f3nico del Demre, donde se les notific\u00f3 que no podr\u00edan participar del nuevo proceso, y se les adjunt\u00f3 el acta del local donde se indica que participaron de los incidentes, seg\u00fan informan en este organismo.<\/p>\n<p>Entre esas 86 personas, est\u00e1n los voceros de la ACES, Ayel\u00e9n Salgado y V\u00edctor Chanfreau, seg\u00fan ellos confirmaron a La Tercera. Ellos hicieron un llamado a los escolares a protestar contra la PSU hace dos semanas, y ahora volvieron a convocar a manifestaciones para la pr\u00f3xima semana.<\/p>\n<p>Sin embargo, el Demre abri\u00f3 un per\u00edodo de apelaci\u00f3n hasta el martes, para que los j\u00f3venes involucrados en esta medida presenten sus descargos. Quienes quieran apelar, lo pueden hacer en este link.<\/p>\n<p>Seg\u00fan las normas de la PSU, est\u00e1 prohibido \u201cpromover, participar, ejecutar o encubrir\u201d actos que entorpezcan o impidan el desarrollo de la PSU, en cualquiera de sus etapas, ya que ello le \u201csignificar\u00e1 al postulante la exclusi\u00f3n inmediata del proceso de admisi\u00f3n\u201d.<\/p>\n<p>M\u00e1s de 111 mil personas fueron convocadas para rendir la segunda prueba, el 37% del total de inscritos. Ese es el caso de Matem\u00e1tica, test que no pudo ser realizado por 82.252 personas, a las que se suman 28.828 que s\u00ed la dieron, pero en ambientes de protesta, por lo que podr\u00e1n repetirla.<\/p>\n<p>En el caso de Lenguaje, 39.907 personas no pudieron dar el test y 30.071 s\u00ed lo respondieron, pero podr\u00e1n repetirlo. Y en Ciencias, 34.618 j\u00f3venes se vieron impedidos de rendir el examen y otros 11.875 lo podr\u00e1n repetir.<\/p>\n<p>La segunda PSU se realizar\u00e1 en 37 ciudades del pa\u00eds, entre ellas, Arica, Iquique, Tocopilla, Calama, Antofagasta, Copiap\u00f3, Vallenar, La Serena, Los Vilos, Los Andes, Quilpu\u00e9, Valpara\u00edso, Vi\u00f1a del Mar, Villa Alemana, Casablanca, San Antonio, El Quisco, Santiago, Paine y Pichilemu.<\/p>\n<p>Tambi\u00e9n podr\u00e1n rendirla en Talcahuano, Concepci\u00f3n, Chiguayante, San Pedro, Coronel, Lota, Curanilahue, Ca\u00f1ete, Yumbel, Hualp\u00e9n, Los \u00c1ngeles, Temuco, Puc\u00f3n, Castro, Quell\u00f3n, Coyhaique y Punta Arenas.<\/p>\n<p>Fuente: <a href=\"https:\/\/www.latercera.com\/nacional\/noticia\/demre-informa-86-personas-inhabilitadas-dar-la-segunda-psu-ellas-estan-los-voceros-la-aces\/980326\/\">La Tercera<\/a><\/p>\n","protected":false},"excerpt":{"rendered":"<p>Esos inscritos quedaron excluidos por entorpecer el desarrollo del examen, pero tendr\u00e1n hasta el martes para apelar a la medida. La nueva versi\u00f3n del test ser\u00e1 el 27 y 28 de enero, en 37 ciudades del pa\u00eds. El Demre de la Universidad de Chile, el organismo que aplica la Prueba de Selecci\u00f3n Universitaria (PSU), inform\u00f3 [&hellip;]<\/p>\n","protected":false},"author":1,"featured_media":6647,"comment_status":"closed","ping_status":"closed","sticky":false,"template":"","format":"standard","meta":{"footnotes":""},"categories":[16,2],"tags":[],"class_list":["post-6646","post","type-post","status-publish","format-standard","has-post-thumbnail","hentry","category-internet","category-portada"],"_links":{"self":[{"href":"https:\/\/ciudadliberal.cl\/index.php?rest_route=\/wp\/v2\/posts\/6646","targetHints":{"allow":["GET"]}}],"collection":[{"href":"https:\/\/ciudadliberal.cl\/index.php?rest_route=\/wp\/v2\/posts"}],"about":[{"href":"https:\/\/ciudadliberal.cl\/index.php?rest_route=\/wp\/v2\/types\/post"}],"author":[{"embeddable":true,"href":"https:\/\/ciudadliberal.cl\/index.php?rest_route=\/wp\/v2\/users\/1"}],"replies":[{"embeddable":true,"href":"https:\/\/ciudadliberal.cl\/index.php?rest_route=%2Fwp%2Fv2%2Fcomments&post=6646"}],"version-history":[{"count":1,"href":"https:\/\/ciudadliberal.cl\/index.php?rest_route=\/wp\/v2\/posts\/6646\/revisions"}],"predecessor-version":[{"id":6648,"href":"https:\/\/ciudadliberal.cl\/index.php?rest_route=\/wp\/v2\/posts\/6646\/revisions\/6648"}],"wp:featuredmedia":[{"embeddable":true,"href":"https:\/\/ciudadliberal.cl\/index.php?rest_route=\/wp\/v2\/media\/6647"}],"wp:attachment":[{"href":"https:\/\/ciudadliberal.cl\/index.php?rest_route=%2Fwp%2Fv2%2Fmedia&parent=6646"}],"wp:term":[{"taxonomy":"category","embeddable":true,"href":"https:\/\/ciudadliberal.cl\/index.php?rest_route=%2Fwp%2Fv2%2Fcategories&post=6646"},{"taxonomy":"post_tag","embeddable":true,"href":"https:\/\/ciudadliberal.cl\/index.php?rest_route=%2Fwp%2Fv2%2Ftags&post=6646"}],"curies":[{"name":"wp","href":"https:\/\/api.w.org\/{rel}","templated":true}]}}