{"id":6569,"date":"2019-12-23T10:26:11","date_gmt":"2019-12-23T14:26:11","guid":{"rendered":"https:\/\/ciudadliberal.cl\/?p=6569"},"modified":"2019-12-23T10:26:11","modified_gmt":"2019-12-23T14:26:11","slug":"indh-acusa-las-mas-graves-violaciones-a-los-derechos-humanos-desde-1989-por-hechos-ocurridos-durante-el-estallido-social","status":"publish","type":"post","link":"https:\/\/ciudadliberal.cl\/?p=6569","title":{"rendered":"INDH acusa \u00ablas m\u00e1s graves violaciones a los derechos humanos desde 1989\u00bb por hechos ocurridos durante el estallido social"},"content":{"rendered":"<p>El director del organismo, Sergio Micco, asegur\u00f3 que \u00aben el periodo que dura este informe se han cometido m\u00faltiples y graves violaciones a los derechos humanos,no trat\u00e1ndose de hechos aislados o simples excesos\u00bb. El reporte adem\u00e1s denunci\u00f3 una \u00abindebida autonom\u00eda\u00bb exhibida por Carabineros hacia la autoridad civil.<\/p>\n<p>Esta ma\u00f1ana el consejo del Instituto Nacional de Derechos Humanos (INDH) present\u00f3 su informe sobre las \u201cgraves violaciones a los derechos humanos ocurridas en Chile desde el 18 de octubre\u201d.<\/p>\n<p>El estudio de casos comprende desde la fecha antes mencionada hasta el pasado 30 de noviembre. Al respecto, el director del INDH, Sergio Micco, afirm\u00f3 que la respuesta policial a las manifestaciones sociales \u201cprodujo en su conjunto las m\u00e1s graves violaciones a los derechos humanos desde 1989\u201d.<\/p>\n<p>\u201cEl INDH afirma que en el periodo que dura este informe se han cometido m\u00faltiples y graves violaciones a los derechos humanos, no trat\u00e1ndose de hechos aislados o simples excesos. En este sentido se han constatado por parte de Carabineros conductas que se reiteran en el tiempo y en el espacio\u201d, a\u00f1adi\u00f3 la autoridad del organismo.<\/p>\n<p>Respecto a este \u00faltimo punto, Micco asever\u00f3 que \u201cse ven\u00edan realizando hace a\u00f1os pero cuyo contexto e intensidad actual han causado serios perjuicios a las personas, tales como el uso indiscriminado de escopetas anti motines, desnudamientos, torturas y otros tratos crueles, inhumanos o degradantes\u201d.<\/p>\n<p><em>A trav\u00e9s de las 109 p\u00e1ginas del informe, el INDH detalla c\u00f3mo se habr\u00edan cometido las violaciones a los derechos fundamentales.<\/em><\/p>\n<p>Al respecto, se se\u00f1ala que \u201cel Consejo del INDH ha llegado a la convicci\u00f3n de que, a la fecha, se han violado gravemente los derechos a la vida y la integridad f\u00edsica y ps\u00edquica, entre otros derechos. Al INDH le preocupan de especial manera las denuncias por uso indiscriminado de perdigones, torturas con connotaci\u00f3n sexual, y las lesiones oculares. Sin perjuicio de lo anterior, ser\u00e1 tarea de los tribunales determinar la verdad judicial sobre las circunstancias espec\u00edficas de los hechos y personas involucradas\u201d.<\/p>\n<p>Tambi\u00e9n se indica que \u201cel mayor n\u00famero de muertes y la mayor proporci\u00f3n de lesiones por trauma ocular, como de personas heridas, se produce durante el per\u00edodo de estado de emergencia\u201d.<\/p>\n<p>&nbsp;<\/p>\n<p><strong>\u201cIndebida autonom\u00eda\u201d de Carabineros<\/strong><\/p>\n<p>Adem\u00e1s se hace referencia a que \u201cla falta de control sobre los medios disuasivos y m\u00e9todos utilizados por parte de Carabineros es un problema que se explica, entre otras causas, por una indebida autonom\u00eda exhibida, desde el inicio de la democracia, por parte de dicha instituci\u00f3n respecto de la autoridad civil\u201d. Respecto a esta conclusi\u00f3n, el informe apunta a \u201cque se hace imperativo un abordaje integral a dicho problema, con medidas consistentes con la gravedad y profundidad de las irregularidades detectadas\u201d.<\/p>\n<p>\u201cEl Estado ha faltado gravemente a su deber de proteger una serie de derechos humanos como el derecho a la vida, integridad personal, propiedad privada, libertad religiosa, libertad de circulaci\u00f3n y otros que describe este Informe, al no haber podido garantizar el orden p\u00fablico y la seguridad ciudadana\u201d, se se\u00f1ala en otra de las conclusiones.<\/p>\n<p>&nbsp;<\/p>\n<p>Fuente: <a href=\"https:\/\/www.latercera.com\/nacional\/noticia\/indh-acusa-las-mas-graves-violaciones-los-ddhh-desde-1989-hechos-ocurridos-estallido-social\/949437\/\">La Tercera<\/a><\/p>\n","protected":false},"excerpt":{"rendered":"<p>El director del organismo, Sergio Micco, asegur\u00f3 que \u00aben el periodo que dura este informe se han cometido m\u00faltiples y graves violaciones a los derechos humanos,no trat\u00e1ndose de hechos aislados o simples excesos\u00bb. El reporte adem\u00e1s denunci\u00f3 una \u00abindebida autonom\u00eda\u00bb exhibida por Carabineros hacia la autoridad civil. Esta ma\u00f1ana el consejo del Instituto Nacional de [&hellip;]<\/p>\n","protected":false},"author":1,"featured_media":6572,"comment_status":"closed","ping_status":"closed","sticky":false,"template":"","format":"standard","meta":{"footnotes":""},"categories":[184,16,2],"tags":[],"class_list":["post-6569","post","type-post","status-publish","format-standard","has-post-thumbnail","hentry","category-derechos-humanos","category-internet","category-portada"],"_links":{"self":[{"href":"https:\/\/ciudadliberal.cl\/index.php?rest_route=\/wp\/v2\/posts\/6569","targetHints":{"allow":["GET"]}}],"collection":[{"href":"https:\/\/ciudadliberal.cl\/index.php?rest_route=\/wp\/v2\/posts"}],"about":[{"href":"https:\/\/ciudadliberal.cl\/index.php?rest_route=\/wp\/v2\/types\/post"}],"author":[{"embeddable":true,"href":"https:\/\/ciudadliberal.cl\/index.php?rest_route=\/wp\/v2\/users\/1"}],"replies":[{"embeddable":true,"href":"https:\/\/ciudadliberal.cl\/index.php?rest_route=%2Fwp%2Fv2%2Fcomments&post=6569"}],"version-history":[{"count":1,"href":"https:\/\/ciudadliberal.cl\/index.php?rest_route=\/wp\/v2\/posts\/6569\/revisions"}],"predecessor-version":[{"id":6573,"href":"https:\/\/ciudadliberal.cl\/index.php?rest_route=\/wp\/v2\/posts\/6569\/revisions\/6573"}],"wp:featuredmedia":[{"embeddable":true,"href":"https:\/\/ciudadliberal.cl\/index.php?rest_route=\/wp\/v2\/media\/6572"}],"wp:attachment":[{"href":"https:\/\/ciudadliberal.cl\/index.php?rest_route=%2Fwp%2Fv2%2Fmedia&parent=6569"}],"wp:term":[{"taxonomy":"category","embeddable":true,"href":"https:\/\/ciudadliberal.cl\/index.php?rest_route=%2Fwp%2Fv2%2Fcategories&post=6569"},{"taxonomy":"post_tag","embeddable":true,"href":"https:\/\/ciudadliberal.cl\/index.php?rest_route=%2Fwp%2Fv2%2Ftags&post=6569"}],"curies":[{"name":"wp","href":"https:\/\/api.w.org\/{rel}","templated":true}]}}