{"id":6563,"date":"2019-12-22T21:35:51","date_gmt":"2019-12-23T01:35:51","guid":{"rendered":"https:\/\/ciudadliberal.cl\/?p=6563"},"modified":"2019-12-22T21:37:56","modified_gmt":"2019-12-23T01:37:56","slug":"el-big-data-del-gobierno-los-detalles-del-informe-por-el-estallido-social-que-entrego-a-la-fiscalia","status":"publish","type":"post","link":"https:\/\/ciudadliberal.cl\/?p=6563","title":{"rendered":"El big data del Gobierno: Los detalles del informe por el estallido social que entreg\u00f3 a la Fiscal\u00eda"},"content":{"rendered":"<p>Un an\u00e1lisis de 112 p\u00e1ginas resume el comportamiento de las redes sociales desde el 18 de octubre. Ah\u00ed se alzan teor\u00edas de la injerencia extranjeras en disturbios. Es la informaci\u00f3n que esta semana el ministerio del Interior entreg\u00f3 al Ministerio P\u00fablico.<\/p>\n<p>Ese domingo 20 de octubre, cuando el Presidente Sebasti\u00e1n Pi\u00f1era declar\u00f3 que \u201cestamos en guerra\u201d, las redes sociales tuvieron uno de los peaks de conversaci\u00f3n desde que, 48 horas antes, hab\u00eda comenzado el estallido. Al d\u00eda siguiente, m\u00e1s de cuatro millones de usuarios de Twitter, Facebook e Instagram comentaron sobre las movilizaciones con un mensaje de fuerte oposici\u00f3n a la presencia de militares en las calles. Tras la \u201cmarcha del mill\u00f3n\u201d del 25 de octubre en Plaza Italia -hoy llamada Plaza de la Dignidad-, la actividad de las cuentas de redes sociales analizadas en Chile presentan un \u201cnotable descenso\u201d y las principales narrativas en ese periodo fueron #Pi\u00f1eraRenuncia, #EstoPasaEnChile, #QueSeVayanLosMilicos y #ChileViolatesHumanRights.<\/p>\n<p>Toda esta informaci\u00f3n es parte de un an\u00e1lisis de la situaci\u00f3n social en Chile que elabor\u00f3 el gobierno. Se trata del mismo documento que el jueves pasado La Moneda entreg\u00f3 al Ministerio P\u00fablico, en medio de una reactivada disputa con la fiscal\u00eda. Esta serie de actividades en las redes es parte de las supuestas pruebas que el gobierno considera para establecer la \u201cinfluencia de extranjeros\u201d en la agitaci\u00f3n social. El documento destaca -entre otros- que el 31% de los autores de estos mensajes est\u00e1 localizado fuera de Chile.<\/p>\n<p>\u201cSe entreg\u00f3 informaci\u00f3n extraordinariamente sofisticada a partir de an\u00e1lisis con tecnolog\u00edas de big data, con tecnolog\u00edas de la informaci\u00f3n\u201d, afirm\u00f3 ese d\u00eda el ministro del Interior, Gonzalo Blumel, luego de reunirse -pocos minutos antes- a solas con el fiscal nacional, Jorge Abbott, una vez termin\u00f3 el Consejo Nacional de Seguridad P\u00fablica Interior. A esas alturas, en La Moneda se viv\u00edan momentos de tensi\u00f3n debido a que la m\u00e1xima autoridad del Ministerio P\u00fablico no titube\u00f3 en desmentir y calificar de \u201cfalsos\u201d los dichos de la vocera del gobierno, Karla Rubilar, retrucando que el Ejecutivo no hab\u00eda hecho entrega de informaci\u00f3n de inteligencia que hablara sobre la participaci\u00f3n de grupos organizados tras los ataques en el Metro y que, tampoco, en las investigaciones que se tramitan en el pa\u00eds ha aparecido evidencia de organizaciones a esa escala. Tampoco extranjeros.<\/p>\n<p>La cita fue a puertas cerradas. Una vez concluida, el propio fiscal nacional baj\u00f3 el tono de la pol\u00e9mica y detall\u00f3 que hab\u00eda recibido de manos del Blumel \u201cinformaci\u00f3n de fuentes abiertas\u201d y se apur\u00f3 en aclarar: \u201cNo informaci\u00f3n de inteligencia\u201d. Esto \u00faltimo, porque para que el Ministerio P\u00fablico pueda ocupar en sus causas penales esos antecedentes, estos deben ser liberados bajo los mecanismos de la ley de inteligencia.<\/p>\n<p>Un d\u00eda despu\u00e9s de la reuni\u00f3n en La Moneda, el director de la Agencia Nacional de Inteligencia (ANI), Gustavo Jord\u00e1n, acudi\u00f3 hasta el despacho de Abbott para concretar la promesa de Blumel, quien le hab\u00eda se\u00f1alado que le entregar\u00edan esa informaci\u00f3n \u201ca la brevedad\u201d. En no m\u00e1s de 15 minutos, el reciente nombrado jefe de la inteligencia gubernamental, dej\u00f3 un informe, pero sin realizar el acto de liberaci\u00f3n que exige la ley para que esos datos puedan ser incorporados a las causas penales en tramitaci\u00f3n. Abbott pod\u00eda leerla, pero tiene prohibido siquiera referirse a esa informaci\u00f3n.<br \/>\nPocos d\u00edas despu\u00e9s del estallido, en el gobierno comenz\u00f3 a rondar la idea de grupos organizados e influencia de dirigentes de gobiernos extranjeros en la crisis social chilena. De hecho, el propio Mandatario ha aludido a ello en entrevistas. Se comenta que dichas hip\u00f3tesis han sido alzadas por el ministro de Defensa, Alberto Espina, quien hace un mes, y mediante un llamado telef\u00f3nico a Abbott, le asegur\u00f3 que entregar\u00edan informaci\u00f3n de inteligencia al respecto. Otros lo justifican en un informe de inteligencia de la PDI. Con todo, ninguna de estas informaciones, que vienen contenidas en un informe de la ANI, podr\u00eda ser utilizada por el Ministerio P\u00fablico, ya que est\u00e1 protegida por ley.<\/p>\n<p>&nbsp;<\/p>\n<p><strong>M\u00e9tricas e influencias<\/strong><\/p>\n<p>El documento entregado por el gobierno a la fiscal\u00eda el jueves contiene un an\u00e1lisis big data al comportamiento de casi cinco millones de autores \u00fanicos que han generado 60 millones de comentarios -entre el 18 de octubre, el d\u00eda en que el gobierno invoc\u00f3 la Ley de Seguridad del Estado, y el 21 de noviembre- en referencia a la crisis social y pol\u00edtica que hoy cumple 64 d\u00edas. El texto establece que el 19,3% de los comentarios indagados por el gobierno est\u00e1 localizado fuera de Chile, lo que baj\u00f3 -dicen- luego de \u201cla marcha del mill\u00f3n\u201d. Se identifican cinco grupos o comunidades de opini\u00f3n e influencia, dos de ellas formadas por autores internacionales. Se distinguen quienes est\u00e1n a favor de las movilizaciones y que critican al gobierno. En ellos se destacan el canal de televisi\u00f3n ruso \u201cActualidad RT\u201d y la venezolana TeleSur, quienes comienzan a impactar en las conversaciones de redes sociales desde el 19 de octubre en adelante. A estos se suman -seg\u00fan este an\u00e1lisis- figuras del kirchnerismo y peronismo que desde Argentina cuestionan el modelo econ\u00f3mico chileno por generar desigualdad. Entre las personalidades mencionan al cantante espa\u00f1ol Ismael Serrano y el actor argentino-espa\u00f1ol Juan Diego Botto. Les atribuyen compartir, adem\u00e1s, videos sobre la violencia de Carabineros y el Ej\u00e9rcito acompa\u00f1ados de datos de heridos y muertos. Entre las fotograf\u00edas adjuntas aparece una imagen de un video del artista Residente y textos en ingl\u00e9s bajo el hashtag #ChileViolatesHumanRights.<\/p>\n<p>Un segundo grupo de estudio fueron las cuentas internacionales que no apoyan las movilizaciones. Aunque se hace la salvedad de que estas no logran la magnitud y el alcance de las que son cr\u00edticas con el gobierno de Sebasti\u00e1n Pi\u00f1era. Ah\u00ed se detectan usuarios de Venezuela, Argentina, M\u00e9xico y Espa\u00f1a. Son autores que cuestionan a los partidos de izquierda chilena por no condenar la violencia, apoyan el actuar y medidas impulsadas por el Presidente Pi\u00f1era y apuntan a datos que demuestran que la desigualdad en Chile ha disminuido en los \u00faltimos 20 a\u00f1os. Son cuentas que aluden a la supuesta \u201cinjerencia en disturbios\u201d de integrantes del Partido Socialista Unido de Venezuela y del Servicio Bolivariano de Inteligencia Nacional, adem\u00e1s de \u201cpersonas con credenciales diplom\u00e1ticas\u201d. Entre los autores de este grupo -destaca el an\u00e1lisis entregado a la fiscal\u00eda- est\u00e1n los periodistas Jorge Lanata (Argentina) y Madelyn Palmar (Venezuela), la exdiputada venezolana Mar\u00eda Corina Machado y la exministra de Seguridad del gobierno de Mauricio Macri, Patricia Bullrich.<\/p>\n<p>Un tercer grupo de la big data del gobierno son los j\u00f3venes. Es el grupo m\u00e1s elevado, seg\u00fan el an\u00e1lisis, y que anima la movilizaci\u00f3n, provocando m\u00e1s de cuatro millones de retuits entre el 18 y el 25 de octubre. Antes del estallido registraban bajas referencias a asuntos pol\u00edticos y sociales. \u201cSon aficionados al K-Pop\u201d, es una de las caracter\u00edsticas que destaca el documento y tienen pocos seguidores (menos de cinco mil). En su narrativa analizada, est\u00e1 el darles a estas movilizaciones un car\u00e1cter hist\u00f3rico y enfocan sus cuestionamientos al gobierno en la cifra de muertos, violaciones a los derechos humanos, protestan contra los medios por su \u201csilencio\u201d y por el bloqueo de sus cuentas. Est\u00e1n \u201caltamente influenciados\u201d -dice el documento- por medios digitales y webside como \u201cPiensa Prensa\u201d y ChileOkulto\u201d. Este grupo es quien -seg\u00fan el estudio- \u201cridiculiza\u201d y trata con tono ir\u00f3nico el que detr\u00e1s de este estallido social est\u00e9 Nicol\u00e1s Maduro. En este grupo se destaca como los m\u00e1s influyentes a la cantante chilena Mon Laferte y a la joven comediante Paola Molina.<\/p>\n<p>Tambi\u00e9n se describe un cuarto grupo que tiene un alto impacto por su cantidad de seguidores y mencionan la desigualdades como el motor de las movilizaciones. Los principales articuladores, seg\u00fan esta investigaci\u00f3n, del discurso contra Pi\u00f1era. Cuentan con seis millones de comentarios y 83,2% de retuits. Dentro de estas personalidades, comentan quienes conocen el estudio, est\u00e1n los seleccionados nacionales Claudio Bravo y Gary Medel, pol\u00edticos del Partido Comunista y el Frente Amplio (Pamela Jiles, Camila Vallejo, Karol Cariola y Beatriz S\u00e1nchez) e incluye cuentas de tuiter de periodistas de radio y televisi\u00f3n con alta influencia en redes sociales. Tambi\u00e9n destaca la presencia de un \u201cactivista\u201d: la cuenta \u201cVagabundo Ilustrado\u201d.<\/p>\n<p>Por \u00faltimo, est\u00e1 el grupo que defiende al gobierno y al modelo chileno. Se trata de cuentas que interact\u00faan en el pa\u00eds. Durante el periodo analizado por el gobierno registraron casi dos millones de comentarios, destac\u00e1ndose tener un impacto mucho menor que las comunidades que critican a La Moneda. Est\u00e1 liderada por perfiles de gobierno. Entre los pol\u00edticos est\u00e1n Jos\u00e9 Antonio Kast y Karla Rubilar, y como principales narrativas est\u00e1n el orden p\u00fablico y la comparaci\u00f3n de la gesti\u00f3n econ\u00f3mica actual con el gobierno anterior de Michelle Bachelet. Acusan activamente a pol\u00edticos de izquierda por no condenar la violencia, instalan dudas sobre quienes son los responsables de los actos violentos y critican a los \u201cpopulismos socialistas\u201d que desestabilizan Latinoam\u00e9rica. Dentro de los m\u00e1s influyentes est\u00e1 la cuenta de la activista \u201cMarcela Republicana\u201d, el Ej\u00e9rcito de Chile, la cuenta de Carabineros y la de Teresa Marinovic.<\/p>\n<p>En la informaci\u00f3n entregada al Ministerio P\u00fablico por el gobierno tambi\u00e9n se incluye la actividad de \u201cbots o usuarios con actividad an\u00f3mala\u201d. Se identificaron m\u00e1s de 11 mil de estos usuarios, 241 de ellos generan 194 comentarios al d\u00eda. La mayor\u00eda son cuentas creadas poscrisis y el 52% proviene de la comunidad joven.<\/p>\n<p>Dentro de los antecedentes, adem\u00e1s, se incluye como relevante que varios de los grupos en Facebook en que se organizan manifestaciones est\u00e1n creados desde el extranjero, como el evento \u201cProtesta por Chile en Londres\u201d y \u201cSupport Chile from Glasgow\u201d. Asimismo, se destaca que tras el estallido se crearon en telegram 86 grupos nuevos de difusi\u00f3n, 169 nuevos grupos en WhatsApp y 338 eventos nuevos en Facebook. En algunas de estas conversaciones, se explica, se insta a protestas.<\/p>\n<p>Ninguno de los antecedentes vertidos en las 112 p\u00e1ginas del gobierno tendr\u00eda por ahora un car\u00e1cter delictual. \u201cEnd of document\u201d, dice al final del texto de an\u00e1lisis de la big data.<\/p>\n<p>Fuente: <a href=\"https:\/\/www.latercera.com\/la-tercera-domingo\/noticia\/big-data-del-gobierno-los-detalles-del-informe-estallido-social-entrego-la-fiscalia\/947967\/\">La Tercera<\/a><\/p>\n","protected":false},"excerpt":{"rendered":"<p>Un an\u00e1lisis de 112 p\u00e1ginas resume el comportamiento de las redes sociales desde el 18 de octubre. Ah\u00ed se alzan teor\u00edas de la injerencia extranjeras en disturbios. Es la informaci\u00f3n que esta semana el ministerio del Interior entreg\u00f3 al Ministerio P\u00fablico. Ese domingo 20 de octubre, cuando el Presidente Sebasti\u00e1n Pi\u00f1era declar\u00f3 que \u201cestamos en [&hellip;]<\/p>\n","protected":false},"author":1,"featured_media":6566,"comment_status":"closed","ping_status":"closed","sticky":false,"template":"","format":"standard","meta":{"footnotes":""},"categories":[16,2],"tags":[],"class_list":["post-6563","post","type-post","status-publish","format-standard","has-post-thumbnail","hentry","category-internet","category-portada"],"_links":{"self":[{"href":"https:\/\/ciudadliberal.cl\/index.php?rest_route=\/wp\/v2\/posts\/6563","targetHints":{"allow":["GET"]}}],"collection":[{"href":"https:\/\/ciudadliberal.cl\/index.php?rest_route=\/wp\/v2\/posts"}],"about":[{"href":"https:\/\/ciudadliberal.cl\/index.php?rest_route=\/wp\/v2\/types\/post"}],"author":[{"embeddable":true,"href":"https:\/\/ciudadliberal.cl\/index.php?rest_route=\/wp\/v2\/users\/1"}],"replies":[{"embeddable":true,"href":"https:\/\/ciudadliberal.cl\/index.php?rest_route=%2Fwp%2Fv2%2Fcomments&post=6563"}],"version-history":[{"count":1,"href":"https:\/\/ciudadliberal.cl\/index.php?rest_route=\/wp\/v2\/posts\/6563\/revisions"}],"predecessor-version":[{"id":6564,"href":"https:\/\/ciudadliberal.cl\/index.php?rest_route=\/wp\/v2\/posts\/6563\/revisions\/6564"}],"wp:featuredmedia":[{"embeddable":true,"href":"https:\/\/ciudadliberal.cl\/index.php?rest_route=\/wp\/v2\/media\/6566"}],"wp:attachment":[{"href":"https:\/\/ciudadliberal.cl\/index.php?rest_route=%2Fwp%2Fv2%2Fmedia&parent=6563"}],"wp:term":[{"taxonomy":"category","embeddable":true,"href":"https:\/\/ciudadliberal.cl\/index.php?rest_route=%2Fwp%2Fv2%2Fcategories&post=6563"},{"taxonomy":"post_tag","embeddable":true,"href":"https:\/\/ciudadliberal.cl\/index.php?rest_route=%2Fwp%2Fv2%2Ftags&post=6563"}],"curies":[{"name":"wp","href":"https:\/\/api.w.org\/{rel}","templated":true}]}}