{"id":6557,"date":"2019-12-19T19:51:45","date_gmt":"2019-12-19T23:51:45","guid":{"rendered":"https:\/\/ciudadliberal.cl\/?p=6557"},"modified":"2019-12-19T19:51:45","modified_gmt":"2019-12-19T23:51:45","slug":"trudeau-y-johnson-reafirman-unidad-estrategica","status":"publish","type":"post","link":"https:\/\/ciudadliberal.cl\/?p=6557","title":{"rendered":"Trudeau y Johnson reafirman unidad estrat\u00e9gica"},"content":{"rendered":"<p>Ottawa, 18 dic (Prensa Latina) Los primeros ministros de Canad\u00e1, Justin Trudeau, y Reino Unido, Boris Johnson, reafirmaron sus compromisos de unidad estrat\u00e9gica para el trabajo conjunto en diferentes esferas, informa hoy un comunicado oficial.<\/p>\n<p>El premier canadiense v\u00eda telef\u00f3nica felicit\u00f3 a su hom\u00f3logo brit\u00e1nico por su reciente victoria electoral, momento en el que ambos renovaron votos de lealtad y unidad.<\/p>\n<p>Coincidieron los gobernantes en la necesidad de fortalecer la asociaci\u00f3n entre Canad\u00e1 y el Reino Unido para promover acciones frente a la crisis clim\u00e1tica.<\/p>\n<p>Los dos l\u00edderes prometieron, adem\u00e1s, fomentar nuevos lazos que incrementen las relaciones comerciales existentes y apoyar la educaci\u00f3n de la infancia a nivel global, agrega el texto.<\/p>\n<p>Canad\u00e1 y Reino Unido comparten prioridades en varios foros multilaterales con atenci\u00f3n prioritaria a los debates que les unen de forma estrat\u00e9gica, como la Commonwealth.<\/p>\n<p>Fuente: <a href=\"https:\/\/www.prensa-latina.cu\/index.php?o=rn&amp;id=329119&amp;SEO=trudeau-y-johnson-reafirman-unidad-estrategica\">Prensa Latina<\/a><\/p>\n","protected":false},"excerpt":{"rendered":"<p>Ottawa, 18 dic (Prensa Latina) Los primeros ministros de Canad\u00e1, Justin Trudeau, y Reino Unido, Boris Johnson, reafirmaron sus compromisos de unidad estrat\u00e9gica para el trabajo conjunto en diferentes esferas, informa hoy un comunicado oficial. El premier canadiense v\u00eda telef\u00f3nica felicit\u00f3 a su hom\u00f3logo brit\u00e1nico por su reciente victoria electoral, momento en el que ambos [&hellip;]<\/p>\n","protected":false},"author":1,"featured_media":6558,"comment_status":"closed","ping_status":"closed","sticky":false,"template":"","format":"standard","meta":{"footnotes":""},"categories":[14,2],"tags":[],"class_list":["post-6557","post","type-post","status-publish","format-standard","has-post-thumbnail","hentry","category-entertainment","category-portada"],"_links":{"self":[{"href":"https:\/\/ciudadliberal.cl\/index.php?rest_route=\/wp\/v2\/posts\/6557","targetHints":{"allow":["GET"]}}],"collection":[{"href":"https:\/\/ciudadliberal.cl\/index.php?rest_route=\/wp\/v2\/posts"}],"about":[{"href":"https:\/\/ciudadliberal.cl\/index.php?rest_route=\/wp\/v2\/types\/post"}],"author":[{"embeddable":true,"href":"https:\/\/ciudadliberal.cl\/index.php?rest_route=\/wp\/v2\/users\/1"}],"replies":[{"embeddable":true,"href":"https:\/\/ciudadliberal.cl\/index.php?rest_route=%2Fwp%2Fv2%2Fcomments&post=6557"}],"version-history":[{"count":1,"href":"https:\/\/ciudadliberal.cl\/index.php?rest_route=\/wp\/v2\/posts\/6557\/revisions"}],"predecessor-version":[{"id":6559,"href":"https:\/\/ciudadliberal.cl\/index.php?rest_route=\/wp\/v2\/posts\/6557\/revisions\/6559"}],"wp:featuredmedia":[{"embeddable":true,"href":"https:\/\/ciudadliberal.cl\/index.php?rest_route=\/wp\/v2\/media\/6558"}],"wp:attachment":[{"href":"https:\/\/ciudadliberal.cl\/index.php?rest_route=%2Fwp%2Fv2%2Fmedia&parent=6557"}],"wp:term":[{"taxonomy":"category","embeddable":true,"href":"https:\/\/ciudadliberal.cl\/index.php?rest_route=%2Fwp%2Fv2%2Fcategories&post=6557"},{"taxonomy":"post_tag","embeddable":true,"href":"https:\/\/ciudadliberal.cl\/index.php?rest_route=%2Fwp%2Fv2%2Ftags&post=6557"}],"curies":[{"name":"wp","href":"https:\/\/api.w.org\/{rel}","templated":true}]}}