{"id":6385,"date":"2019-11-07T22:34:25","date_gmt":"2019-11-08T02:34:25","guid":{"rendered":"https:\/\/ciudadliberal.cl\/?p=6385"},"modified":"2019-11-07T22:34:49","modified_gmt":"2019-11-08T02:34:49","slug":"diputados-as-de-constitucion-desarrollan-intenso-trabajo-por-nueva-constitucion-y-dietas","status":"publish","type":"post","link":"https:\/\/ciudadliberal.cl\/?p=6385","title":{"rendered":"Diputados\/as de Constituci\u00f3n desarrollan intenso trabajo por nueva Constituci\u00f3n y dietas"},"content":{"rendered":"<p>Mientras que el lunes y el martes el grupo se aboc\u00f3 al tema de la nueva Constituci\u00f3n y la forma de concretarla, este mi\u00e9rcoles abord\u00f3 la rebaja de las dietas parlamentarias. Se espera que el grupo parlamentario contin\u00fae su trabajo sobre el primer punto en la jornada de hoy.<\/p>\n<p>Una intensa agenda de sesiones ha venido desarrollando la Comisi\u00f3n de Constituci\u00f3n con el objeto de sacar adelante los proyectos de rebaja de la dieta parlamentaria y para consagrar una nueva Constituci\u00f3n Pol\u00edtica para Chile, fijando jornadas adicionales para dicho efecto, como la que se piensa concretar hoy y, probablemente el viernes y lunes pr\u00f3ximos.<\/p>\n<p>Ayer, el grupo se aboc\u00f3 preferentemente al tema de la dieta parlamentaria, donde se continu\u00f3 con la votaci\u00f3n en particular de la propuesta legal. El martes, en tanto, al igual como ocurri\u00f3 el lunes, el tema fue la nueva Constituci\u00f3n y la forma de concretarla, para lo cual cont\u00f3 con la participaci\u00f3n de los ministros del Interior, Gonzalo Blumel, y de la Secretar\u00eda General de la Presidencia, Felipe Ward.<\/p>\n<p>El ministro Blumel inici\u00f3 su exposici\u00f3n se\u00f1alando que lleg\u00f3 el momento de escuchar con humildad y subray\u00f3 que nunca se han cerrado al debate constitucional. En dicho sentido, dijo que deben definirse los mecanismos de participaci\u00f3n, escuchando a la ciudadan\u00eda, as\u00ed como revisar la legislaci\u00f3n comparada y la experiencia de otros pa\u00edses que han pasado por situaciones similares.<\/p>\n<p>Para el diputado Leonardo Soto (PS), la respuesta no respondi\u00f3 a lo esperado. \u201cYo cre\u00eda que a esta Comisi\u00f3n iba a venir el Gobierno, el ministro del Interior, que es la principal autoridad del gabinete con el ministro Segpres, a plantear la propuesta para salir de esta crisis. Sin embargo llegaron llenos de dudas. Con buena disposici\u00f3n, pero sin ninguna propuesta concreta y, por eso, le hemos dicho que estamos en un completo vac\u00edo de poder\u201d, sentenci\u00f3.<\/p>\n<p>El parlamentario a\u00f1adi\u00f3 que el debate sobre una nueva Constituci\u00f3n comenz\u00f3 el 81, es decir, 40 a\u00f1os en que se ha tratado de sustituir esta Constituci\u00f3n que naci\u00f3 en dictadura. \u201cEsto de que vengan que ahora queremos estudiar qu\u00e9 es lo que ha pasado en otras partes del mundo son maneras evasivas para evadir el problema\u201d, remarc\u00f3.<\/p>\n<p>En ese sentido, recalc\u00f3 que lo que es claro es que la ciudadan\u00eda tiene que resolver la nueva Constituci\u00f3n, que se le pida a todos los chilenos a trav\u00e9s de un plebiscito que vayan a votar en urna, de Arica a Magallanes, \u00absi quieren seguir con esta Constituci\u00f3n, que garantiza todos los problemas que habla la gente, o quieren una nueva donde se establezcan ah\u00ed mismo los mecanismos para poder elaborarla\u00bb.<\/p>\n<p>Oficialismo<\/p>\n<p>En tanto, el diputado Gonzalo Fuenzalida (RN) dijo que el Gobierno est\u00e1 abierto a debatir reformas a la Constituci\u00f3n, pero a trav\u00e9s de la actual institucionalidad.<\/p>\n<p>\u201cPrimero, el Gobierno est\u00e1 abierto a cambiar o reformar la Constituci\u00f3n y, en segundo lugar, lo que s\u00ed ha planteado es que el mecanismo para hacer eso tiene que ser discutido institucionalmente, \u00f3sea, a trav\u00e9s del Congreso\u201d, precis\u00f3.<\/p>\n<p>El parlamentario recalc\u00f3 que es este poder del Estado el que debe votar finalmente cu\u00e1l es el mecanismo para cambiar o hacer una nueva Constituci\u00f3n, distinto a los que hoy d\u00eda se contemplan.<\/p>\n<p>\u201cLo responsable es tener un debate con un poco de profundidad. Yo entiendo la premura, pero tambi\u00e9n tengo mis dudas que, finalmente, el cambio de una Constituci\u00f3n va hacer la soluci\u00f3n a todos los problemas. Yo creo que puede ser una de las soluciones, pero hay m\u00e1s tambi\u00e9n, entonces, no darse el tiempo para debatir y escuchar legislaciones comparadas, por ejemplo, es un poco irresponsable\u201d, plante\u00f3.<\/p>\n<p>Cabe recordar que la Comisi\u00f3n de Constituci\u00f3n aprob\u00f3 el pasado lunes, en general, un total de seis proyectos de reforma constitucional que proponen iniciar un proceso constituyente, decidir si cambiar o no la Constituci\u00f3n y bajo qu\u00e9 mecanismo.<\/p>\n<p>Fuente: <a href=\"https:\/\/www.camara.cl\/prensa\/noticias_detalle.aspx?prmid=138351\">C\u00e1mara de Diputados<\/a><\/p>\n","protected":false},"excerpt":{"rendered":"<p>Mientras que el lunes y el martes el grupo se aboc\u00f3 al tema de la nueva Constituci\u00f3n y la forma de concretarla, este mi\u00e9rcoles abord\u00f3 la rebaja de las dietas parlamentarias. Se espera que el grupo parlamentario contin\u00fae su trabajo sobre el primer punto en la jornada de hoy. Una intensa agenda de sesiones ha [&hellip;]<\/p>\n","protected":false},"author":1,"featured_media":6386,"comment_status":"closed","ping_status":"closed","sticky":false,"template":"","format":"standard","meta":{"footnotes":""},"categories":[16,2,1],"tags":[],"class_list":["post-6385","post","type-post","status-publish","format-standard","has-post-thumbnail","hentry","category-internet","category-portada","category-sociedad-plural"],"_links":{"self":[{"href":"https:\/\/ciudadliberal.cl\/index.php?rest_route=\/wp\/v2\/posts\/6385","targetHints":{"allow":["GET"]}}],"collection":[{"href":"https:\/\/ciudadliberal.cl\/index.php?rest_route=\/wp\/v2\/posts"}],"about":[{"href":"https:\/\/ciudadliberal.cl\/index.php?rest_route=\/wp\/v2\/types\/post"}],"author":[{"embeddable":true,"href":"https:\/\/ciudadliberal.cl\/index.php?rest_route=\/wp\/v2\/users\/1"}],"replies":[{"embeddable":true,"href":"https:\/\/ciudadliberal.cl\/index.php?rest_route=%2Fwp%2Fv2%2Fcomments&post=6385"}],"version-history":[{"count":1,"href":"https:\/\/ciudadliberal.cl\/index.php?rest_route=\/wp\/v2\/posts\/6385\/revisions"}],"predecessor-version":[{"id":6387,"href":"https:\/\/ciudadliberal.cl\/index.php?rest_route=\/wp\/v2\/posts\/6385\/revisions\/6387"}],"wp:featuredmedia":[{"embeddable":true,"href":"https:\/\/ciudadliberal.cl\/index.php?rest_route=\/wp\/v2\/media\/6386"}],"wp:attachment":[{"href":"https:\/\/ciudadliberal.cl\/index.php?rest_route=%2Fwp%2Fv2%2Fmedia&parent=6385"}],"wp:term":[{"taxonomy":"category","embeddable":true,"href":"https:\/\/ciudadliberal.cl\/index.php?rest_route=%2Fwp%2Fv2%2Fcategories&post=6385"},{"taxonomy":"post_tag","embeddable":true,"href":"https:\/\/ciudadliberal.cl\/index.php?rest_route=%2Fwp%2Fv2%2Ftags&post=6385"}],"curies":[{"name":"wp","href":"https:\/\/api.w.org\/{rel}","templated":true}]}}