{"id":6382,"date":"2019-11-07T11:50:33","date_gmt":"2019-11-07T15:50:33","guid":{"rendered":"https:\/\/ciudadliberal.cl\/?p=6382"},"modified":"2019-11-07T11:50:33","modified_gmt":"2019-11-07T15:50:33","slug":"comision-de-constitucion-aprobo-que-el-banco-central-fije-montos-de-dietas-parlamentarias","status":"publish","type":"post","link":"https:\/\/ciudadliberal.cl\/?p=6382","title":{"rendered":"Comisi\u00f3n de Constituci\u00f3n aprob\u00f3 que el Banco Central fije montos de dietas parlamentarias"},"content":{"rendered":"<p>La instancia continu\u00f3 con la votaci\u00f3n de las diferentes propuestas de reforma constitucional, para fijar un nuevo procedimiento de fijaci\u00f3n de la dieta parlamentaria y de las rentas de las autoridades del pa\u00eds.<\/p>\n<p>La Comisi\u00f3n de Constituci\u00f3n continu\u00f3 con la votaci\u00f3n en particular de las cinco diferentes propuestas de reforma constitucional que tienen como objetivo reducir el monto de la dieta parlamentaria y de los sueldos de altas autoridades del Estado.<\/p>\n<p>En concreto, la Comisi\u00f3n aprob\u00f3 por unanimidad derogar el art\u00edculo 62 de la Constituci\u00f3n Pol\u00edtica, que establece actualmente que \u201clos diputados y senadores percibir\u00e1n como \u00fanica renta una dieta equivalente a la remuneraci\u00f3n de un Ministro de Estado, incluidas todas las asignaciones que a estos correspondan\u201d.<\/p>\n<p>En su reemplazo, aprob\u00f3 establecer que sea el Banco Central, como organismo aut\u00f3nomo, el encargado de fijar las remuneraciones y dietas de las autoridades y jefaturas de servicios, comprendidos en los art\u00edculos de los cap\u00edtulos IV, V, VI, VII, VIII, IX, X, XI, XII, XIV, que corresponden, adem\u00e1s del Congreso Nacional, al Poder Judicial, Ministerio P\u00fablico, Tribunal Constitucional, Justicia Electoral, Contralor\u00eda General de la Rep\u00fablica, Fuerzas Armadas y de Orden y Seguridad, Consejo de Seguridad Nacional, administraci\u00f3n del Estado, empresas y universidades del Estado.<\/p>\n<p>Para ello, se mandata al Presidente de la Rep\u00fablica a enviar, en un plazo de 30 d\u00edas, el proyecto de modificaci\u00f3n de la ley org\u00e1nica del Banco Central para fijar esta nueva funci\u00f3n y similar plazo para que dicha enmienda sea despachada por el Congreso Nacional.<\/p>\n<p>Adem\u00e1s, la propuesta legal tambi\u00e9n se\u00f1ala que ning\u00fan funcionario de planta, contrata ni dotaci\u00f3n a honorarios que ejerza funciones dentro de los \u00f3rganos comprendidos en los citados cap\u00edtulos podr\u00e1 percibir una remuneraci\u00f3n mayor a la que ser\u00e1 establecida para sus respectivas autoridades.<\/p>\n<p>La comisi\u00f3n dej\u00f3 pendiente la discusi\u00f3n de propuestas parlamentarias en relaci\u00f3n a criterios y plazos para la fijaci\u00f3n de esta nueva remuneraci\u00f3n, entre otros puntos.<\/p>\n<p>Fuente: <a href=\"https:\/\/www.camara.cl\/prensa\/noticias_detalle.aspx?prmid=138350\">C\u00e1mara de Diputados<\/a><\/p>\n","protected":false},"excerpt":{"rendered":"<p>La instancia continu\u00f3 con la votaci\u00f3n de las diferentes propuestas de reforma constitucional, para fijar un nuevo procedimiento de fijaci\u00f3n de la dieta parlamentaria y de las rentas de las autoridades del pa\u00eds. La Comisi\u00f3n de Constituci\u00f3n continu\u00f3 con la votaci\u00f3n en particular de las cinco diferentes propuestas de reforma constitucional que tienen como objetivo [&hellip;]<\/p>\n","protected":false},"author":1,"featured_media":6383,"comment_status":"closed","ping_status":"closed","sticky":false,"template":"","format":"standard","meta":{"footnotes":""},"categories":[16,2],"tags":[],"class_list":["post-6382","post","type-post","status-publish","format-standard","has-post-thumbnail","hentry","category-internet","category-portada"],"_links":{"self":[{"href":"https:\/\/ciudadliberal.cl\/index.php?rest_route=\/wp\/v2\/posts\/6382","targetHints":{"allow":["GET"]}}],"collection":[{"href":"https:\/\/ciudadliberal.cl\/index.php?rest_route=\/wp\/v2\/posts"}],"about":[{"href":"https:\/\/ciudadliberal.cl\/index.php?rest_route=\/wp\/v2\/types\/post"}],"author":[{"embeddable":true,"href":"https:\/\/ciudadliberal.cl\/index.php?rest_route=\/wp\/v2\/users\/1"}],"replies":[{"embeddable":true,"href":"https:\/\/ciudadliberal.cl\/index.php?rest_route=%2Fwp%2Fv2%2Fcomments&post=6382"}],"version-history":[{"count":1,"href":"https:\/\/ciudadliberal.cl\/index.php?rest_route=\/wp\/v2\/posts\/6382\/revisions"}],"predecessor-version":[{"id":6384,"href":"https:\/\/ciudadliberal.cl\/index.php?rest_route=\/wp\/v2\/posts\/6382\/revisions\/6384"}],"wp:featuredmedia":[{"embeddable":true,"href":"https:\/\/ciudadliberal.cl\/index.php?rest_route=\/wp\/v2\/media\/6383"}],"wp:attachment":[{"href":"https:\/\/ciudadliberal.cl\/index.php?rest_route=%2Fwp%2Fv2%2Fmedia&parent=6382"}],"wp:term":[{"taxonomy":"category","embeddable":true,"href":"https:\/\/ciudadliberal.cl\/index.php?rest_route=%2Fwp%2Fv2%2Fcategories&post=6382"},{"taxonomy":"post_tag","embeddable":true,"href":"https:\/\/ciudadliberal.cl\/index.php?rest_route=%2Fwp%2Fv2%2Ftags&post=6382"}],"curies":[{"name":"wp","href":"https:\/\/api.w.org\/{rel}","templated":true}]}}