{"id":6313,"date":"2019-10-29T13:41:32","date_gmt":"2019-10-29T17:41:32","guid":{"rendered":"https:\/\/ciudadliberal.cl\/?p=6313"},"modified":"2019-10-29T13:41:32","modified_gmt":"2019-10-29T17:41:32","slug":"indh-suma-120-acciones-legales-por-violaciones-a-los-derechos-humanos-durante-la-crisis","status":"publish","type":"post","link":"https:\/\/ciudadliberal.cl\/?p=6313","title":{"rendered":"INDH suma 120 acciones legales por violaciones a los derechos humanos durante la crisis"},"content":{"rendered":"<p>En total, se han presentado 18 querellas por violencia sexual de agentes del Estado. Hay 94 denuncias por tortura.<\/p>\n<p>El Instituto Nacional de Derechos Humanos (INDH) inform\u00f3 este lunes que se alcanz\u00f3 un total de 120 acciones legales presentadas ante la Justicia por las presuntas violaciones a los derechos humanos registradas en Chile desde el viernes 17 octubre, cuando se iniciaron las protestas en el pa\u00eds.<\/p>\n<p>Seg\u00fan el desglose del organismo, 106 de las acciones corresponden a querellas de distinto tipo: cinco son por homicidio cometidos por agentes del Estado y 94 son por tortura, de las cuales 18 tienen una con connotaci\u00f3n sexual. \u00abEsa es la gravedad de la situaci\u00f3n\u00bb, advirti\u00f3 Rodrigo Bustos, jefe jur\u00eddico del INDH.<\/p>\n<p>Bustos enfatiz\u00f3 que \u00abaqu\u00ed ha habido graves violaciones de derechos humanos\u00bb. Hasta las 21.30 horas del lunes, el INDH constat\u00f3 3.535 personas detenidas desde el 17 de octubre.<\/p>\n<p>La mayor\u00eda de los detenidos son hombres adultos (2.441), adem\u00e1s de 593 mujeres y 375 menores, aunque hubo casos que no pudieron ser constatados el sexo y edad de los apresados, seg\u00fan se\u00f1al\u00f3 el INDH.<\/p>\n<p>En cuanto a los heridos, el organismo de derechos humanos contabiliza 1.132 personas v\u00edctimas no mortales desde el jueves 17.<\/p>\n<p>En un a\u00f1o normal -como 2018-, el INDH present\u00f3 80 querellas por tortura. S\u00f3lo en estos \u00faltimos 10 d\u00edas, el INDH ha presentado 94 querellas por tortura.<\/p>\n<p>La observaci\u00f3n del INDH se ha llevado a cabo a trav\u00e9s de la constataci\u00f3n directa que hacen sus funcionarios en centros de salud, comisar\u00edas, y manifestaciones.<\/p>\n<p>El INDH public\u00f3 el catastro de acciones judiciales tras una reuni\u00f3n con un equipo especial de crisis de Amnist\u00eda Internacional, que est\u00e1 en el pa\u00eds para esclarecer casos de vulneraciones a los derechos fundamentales.<\/p>\n<p>El s\u00e1bado, el INDH ofici\u00f3 al Servicio M\u00e9dico Legal (SML) y al Ministerio P\u00fablico para aclarar las cifras de personas fallecidas desde que se aplic\u00f3 el estado de excepci\u00f3n constitucional en el pa\u00eds.<\/p>\n<p>Fuente: <a href=\"https:\/\/www.cooperativa.cl\/noticias\/pais\/manifestaciones\/indh-suma-120-acciones-legales-por-violaciones-a-los-derechos-humanos\/2019-10-29\/040851.html\">Cooperativa<\/a><\/p>\n","protected":false},"excerpt":{"rendered":"<p>En total, se han presentado 18 querellas por violencia sexual de agentes del Estado. Hay 94 denuncias por tortura. El Instituto Nacional de Derechos Humanos (INDH) inform\u00f3 este lunes que se alcanz\u00f3 un total de 120 acciones legales presentadas ante la Justicia por las presuntas violaciones a los derechos humanos registradas en Chile desde el [&hellip;]<\/p>\n","protected":false},"author":1,"featured_media":6314,"comment_status":"closed","ping_status":"closed","sticky":false,"template":"","format":"standard","meta":{"footnotes":""},"categories":[184,16,2],"tags":[],"class_list":["post-6313","post","type-post","status-publish","format-standard","has-post-thumbnail","hentry","category-derechos-humanos","category-internet","category-portada"],"_links":{"self":[{"href":"https:\/\/ciudadliberal.cl\/index.php?rest_route=\/wp\/v2\/posts\/6313","targetHints":{"allow":["GET"]}}],"collection":[{"href":"https:\/\/ciudadliberal.cl\/index.php?rest_route=\/wp\/v2\/posts"}],"about":[{"href":"https:\/\/ciudadliberal.cl\/index.php?rest_route=\/wp\/v2\/types\/post"}],"author":[{"embeddable":true,"href":"https:\/\/ciudadliberal.cl\/index.php?rest_route=\/wp\/v2\/users\/1"}],"replies":[{"embeddable":true,"href":"https:\/\/ciudadliberal.cl\/index.php?rest_route=%2Fwp%2Fv2%2Fcomments&post=6313"}],"version-history":[{"count":1,"href":"https:\/\/ciudadliberal.cl\/index.php?rest_route=\/wp\/v2\/posts\/6313\/revisions"}],"predecessor-version":[{"id":6315,"href":"https:\/\/ciudadliberal.cl\/index.php?rest_route=\/wp\/v2\/posts\/6313\/revisions\/6315"}],"wp:featuredmedia":[{"embeddable":true,"href":"https:\/\/ciudadliberal.cl\/index.php?rest_route=\/wp\/v2\/media\/6314"}],"wp:attachment":[{"href":"https:\/\/ciudadliberal.cl\/index.php?rest_route=%2Fwp%2Fv2%2Fmedia&parent=6313"}],"wp:term":[{"taxonomy":"category","embeddable":true,"href":"https:\/\/ciudadliberal.cl\/index.php?rest_route=%2Fwp%2Fv2%2Fcategories&post=6313"},{"taxonomy":"post_tag","embeddable":true,"href":"https:\/\/ciudadliberal.cl\/index.php?rest_route=%2Fwp%2Fv2%2Ftags&post=6313"}],"curies":[{"name":"wp","href":"https:\/\/api.w.org\/{rel}","templated":true}]}}